{"id":187174,"date":"2025-11-18T13:39:10","date_gmt":"2025-11-18T13:39:10","guid":{"rendered":"https:\/\/www.europesays.com\/ie\/187174\/"},"modified":"2025-11-18T13:39:10","modified_gmt":"2025-11-18T13:39:10","slug":"tributes-pour-in-for-wexford-couple-who-died-hours-apart-in-different-hospitals-theres-comfort-in-knowing-they-are-together","status":"publish","type":"post","link":"https:\/\/www.europesays.com\/ie\/187174\/","title":{"rendered":"Tributes pour in for Wexford couple who died hours apart in different hospitals \u2013 \u2018There\u2019s comfort in knowing they are together\u2019"},"content":{"rendered":"<p class=\"indo-ebe0ecc6_root indo-ebe0ecc6_paragraph indo-300db776_none indo-91174671_primary indo-1d70522a_marginbottom5 indo-1d70522a_margintop0 indo-b48c4984_inherit\" style=\"color:var(--color-primary-80)\">Pat passed away peacefully during the night in Gorey District Hospital, while hours later his wife Bridget died in St Vincent&#8217;s Hospital ICU.<\/p>\n<p class=\"indo-ebe0ecc6_root indo-ebe0ecc6_paragraph indo-300db776_none indo-91174671_primary indo-1d70522a_marginbottom5 indo-1d70522a_margintop0 indo-b48c4984_inherit\" style=\"color:var(--color-primary-80)\">In the days since their passing, both have been remembered as members of the community who gave back as much as they could, whether through charity work, community events, or their involvement with the church.<\/p>\n<p class=\"indo-ebe0ecc6_root indo-ebe0ecc6_paragraph indo-300db776_none indo-91174671_primary indo-1d70522a_marginbottom5 indo-1d70522a_margintop0 indo-b48c4984_inherit\" style=\"color:var(--color-primary-80)\">Having been involved heavily in the local Gorey Saint Vincent de Paul branch, the charity highlighted the real impact they made on the community, leaving the world in a better state.<\/p>\n<p class=\"indo-ebe0ecc6_root indo-ebe0ecc6_paragraph indo-300db776_none indo-91174671_primary indo-1d70522a_marginbottom5 indo-1d70522a_margintop0 indo-b48c4984_inherit\" style=\"color:var(--color-primary-80)\">&#8220;Pat and Bridget were valued members of our Society. They went above and beyond in their work. They will be dearly missed by all of us,\u201d they said.<\/p>\n<p class=\"indo-ebe0ecc6_root indo-ebe0ecc6_paragraph indo-300db776_none indo-91174671_primary indo-1d70522a_marginbottom5 indo-1d70522a_margintop0 indo-b48c4984_inherit\" style=\"color:var(--color-primary-80)\">Bridget was also a much loved member of the Silvertones Choir in Enniscorthy, with Pat being a big supporter by attending their events.<\/p>\n<p class=\"indo-ebe0ecc6_root indo-ebe0ecc6_paragraph indo-300db776_none indo-91174671_primary indo-1d70522a_marginbottom5 indo-1d70522a_margintop0 indo-b48c4984_inherit\" style=\"color:var(--color-primary-80)\">A small tribute was also posted by Scoil U\u00ed Chonaill in Dublin, as their son Pat Jr. is the lead coach of their U10s boys team with their grandson Liam playing on both the school&#8217;s hurling and football teams.<\/p>\n<p class=\"indo-ebe0ecc6_root indo-ebe0ecc6_paragraph indo-300db776_none indo-91174671_primary indo-1d70522a_marginbottom5 indo-1d70522a_margintop0 indo-b48c4984_inherit\" style=\"color:var(--color-primary-80)\">Taking to social media and RIP.ie, loved ones and neighbours spoke of their loving marriage and how one was rarely seen without the other.<\/p>\n<p class=\"indo-ebe0ecc6_root indo-ebe0ecc6_paragraph indo-300db776_none indo-91174671_primary indo-1d70522a_marginbottom5 indo-1d70522a_margintop0 indo-b48c4984_inherit\" style=\"color:var(--color-primary-80)\">One mourner wrote: \u201cShocked to hear the sad news. Pat and Bridie were an exemplary couple. They will be sorely missed in the neighbourhood. May all the good works that they did on earth be kindly rewarded to them in their heavenly home.\u201d<\/p>\n<p class=\"indo-ebe0ecc6_root indo-ebe0ecc6_paragraph indo-300db776_none indo-91174671_primary indo-1d70522a_marginbottom5 indo-1d70522a_margintop0 indo-b48c4984_inherit\" style=\"color:var(--color-primary-80)\">Another wrote: \u201cBridget was an amazing woman who had a big impact on my life during her time as a support worker with the HSE. She was a source of comfort and support and i was so very fond of her. I think of her almost every day. She spoke of you all and it was clear she had a life full of joy and love.\u201d<\/p>\n<p class=\"indo-ebe0ecc6_root indo-ebe0ecc6_paragraph indo-300db776_none indo-91174671_primary indo-1d70522a_marginbottom5 indo-1d70522a_margintop0 indo-b48c4984_inherit\" style=\"color:var(--color-primary-80)\">Another comment read: \u201cI have fond memories of working with your dad for a summer when I was a school kid. What stands out was his integrity and the courtesy he showed to both me and his customers.\u201d<\/p>\n<p class=\"indo-ebe0ecc6_root indo-ebe0ecc6_paragraph indo-300db776_none indo-91174671_primary indo-1d70522a_marginbottom5 indo-1d70522a_margintop0 indo-b48c4984_inherit\" style=\"color:var(--color-primary-80)\">A further tribute read: &#8220;There\u2019s comfort in knowing that they are together and never faced the heartbreak of being apart.\u201d<\/p>\n<p class=\"indo-ebe0ecc6_root indo-ebe0ecc6_paragraph indo-300db776_none indo-91174671_primary indo-1d70522a_marginbottom5 indo-1d70522a_margintop0 indo-b48c4984_inherit\" style=\"color:var(--color-primary-80)\">Another tribute read: \u201cA nicer and more decent couple it would be hard to find. How fitting that such a devoted couple should pass together.\u201d<\/p>\n<p class=\"indo-ebe0ecc6_root indo-ebe0ecc6_paragraph indo-300db776_none indo-91174671_primary indo-1d70522a_marginbottom5 indo-1d70522a_margintop0 indo-b48c4984_inherit\" style=\"color:var(--color-primary-80)\">Their joint funeral is set to take place on Saturday, November 22 in St Kevin\u2019s Church, Tara Hill.<\/p>\n<p class=\"indo-ebe0ecc6_root indo-ebe0ecc6_paragraph indo-300db776_none indo-91174671_primary indo-1d70522a_marginbottom5 indo-1d70522a_margintop0 indo-b48c4984_inherit\" style=\"color:var(--color-primary-80)\">Pre-deceased by their daughter Marianne, they will be sadly missed by their children Paul, Jenny and Patrick, their grandchildren Becki, Conor, Ashley, Beth, A\u00edlbh\u00e9, Liam, Ao\u00edbh\u00edn and Teddy.<\/p>\n<p class=\"indo-ebe0ecc6_root indo-ebe0ecc6_paragraph indo-300db776_none indo-91174671_primary indo-1d70522a_marginbottom5 indo-1d70522a_margintop0 indo-b48c4984_inherit\" style=\"color:var(--color-primary-80)\">They will also be greatly missed by Bridget&#8217;s brother Tommy and his wife Ann and sister of the late Ann, Liz, Carmel, John, Michael and Patrick, Pat&#8217;s brother James and his wife Agatha and brother of the late Michael, George, Paul and their families, daughters-in-law Hilary and Aoife, son-in-law Colin, brothers-in-law, sisters-in-law, nephews, nieces, extended family, relatives, neighbours and a wide circle of friends.<\/p>\n","protected":false},"excerpt":{"rendered":"Pat passed away peacefully during the night in Gorey District Hospital, while hours later his wife Bridget died&hellip;\n","protected":false},"author":2,"featured_media":187175,"comment_status":"","ping_status":"","sticky":false,"template":"","format":"standard","meta":{"footnotes":""},"categories":[40],"tags":[9,10,18,13,14,6,19,17,11,12,15,16,5,4751,7,8],"class_list":{"0":"post-187174","1":"post","2":"type-post","3":"status-publish","4":"format-standard","5":"has-post-thumbnail","7":"category-ireland","8":"tag-breaking-news","9":"tag-breakingnews","10":"tag-eire","11":"tag-featured-news","12":"tag-featurednews","13":"tag-headlines","14":"tag-ie","15":"tag-ireland","16":"tag-latest-news","17":"tag-latestnews","18":"tag-main-news","19":"tag-mainnews","20":"tag-news","21":"tag-rachel-cahill","22":"tag-top-stories","23":"tag-topstories"},"share_on_mastodon":{"url":"https:\/\/pubeurope.com\/@ie\/115570983886658783","error":""},"_links":{"self":[{"href":"https:\/\/www.europesays.com\/ie\/wp-json\/wp\/v2\/posts\/187174","targetHints":{"allow":["GET"]}}],"collection":[{"href":"https:\/\/www.europesays.com\/ie\/wp-json\/wp\/v2\/posts"}],"about":[{"href":"https:\/\/www.europesays.com\/ie\/wp-json\/wp\/v2\/types\/post"}],"author":[{"embeddable":true,"href":"https:\/\/www.europesays.com\/ie\/wp-json\/wp\/v2\/users\/2"}],"replies":[{"embeddable":true,"href":"https:\/\/www.europesays.com\/ie\/wp-json\/wp\/v2\/comments?post=187174"}],"version-history":[{"count":0,"href":"https:\/\/www.europesays.com\/ie\/wp-json\/wp\/v2\/posts\/187174\/revisions"}],"wp:featuredmedia":[{"embeddable":true,"href":"https:\/\/www.europesays.com\/ie\/wp-json\/wp\/v2\/media\/187175"}],"wp:attachment":[{"href":"https:\/\/www.europesays.com\/ie\/wp-json\/wp\/v2\/media?parent=187174"}],"wp:term":[{"taxonomy":"category","embeddable":true,"href":"https:\/\/www.europesays.com\/ie\/wp-json\/wp\/v2\/categories?post=187174"},{"taxonomy":"post_tag","embeddable":true,"href":"https:\/\/www.europesays.com\/ie\/wp-json\/wp\/v2\/tags?post=187174"}],"curies":[{"name":"wp","href":"https:\/\/api.w.org\/{rel}","templated":true}]}}