{"id":188185,"date":"2025-11-19T02:29:11","date_gmt":"2025-11-19T02:29:11","guid":{"rendered":"https:\/\/www.europesays.com\/ie\/188185\/"},"modified":"2025-11-19T02:29:11","modified_gmt":"2025-11-19T02:29:11","slug":"ivan-yates-flabbergasted-at-attention-on-media-training-activities-committee-to-hear-the-irish-times","status":"publish","type":"post","link":"https:\/\/www.europesays.com\/ie\/188185\/","title":{"rendered":"Ivan Yates \u2018flabbergasted\u2019 at attention on media training activities, committee to hear \u2013 The Irish Times"},"content":{"rendered":"<p class=\"c-paragraph paywall \">Pundit and former politician <a href=\"https:\/\/www.irishtimes.com\/tags\/ivan-yates\/\" target=\"_blank\" rel=\"noreferrer nofollow noopener\" title=\"https:\/\/www.irishtimes.com\/tags\/ivan-yates\/\">Ivan Yates<\/a> will tell TDs and Senators he is \u201cflabbergasted\u201d at the amount of attention on his media training activities and will defend his work, stating he has \u201calways acted in good faith\u201d in various roles. <\/p>\n<p class=\"c-paragraph paywall \">Mr Yates has been at the centre of controversy for working as a political commentator during the <a href=\"https:\/\/www.irishtimes.com\/presidential-election\/\" target=\"_blank\" rel=\"noreferrer nofollow noopener\" title=\"https:\/\/www.irishtimes.com\/presidential-election\/\">presidential election<\/a> campaign after providing media training to <a href=\"https:\/\/www.irishtimes.com\/tags\/fianna-fail\" target=\"_blank\" rel=\"noreferrer nofollow noopener\" title=\"https:\/\/www.irishtimes.com\/tags\/fianna-fail\">Fianna F\u00e1il<\/a> candidate <a href=\"https:\/\/www.irishtimes.com\/tags\/jim-gavin\/\" target=\"_blank\" rel=\"noreferrer nofollow noopener\" title=\"https:\/\/www.irishtimes.com\/tags\/jim-gavin\/\">Jim Gavin<\/a>, an involvement he never disclosed.<\/p>\n<p class=\"c-paragraph paywall \">Mr Yates also provided media training to other Fianna F\u00e1il politicians in recent years.<\/p>\n<p class=\"c-paragraph paywall \">Last week the former <a href=\"https:\/\/www.irishtimes.com\/tags\/fine-gael\" target=\"_blank\" rel=\"noreferrer nofollow noopener\" title=\"https:\/\/www.irishtimes.com\/tags\/fine-gael\">Fine Gael<\/a> minister told RT\u00c9 Radio he \u201cbroke no rules and I have done nothing wrong in my mind\u201d.<\/p>\n<p class=\"c-paragraph paywall \">Mr Yates said he had an \u201ciron and enduring rule of client confidentiality\u201d, which prevented him from disclosing his involvement with Mr Gavin.<\/p>\n<p class=\"c-paragraph paywall \">He said he was \u201crelying on my personal integrity to be fair minded and impartial\u201d while he presented radio programmes on Newstalk and the Path to Power podcast with Matt Cooper.<\/p>\n<p class=\"c-paragraph paywall \">Mr Yates\u2019s role as a co-presenter on Path to Power ended after it emerged he had trained Mr Gavin.<\/p>\n<p class=\"c-paragraph paywall \">Mr Yates is due to appear at the Oireachtas Media Committee on Wednesday evening.<\/p>\n<p class=\"c-paragraph paywall \">Representatives of Coimisi\u00fan na Me\u00e1n (the Media Commission) are to appear at the committee separately earlier in the day. <\/p>\n<p class=\"c-paragraph paywall \">The committee wants to discuss \u201cchallenges in the implementation of Coimisi\u00fan na Me\u00e1n\u2019s code of fairness, impartiality and objectivity in news and current affairs\u201d.<\/p>\n<p class=\"c-paragraph paywall \">In his opening statement, Mr Yates says media training has been \u201ca small element of my commercial activities over the past number of years\u201d and training for politicians has been \u201ceven smaller\u201d.<\/p>\n<p class=\"c-paragraph paywall \">He adds: \u201cTo be honest, I\u2019m surprised at the level of surprise that my work in this area has generated.\u201d <\/p>\n<p class=\"c-paragraph paywall \">Mr Yates says \u201cwhile I have always kept the identity of my training clients confidential, my work with Fianna F\u00e1il politicians has been written about before\u201d.<\/p>\n<p class=\"c-paragraph paywall \">He says he has done media training work for about four years but adds: \u201cImportantly I was NOT doing it in any way when I was a full-time broadcaster with Newstalk Radio for about a decade between 2009 and 2020.\u201d<\/p>\n<p class=\"c-paragraph paywall \">On his podcast work, Mr Yates says \u201ca major part of their [podcasts] attraction is that they take a looser, less cautious, more contrarian approach to issues and allow voices to be heard that are increasingly hard to hear in the so-called mainstream media.\u201d<\/p>\n<p class=\"c-paragraph paywall \">He adds: \u201cA guaranteed mood-killer in that environment would have been if we had been forced to preface every debate with a disclaimer or a declaration of interests.\u201d<\/p>\n<p class=\"c-paragraph paywall \">Mr Yates\u2019s statement says: \u201cAside from my podcasting, controversy has arisen about my broadcasting roles and remarks during recent months of the presidential election. <\/p>\n<p class=\"c-paragraph paywall \">\u201cYou will be aware that Coimisi\u00fan na Me\u00e1n is presently conducting a review into these matters with both RT\u00c9 and Newstalk. <\/p>\n<p class=\"c-paragraph paywall \">\u201cMatters pertaining to the operation and implementation of their code are properly being processed there. <\/p>\n<p class=\"c-paragraph paywall \">\u201cI do not believe it is the function of this committee to carry out a parallel investigation or prejudice the outcome of this due process.\u201d<\/p>\n<p class=\"c-paragraph paywall \">He is also expected to say: \u201cIn relation to my various roles, I feel I must assert my bona fides. <\/p>\n<p class=\"c-paragraph paywall \">\u201cI have always acted in good faith in discharging each individual role to the best of my ability. <\/p>\n<p class=\"c-paragraph paywall \">\u201cMy commentary role is based on my genuine independent opinions.\u201d<\/p>\n<p class=\"c-paragraph paywall \">He says: \u201cI have never felt beholden to anyone because of other work\u201d and \u201cI believe my predictions\/punditry during elections were based solely on being as accurate and informative as possible. <\/p>\n<p class=\"c-paragraph paywall \">\u201cAnd I don\u2019t believe any training role altered the way I saw the election unfolding or the performance of the various candidates.\u201d<\/p>\n<p class=\"c-paragraph paywall \">The media committee also invited a number of other political commentators and public relations experts to appear before them on Wednesday.<\/p>\n<p class=\"c-paragraph paywall \">Public relations guru Terry Prone declined the invitation as did Mandy Johnston \u2013 a former government adviser during Fianna F\u00e1il-led administrations in the 2000s; and former Fine Gael minister Lucinda Creighton, who set up a public affairs consultancy firm after leaving politics.<\/p>\n<p class=\"c-paragraph paywall \">Ms Johnston said she declined the invitation \u201con the basis that I have had no political clients since completing my role as political adviser in [the] Department of An Taoiseach in 2008\u201d.<\/p>\n<p class=\"c-paragraph paywall \">Ms Creighton said she runs a European public affairs business and \u201cwe do not provide PR or media training services\u201d.<\/p>\n<p class=\"c-paragraph paywall \">She added: \u201cWe do not work with any politicians or political parties so I\u2019m not quite sure why I was on the invitation list in the first place.\u201d<\/p>\n","protected":false},"excerpt":{"rendered":"Pundit and former politician Ivan Yates will tell TDs and Senators he is \u201cflabbergasted\u201d at the amount of&hellip;\n","protected":false},"author":2,"featured_media":188186,"comment_status":"","ping_status":"","sticky":false,"template":"","format":"standard","meta":{"footnotes":""},"categories":[40],"tags":[9,10,18,13,14,4771,553,6,19,17,37856,19487,11,12,15,16,5,59,7,8],"class_list":{"0":"post-188185","1":"post","2":"type-post","3":"status-publish","4":"format-standard","5":"has-post-thumbnail","7":"category-ireland","8":"tag-breaking-news","9":"tag-breakingnews","10":"tag-eire","11":"tag-featured-news","12":"tag-featurednews","13":"tag-fianna-fail","14":"tag-fine-gael","15":"tag-headlines","16":"tag-ie","17":"tag-ireland","18":"tag-ivan-yates","19":"tag-jim-gavin","20":"tag-latest-news","21":"tag-latestnews","22":"tag-main-news","23":"tag-mainnews","24":"tag-news","25":"tag-presidential-election","26":"tag-top-stories","27":"tag-topstories"},"share_on_mastodon":{"url":"https:\/\/pubeurope.com\/@ie\/115574011557004826","error":""},"_links":{"self":[{"href":"https:\/\/www.europesays.com\/ie\/wp-json\/wp\/v2\/posts\/188185","targetHints":{"allow":["GET"]}}],"collection":[{"href":"https:\/\/www.europesays.com\/ie\/wp-json\/wp\/v2\/posts"}],"about":[{"href":"https:\/\/www.europesays.com\/ie\/wp-json\/wp\/v2\/types\/post"}],"author":[{"embeddable":true,"href":"https:\/\/www.europesays.com\/ie\/wp-json\/wp\/v2\/users\/2"}],"replies":[{"embeddable":true,"href":"https:\/\/www.europesays.com\/ie\/wp-json\/wp\/v2\/comments?post=188185"}],"version-history":[{"count":0,"href":"https:\/\/www.europesays.com\/ie\/wp-json\/wp\/v2\/posts\/188185\/revisions"}],"wp:featuredmedia":[{"embeddable":true,"href":"https:\/\/www.europesays.com\/ie\/wp-json\/wp\/v2\/media\/188186"}],"wp:attachment":[{"href":"https:\/\/www.europesays.com\/ie\/wp-json\/wp\/v2\/media?parent=188185"}],"wp:term":[{"taxonomy":"category","embeddable":true,"href":"https:\/\/www.europesays.com\/ie\/wp-json\/wp\/v2\/categories?post=188185"},{"taxonomy":"post_tag","embeddable":true,"href":"https:\/\/www.europesays.com\/ie\/wp-json\/wp\/v2\/tags?post=188185"}],"curies":[{"name":"wp","href":"https:\/\/api.w.org\/{rel}","templated":true}]}}