{"id":189052,"date":"2025-11-19T14:02:11","date_gmt":"2025-11-19T14:02:11","guid":{"rendered":"https:\/\/www.europesays.com\/ie\/189052\/"},"modified":"2025-11-19T14:02:11","modified_gmt":"2025-11-19T14:02:11","slug":"wexford-man-who-died-after-triathlon-in-turkey-remembered-as-someone-who-travelled-far-and-dreamed-big","status":"publish","type":"post","link":"https:\/\/www.europesays.com\/ie\/189052\/","title":{"rendered":"Wexford man who died after triathlon in Turkey remembered as someone who \u2018travelled far and dreamed big\u2019"},"content":{"rendered":"<p class=\"indo-ebe0ecc6_root indo-ebe0ecc6_paragraph indo-300db776_none indo-91174671_primary indo-1d70522a_marginbottom5 indo-1d70522a_margintop0 indo-b48c4984_inherit\" style=\"color:var(--color-primary-80)\">A native of Tramore, Co Waterford, John had lived in Gorey for over 25 years with his wife Orna and had strong links to Nairobi in Kenya where he worked.<\/p>\n<p class=\"indo-ebe0ecc6_root indo-ebe0ecc6_paragraph indo-300db776_none indo-91174671_primary indo-1d70522a_marginbottom5 indo-1d70522a_margintop0 indo-b48c4984_inherit\" style=\"color:var(--color-primary-80)\">John suffered a medical emergency while taking part in the Iron Man 70.3 in Turkey, which involves a 1.9 km swim, a 90 km bike ride, and a 21.1 km run. <\/p>\n<p class=\"indo-ebe0ecc6_root indo-ebe0ecc6_paragraph indo-300db776_none indo-91174671_primary indo-1d70522a_marginbottom5 indo-1d70522a_margintop0 indo-b48c4984_inherit\" style=\"color:var(--color-primary-80)\">His funeral took place on Monday, November 17, in the Church of the Holy Cross, Tramore, Co. Waterford, in which the priest described him as a wholehearted, generous, and passionate person, who was \u201ctaken from this world far too soon\u201d.<\/p>\n<p class=\"indo-ebe0ecc6_root indo-ebe0ecc6_paragraph indo-300db776_none indo-91174671_primary indo-1d70522a_marginbottom5 indo-1d70522a_margintop0 indo-b48c4984_inherit\" style=\"color:var(--color-primary-80)\">Although originally from Waterford, he had spent most of his life in Gorey with his wife Orna and his community of many friends. He also worked in Nairobi, Kenya at Bimeda where he was highly regarded by his colleagues.<\/p>\n<p class=\"indo-ebe0ecc6_root indo-ebe0ecc6_paragraph indo-300db776_none indo-91174671_primary indo-1d70522a_marginbottom5 indo-1d70522a_margintop0 indo-b48c4984_inherit\" style=\"color:var(--color-primary-80)\">\u201cFor over 25 years he made his home in Wexford, where his kindness and work ethic touched so many. He never did anything halfway, whether it was his job or friendships \u2013 he gave all of himself,\u201d he said.<\/p>\n<p class=\"indo-ebe0ecc6_root indo-ebe0ecc6_paragraph indo-300db776_none indo-91174671_primary indo-1d70522a_marginbottom5 indo-1d70522a_margintop0 indo-b48c4984_inherit\" style=\"color:var(--color-primary-80)\">He also emphasised John\u2019s great love for sport as both a spectator and a participant.<\/p>\n<p class=\"indo-ebe0ecc6_root indo-ebe0ecc6_paragraph indo-300db776_none indo-91174671_primary indo-1d70522a_marginbottom5 indo-1d70522a_margintop0 indo-b48c4984_inherit\" style=\"color:var(--color-primary-80)\">\u201cHe loved sport, not just watching it but entering competitions and pushed his limits in Iron Man and triathlons. His dedication and drive is part of what made him who he was. He also had enormous pride in diving. He lived his life with adventure and travelled far and dreamed big. His final illness took place in Turkey where he didn\u2019t expect his journey to end,\u201d he added.<\/p>\n<p class=\"indo-ebe0ecc6_root indo-ebe0ecc6_paragraph indo-300db776_none indo-91174671_primary indo-1d70522a_marginbottom5 indo-1d70522a_margintop0 indo-b48c4984_inherit\" style=\"color:var(--color-primary-80)\">Among the symbols brought to the altar to represent his life was a certificate of achievement in fitness, a basketball trophy, merchandise from motor racing, and some of his diaries.<\/p>\n<p class=\"indo-ebe0ecc6_root indo-ebe0ecc6_paragraph indo-300db776_none indo-91174671_primary indo-1d70522a_marginbottom5 indo-1d70522a_margintop0 indo-b48c4984_inherit\" style=\"color:var(--color-primary-80)\">Loved ones also took to RIP.ie to leave messages and anecdotes about his supportive and adventurous spirit.<\/p>\n<p class=\"indo-ebe0ecc6_root indo-ebe0ecc6_paragraph indo-300db776_none indo-91174671_primary indo-1d70522a_marginbottom5 indo-1d70522a_margintop0 indo-b48c4984_inherit\" style=\"color:var(--color-primary-80)\">One mourner wrote: \u201cI remember him as a very talented sportsman not only on Tramore CBS teams but also with the Miche\u00e1l Mac Craith club. He was a lovely genuine person with great leadership qualities.\u201d<\/p>\n<p class=\"indo-ebe0ecc6_root indo-ebe0ecc6_paragraph indo-300db776_none indo-91174671_primary indo-1d70522a_marginbottom5 indo-1d70522a_margintop0 indo-b48c4984_inherit\" style=\"color:var(--color-primary-80)\">There was also an influx of tributes by his co-workers who described the immense impact he had on the company as both a mentor and a friend.<\/p>\n<p class=\"indo-ebe0ecc6_root indo-ebe0ecc6_paragraph indo-300db776_none indo-91174671_primary indo-1d70522a_marginbottom5 indo-1d70522a_margintop0 indo-b48c4984_inherit\" style=\"color:var(--color-primary-80)\">One mourner wrote: \u201cI am deeply saddened by the loss of a boss and dear friend. I keep replaying the fond memories of how you used to call out to me, small moments that now mean so much. Each day, I still catch myself gazing toward your office, hoping to see you walk in with your familiar warmth and presence. Your guidance, kindness, and friendship left a lasting mark on my life, and I will forever be grateful for the time we shared. May your gentle soul rest in peace, and may your family find comfort in knowing how profoundly you touched the lives of those around you.\u201d<\/p>\n<p class=\"indo-ebe0ecc6_root indo-ebe0ecc6_paragraph indo-300db776_none indo-91174671_primary indo-1d70522a_marginbottom5 indo-1d70522a_margintop0 indo-b48c4984_inherit\" style=\"color:var(--color-primary-80)\">Another wrote: \u201cJohn was a true mentor who always pushed you beyond limit as long as he saw the potential in you. Thanks for believing in me and always giving me a chance to thrive no matter the circumstances. Thanks for teaching me to put my heart in all that I had to engage in and the inspiration to keep pushing, May your spirit live on John!\u201d<\/p>\n<p class=\"indo-ebe0ecc6_root indo-ebe0ecc6_paragraph indo-300db776_none indo-91174671_primary indo-1d70522a_marginbottom5 indo-1d70522a_margintop0 indo-b48c4984_inherit\" style=\"color:var(--color-primary-80)\">A further tribute read: \u201cHe was far more than a boss to me \u2013 he was a true friend, a mentor, and someone whose support meant more than words can fully express. John had a rare way of lifting people up, and I will always be grateful for the kindness, guidance, and genuine friendship he shared with me. His absence leaves a profound void, but his influence, generosity, and spirit will stay with me always. Please accept my deepest condolences. May we all find comfort in remembering the remarkable person he was and the countless lives he touched with his warmth and strength.\u201d<\/p>\n<p class=\"indo-ebe0ecc6_root indo-ebe0ecc6_paragraph indo-300db776_none indo-91174671_primary indo-1d70522a_marginbottom5 indo-1d70522a_margintop0 indo-b48c4984_inherit\" style=\"color:var(--color-primary-80)\">There were also tributes from those who travelled and participated alongside John in that recent triathlon and will remember his strength going forward.<\/p>\n<p class=\"indo-ebe0ecc6_root indo-ebe0ecc6_paragraph indo-300db776_none indo-91174671_primary indo-1d70522a_marginbottom5 indo-1d70522a_margintop0 indo-b48c4984_inherit\" style=\"color:var(--color-primary-80)\">One participant wrote: \u201cMy heart is truly heavy as I write this. John and I travelled together to Turkey for the Ironman, and during that trip we formed a bond I will always hold close. We trained, laughed, and encouraged each other through every moment of preparation. He carried a spirit that lifted those around him, and I am grateful I had the privilege of sharing those days with him. Losing him in such a painful and unexpected way has left a deep void. John lived with courage, heart, and an energy that inspired everyone who stood beside him. I will remember him not for how he left us, but for how he lived with passion, kindness, and strength.\u201d<\/p>\n<p class=\"indo-ebe0ecc6_root indo-ebe0ecc6_paragraph indo-300db776_none indo-91174671_primary indo-1d70522a_marginbottom5 indo-1d70522a_margintop0 indo-b48c4984_inherit\" style=\"color:var(--color-primary-80)\">John was the dearly beloved husband of Orna, son of Eileen and the late John, twin brother of Edward and brothers Norman and Michael, he will be deeply missed by his mother-in-law Aileen, father-in-law Joe, brothers-in-law Paul, Eoin, Dara, Neil and Joe, sisters-in-law Cl\u00edodhna, Gemma, Niamh, Sinead, \u00c1ine, R\u00f3is\u00edn and Fiona, nieces Aurora, Ava, Aoibheann, Cara, Seona, Dearbhla, Megan and Doireann, nephews Riley, R\u00faadh\u00e1n, Rian, Ciar\u00e1n, Tiarn\u00e1n and Eoin, relatives, friends, neighbours and work colleagues.<\/p>\n<p class=\"indo-ebe0ecc6_root indo-ebe0ecc6_paragraph indo-300db776_none indo-91174671_primary indo-1d70522a_marginbottom5 indo-1d70522a_margintop0 indo-b48c4984_inherit\" style=\"color:var(--color-primary-80)\">A representative from the Department of Foreign Affairs and Trade said that although they do not comment on individual cases, they confirmed they were aware of the case and had provided consular assistance.<\/p>\n<p class=\"indo-ebe0ecc6_root indo-ebe0ecc6_paragraph indo-300db776_none indo-91174671_primary indo-1d70522a_marginbottom5 indo-1d70522a_margintop0 indo-b48c4984_inherit\" style=\"color:var(--color-primary-80)\">Deputy Brian Brennan extended his thanks to both the Department and the Kevin Bell Trust for their great support during this emotional time.<\/p>\n<p class=\"indo-ebe0ecc6_root indo-ebe0ecc6_paragraph indo-300db776_none indo-91174671_primary indo-1d70522a_marginbottom5 indo-1d70522a_margintop0 indo-b48c4984_inherit\" style=\"color:var(--color-primary-80)\">&#8220;I wish to extend my deepest condolences to John\u2019s wife in Gorey and his family in Tramore. This has been a very traumatic and deeply sad time for the family. I am very grateful for the consular work of the Department of Foreign Affairs, who I have worked closely with during the repatriation process, and to the Kevin Bell Trust for all that they have done for John and for the families that they support,\u201d he said.<\/p>\n","protected":false},"excerpt":{"rendered":"A native of Tramore, Co Waterford, John had lived in Gorey for over 25 years with his wife&hellip;\n","protected":false},"author":2,"featured_media":189053,"comment_status":"","ping_status":"","sticky":false,"template":"","format":"standard","meta":{"footnotes":""},"categories":[76],"tags":[18,19,17,4751,132],"class_list":{"0":"post-189052","1":"post","2":"type-post","3":"status-publish","4":"format-standard","5":"has-post-thumbnail","7":"category-sports","8":"tag-eire","9":"tag-ie","10":"tag-ireland","11":"tag-rachel-cahill","12":"tag-sports"},"share_on_mastodon":{"url":"https:\/\/pubeurope.com\/@ie\/115576736727816285","error":""},"_links":{"self":[{"href":"https:\/\/www.europesays.com\/ie\/wp-json\/wp\/v2\/posts\/189052","targetHints":{"allow":["GET"]}}],"collection":[{"href":"https:\/\/www.europesays.com\/ie\/wp-json\/wp\/v2\/posts"}],"about":[{"href":"https:\/\/www.europesays.com\/ie\/wp-json\/wp\/v2\/types\/post"}],"author":[{"embeddable":true,"href":"https:\/\/www.europesays.com\/ie\/wp-json\/wp\/v2\/users\/2"}],"replies":[{"embeddable":true,"href":"https:\/\/www.europesays.com\/ie\/wp-json\/wp\/v2\/comments?post=189052"}],"version-history":[{"count":0,"href":"https:\/\/www.europesays.com\/ie\/wp-json\/wp\/v2\/posts\/189052\/revisions"}],"wp:featuredmedia":[{"embeddable":true,"href":"https:\/\/www.europesays.com\/ie\/wp-json\/wp\/v2\/media\/189053"}],"wp:attachment":[{"href":"https:\/\/www.europesays.com\/ie\/wp-json\/wp\/v2\/media?parent=189052"}],"wp:term":[{"taxonomy":"category","embeddable":true,"href":"https:\/\/www.europesays.com\/ie\/wp-json\/wp\/v2\/categories?post=189052"},{"taxonomy":"post_tag","embeddable":true,"href":"https:\/\/www.europesays.com\/ie\/wp-json\/wp\/v2\/tags?post=189052"}],"curies":[{"name":"wp","href":"https:\/\/api.w.org\/{rel}","templated":true}]}}