{"id":190069,"date":"2025-11-20T03:33:11","date_gmt":"2025-11-20T03:33:11","guid":{"rendered":"https:\/\/www.europesays.com\/ie\/190069\/"},"modified":"2025-11-20T03:33:11","modified_gmt":"2025-11-20T03:33:11","slug":"donegal-couple-to-feature-tonight-in-tg4-documentary-on-same-sex-marriage","status":"publish","type":"post","link":"https:\/\/www.europesays.com\/ie\/190069\/","title":{"rendered":"Donegal couple to feature tonight in TG4 documentary on same-sex marriage"},"content":{"rendered":"<p>Main pic: Se\u00e1n Mac Ruair\u00ed &amp; David McGoldrick on their wedding day in west Donegal earlier this year.<\/p>\n<p><strong>A Donegal couple are to feature in new a documentary on same-sex marriage which will be broadcast on TG4 tonight.<\/strong><\/p>\n<p>Se\u00e1n Mac Ruair\u00ed and David McGoldrick tied the knot in a beautiful ceremony in the west of the county earlier this year.\u00a0<\/p>\n<p>They will form part of Glacaim Leat, an intimate and reflective Irish-language documentary marking a decade since Ireland made history in 2015, when it became the first country in the world to legalise same-sex marriage by public referendum. Blending love story, political reckoning, and cultural memory, the film follows the people who helped shape that journey and those now living its legacy.<\/p>\n<p>At the heart of this film is the wedding of Se\u00e1n and David, a quiet, deeply personal moment in the Donegal Gaeltacht, a world away from the crowds at Dublin Castle, yet only possible because of them. Around them, we meet some of the most influential voices in Ireland\u2019s LGBTQ+ story: Senator David Norris, activist and archivist Tonie Walsh, journalist and activist Lisa Nic an Bhreithimh, and Ruadh\u00e1n \u00d3 Cr\u00edod\u00e1in, an activist and director of ShoutOut \u2013 each reflecting on the past, reckoning with the present, and imagining the future.<\/p>\n<p><img loading=\"lazy\" decoding=\"async\" aria-describedby=\"caption-attachment-612552\" class=\"wp-image-612552 size-full\" src=\"https:\/\/www.europesays.com\/ie\/wp-content\/uploads\/2025\/10\/Sean-Mac-Ruairi-David-McGoldrick-wedding-day-2.jpg\" alt=\"\" width=\"800\" height=\"440\"  \/><\/p>\n<p id=\"caption-attachment-612552\" class=\"wp-caption-text\">Se\u00e1n and David about to say \u2018I do\u2019 on their wedding day!<\/p>\n<p>Director, Se\u00e1n \u00d3 Baoill, describes Glacaim Leat as both a love letter and a warning.\u00a0<\/p>\n<p>\u201cAs a filmmaker, I wanted to capture the beauty of what\u2019s been won while also showing the fragility of it,\u201d he said.\u00a0<\/p>\n<p>\u201cPride can be joyful, but it\u2019s also political. This film holds those truths side by side. It\u2019s about recognising how far we\u2019ve come, while refusing to ignore the growing fear many young LGBTQ+ people are living with today. It\u2019s a thank you to those who paved the way and a call not to turn away from the fight that continues.\u201d<\/p>\n<p>Shot over a year and culminating at Dublin Pride 2025, the film is a reminder that Pride is still a protest. In a climate of rising hate and political rollback, particularly around trans rights, queer families, and an increase in homophobic attacks, Glacaim Leat asks what kind of Ireland we want the next generation to inherit. As more and more young LGBTQ+ people say they no longer feel safe, the film challenges us to confront the gap between the promise of 2015 and the reality of today.<\/p>\n<p>This one-hour observational documentary is a Below the Radar production for TG4, supported by the Irish Language Broadcast Fund (Northern Ireland Screen). Directed by Se\u00e1n \u00d3 Baoill and produced by Medb N\u00ed Dh\u00fal\u00e1in, it will air at 9:30pm tonight.<\/p>\n<p>Donegal couple to feature tonight in TG4 documentary on same-sex marriage was last modified:  November 19th, 2025 by Staff Writer<\/p>\n<p>      Tags:<\/p>\n","protected":false},"excerpt":{"rendered":"Main pic: Se\u00e1n Mac Ruair\u00ed &amp; David McGoldrick on their wedding day in west Donegal earlier this year.&hellip;\n","protected":false},"author":2,"featured_media":155235,"comment_status":"","ping_status":"","sticky":false,"template":"","format":"standard","meta":{"footnotes":""},"categories":[40],"tags":[9,10,106201,669,18,13,14,90682,6,19,17,11,12,15,16,5,8336,7,8],"class_list":{"0":"post-190069","1":"post","2":"type-post","3":"status-publish","4":"format-standard","5":"has-post-thumbnail","7":"category-ireland","8":"tag-breaking-news","9":"tag-breakingnews","10":"tag-donegal-gay-wedding","11":"tag-donegal-news","12":"tag-eire","13":"tag-featured-news","14":"tag-featurednews","15":"tag-glacaim-leat-documentary","16":"tag-headlines","17":"tag-ie","18":"tag-ireland","19":"tag-latest-news","20":"tag-latestnews","21":"tag-main-news","22":"tag-mainnews","23":"tag-news","24":"tag-tg4","25":"tag-top-stories","26":"tag-topstories"},"share_on_mastodon":{"url":"https:\/\/pubeurope.com\/@ie\/115579925810460447","error":""},"_links":{"self":[{"href":"https:\/\/www.europesays.com\/ie\/wp-json\/wp\/v2\/posts\/190069","targetHints":{"allow":["GET"]}}],"collection":[{"href":"https:\/\/www.europesays.com\/ie\/wp-json\/wp\/v2\/posts"}],"about":[{"href":"https:\/\/www.europesays.com\/ie\/wp-json\/wp\/v2\/types\/post"}],"author":[{"embeddable":true,"href":"https:\/\/www.europesays.com\/ie\/wp-json\/wp\/v2\/users\/2"}],"replies":[{"embeddable":true,"href":"https:\/\/www.europesays.com\/ie\/wp-json\/wp\/v2\/comments?post=190069"}],"version-history":[{"count":0,"href":"https:\/\/www.europesays.com\/ie\/wp-json\/wp\/v2\/posts\/190069\/revisions"}],"wp:featuredmedia":[{"embeddable":true,"href":"https:\/\/www.europesays.com\/ie\/wp-json\/wp\/v2\/media\/155235"}],"wp:attachment":[{"href":"https:\/\/www.europesays.com\/ie\/wp-json\/wp\/v2\/media?parent=190069"}],"wp:term":[{"taxonomy":"category","embeddable":true,"href":"https:\/\/www.europesays.com\/ie\/wp-json\/wp\/v2\/categories?post=190069"},{"taxonomy":"post_tag","embeddable":true,"href":"https:\/\/www.europesays.com\/ie\/wp-json\/wp\/v2\/tags?post=190069"}],"curies":[{"name":"wp","href":"https:\/\/api.w.org\/{rel}","templated":true}]}}