{"id":190590,"date":"2025-11-20T10:56:09","date_gmt":"2025-11-20T10:56:09","guid":{"rendered":"https:\/\/www.europesays.com\/ie\/190590\/"},"modified":"2025-11-20T10:56:09","modified_gmt":"2025-11-20T10:56:09","slug":"association-of-dietary-patterns-with-anxiety-and-depression-symptoms-in-people-living-with-hiv-a-population-based-cross-sectional-study-from-china-bmc-public-health","status":"publish","type":"post","link":"https:\/\/www.europesays.com\/ie\/190590\/","title":{"rendered":"Association of dietary patterns with anxiety and depression symptoms in people living with HIV: a population-based cross-sectional study from China | BMC Public Health"},"content":{"rendered":"<li class=\"c-article-references__item js-c-reading-companion-references-item\" data-counter=\"1.\">\n<p class=\"c-article-references__text\" id=\"ref-CR1\">Global HIV &amp; AIDS statistics &#8211; Fact sheet. <a href=\"https:\/\/www.unaids.org\/en\/resources\/fact-sheet\" data-track=\"click_references\" data-track-action=\"external reference\" data-track-value=\"external reference\" data-track-label=\"https:\/\/www.unaids.org\/en\/resources\/fact-sheet\" rel=\"nofollow noopener\" target=\"_blank\">https:\/\/www.unaids.org\/en\/resources\/fact-sheet<\/a>. Accessed 18 Dec 2024.<\/p>\n<\/li>\n<li class=\"c-article-references__item js-c-reading-companion-references-item\" data-counter=\"2.\">\n<p class=\"c-article-references__text\" id=\"ref-CR2\">HIV and AIDS. <a href=\"https:\/\/www.who.int\/news-room\/fact-sheets\/detail\/hiv-aids\" data-track=\"click_references\" data-track-action=\"external reference\" data-track-value=\"external reference\" data-track-label=\"https:\/\/www.who.int\/news-room\/fact-sheets\/detail\/hiv-aids\" rel=\"nofollow noopener\" target=\"_blank\">https:\/\/www.who.int\/news-room\/fact-sheets\/detail\/hiv-aids<\/a>. Accessed 18 Dec 2024.<\/p>\n<\/li>\n<li class=\"c-article-references__item js-c-reading-companion-references-item\" data-counter=\"3.\">\n<p class=\"c-article-references__text\" id=\"ref-CR3\">Fauci AS, Lane HC. Four decades of HIV\/AIDS &#8211; much accomplished, much to do. N Engl J Med. 2020;383(1):1\u20134. <a href=\"https:\/\/doi.org\/10.1056\/NEJMp1916753\" data-track=\"click_references\" data-track-action=\"external reference\" data-track-value=\"external reference\" data-track-label=\"10.1056\/NEJMp1916753\" rel=\"nofollow noopener\" target=\"_blank\">https:\/\/doi.org\/10.1056\/NEJMp1916753<\/a>.<\/p>\n<p class=\"c-article-references__links u-hide-print\"><a data-track=\"click_references\" rel=\"nofollow noopener\" data-track-label=\"10.1056\/NEJMp1916753\" data-track-item_id=\"10.1056\/NEJMp1916753\" data-track-value=\"article reference\" data-track-action=\"article reference\" href=\"https:\/\/doi.org\/10.1056%2FNEJMp1916753\" aria-label=\"Article reference 3\" data-doi=\"10.1056\/NEJMp1916753\" target=\"_blank\">Article<\/a>\u00a0<br \/>\n    <a data-track=\"click_references\" rel=\"nofollow noopener\" data-track-label=\"link\" data-track-item_id=\"link\" data-track-value=\"pubmed reference\" data-track-action=\"pubmed reference\" href=\"http:\/\/www.ncbi.nlm.nih.gov\/entrez\/query.fcgi?cmd=Retrieve&amp;db=PubMed&amp;dopt=Abstract&amp;list_uids=32609976\" aria-label=\"PubMed reference 3\" target=\"_blank\">PubMed<\/a>\u00a0<br \/>\n    <a data-track=\"click_references\" data-track-action=\"google scholar reference\" data-track-value=\"google scholar reference\" data-track-label=\"link\" data-track-item_id=\"link\" rel=\"nofollow noopener\" aria-label=\"Google Scholar reference 3\" href=\"http:\/\/scholar.google.com\/scholar_lookup?&amp;title=Four%20decades%20of%20HIV%2FAIDS%20-%20much%20accomplished%2C%20much%20to%20do&amp;journal=N%20Engl%20J%20Med&amp;doi=10.1056%2FNEJMp1916753&amp;volume=383&amp;issue=1&amp;pages=1-4&amp;publication_year=2020&amp;author=Fauci%2CAS&amp;author=Lane%2CHC\" target=\"_blank\"><br \/>\n                    Google Scholar<\/a>\u00a0\n                <\/p>\n<\/li>\n<li class=\"c-article-references__item js-c-reading-companion-references-item\" data-counter=\"4.\">\n<p class=\"c-article-references__text\" id=\"ref-CR4\">Teeraananchai S, Kerr SJ, Amin J, et al. Life expectancy of HIV-positive people after starting combination antiretroviral therapy: a meta-analysis. HIV Med. 2017;18(4):256\u201366. <a href=\"https:\/\/doi.org\/10.1111\/hiv.12421\" data-track=\"click_references\" data-track-action=\"external reference\" data-track-value=\"external reference\" data-track-label=\"10.1111\/hiv.12421\" rel=\"nofollow noopener\" target=\"_blank\">https:\/\/doi.org\/10.1111\/hiv.12421<\/a>.<\/p>\n<p class=\"c-article-references__links u-hide-print\"><a data-track=\"click_references\" rel=\"nofollow noopener\" data-track-label=\"10.1111\/hiv.12421\" data-track-item_id=\"10.1111\/hiv.12421\" data-track-value=\"article reference\" data-track-action=\"article reference\" href=\"https:\/\/doi.org\/10.1111%2Fhiv.12421\" aria-label=\"Article reference 4\" data-doi=\"10.1111\/hiv.12421\" target=\"_blank\">Article<\/a>\u00a0<br \/>\n    <a data-track=\"click_references\" rel=\"nofollow noopener\" data-track-label=\"link\" data-track-item_id=\"link\" data-track-value=\"cas reference\" data-track-action=\"cas reference\" href=\"https:\/\/bmcpublichealth.biomedcentral.com\/articles\/cas-redirect\/1:CAS:528:DC%2BC2sXjsVOmsbs%3D\" aria-label=\"CAS reference 4\" target=\"_blank\">CAS<\/a>\u00a0<br \/>\n    <a data-track=\"click_references\" rel=\"nofollow noopener\" data-track-label=\"link\" data-track-item_id=\"link\" data-track-value=\"pubmed reference\" data-track-action=\"pubmed reference\" href=\"http:\/\/www.ncbi.nlm.nih.gov\/entrez\/query.fcgi?cmd=Retrieve&amp;db=PubMed&amp;dopt=Abstract&amp;list_uids=27578404\" aria-label=\"PubMed reference 4\" target=\"_blank\">PubMed<\/a>\u00a0<br \/>\n    <a data-track=\"click_references\" data-track-action=\"google scholar reference\" data-track-value=\"google scholar reference\" data-track-label=\"link\" data-track-item_id=\"link\" rel=\"nofollow noopener\" aria-label=\"Google Scholar reference 4\" href=\"http:\/\/scholar.google.com\/scholar_lookup?&amp;title=Life%20expectancy%20of%20HIV-positive%20people%20after%20starting%20combination%20antiretroviral%20therapy%3A%20a%20meta-analysis&amp;journal=HIV%20Med&amp;doi=10.1111%2Fhiv.12421&amp;volume=18&amp;issue=4&amp;pages=256-66&amp;publication_year=2017&amp;author=Teeraananchai%2CS&amp;author=Kerr%2CSJ&amp;author=Amin%2CJ\" target=\"_blank\"><br \/>\n                    Google Scholar<\/a>\u00a0\n                <\/p>\n<\/li>\n<li class=\"c-article-references__item js-c-reading-companion-references-item\" data-counter=\"5.\">\n<p class=\"c-article-references__text\" id=\"ref-CR5\">Trickey A, Sabin CA, Burkholder G, et al. Life expectancy after 2015 of adults with HIV on long-term antiretroviral therapy in Europe and North america: a collaborative analysis of cohort studies. Lancet HIV. 2023;10(5):e295\u2013307. <a href=\"https:\/\/doi.org\/10.1016\/S2352-3018(23)00028-0\" data-track=\"click_references\" data-track-action=\"external reference\" data-track-value=\"external reference\" data-track-label=\"10.1016\/S2352-3018(23)00028-0\" rel=\"nofollow noopener\" target=\"_blank\">https:\/\/doi.org\/10.1016\/S2352-3018(23)00028-0<\/a>.<\/p>\n<p class=\"c-article-references__links u-hide-print\"><a data-track=\"click_references\" rel=\"nofollow noopener\" data-track-label=\"10.1016\/S2352-3018(23)00028-0\" data-track-item_id=\"10.1016\/S2352-3018(23)00028-0\" data-track-value=\"article reference\" data-track-action=\"article reference\" href=\"https:\/\/doi.org\/10.1016%2FS2352-3018%2823%2900028-0\" aria-label=\"Article reference 5\" data-doi=\"10.1016\/S2352-3018(23)00028-0\" target=\"_blank\">Article<\/a>\u00a0<br \/>\n    <a data-track=\"click_references\" rel=\"nofollow noopener\" data-track-label=\"link\" data-track-item_id=\"link\" data-track-value=\"cas reference\" data-track-action=\"cas reference\" href=\"https:\/\/bmcpublichealth.biomedcentral.com\/articles\/cas-redirect\/1:CAS:528:DC%2BB3sXlvVSjsL4%3D\" aria-label=\"CAS reference 5\" target=\"_blank\">CAS<\/a>\u00a0<br \/>\n    <a data-track=\"click_references\" rel=\"nofollow noopener\" data-track-label=\"link\" data-track-item_id=\"link\" data-track-value=\"pubmed reference\" data-track-action=\"pubmed reference\" href=\"http:\/\/www.ncbi.nlm.nih.gov\/entrez\/query.fcgi?cmd=Retrieve&amp;db=PubMed&amp;dopt=Abstract&amp;list_uids=36958365\" aria-label=\"PubMed reference 5\" target=\"_blank\">PubMed<\/a>\u00a0<br \/>\n    <a data-track=\"click_references\" rel=\"nofollow noopener\" data-track-label=\"link\" data-track-item_id=\"link\" data-track-value=\"pubmed central reference\" data-track-action=\"pubmed central reference\" href=\"http:\/\/www.ncbi.nlm.nih.gov\/pmc\/articles\/PMC10288029\" aria-label=\"PubMed Central reference 5\" target=\"_blank\">PubMed Central<\/a>\u00a0<br \/>\n    <a data-track=\"click_references\" data-track-action=\"google scholar reference\" data-track-value=\"google scholar reference\" data-track-label=\"link\" data-track-item_id=\"link\" rel=\"nofollow noopener\" aria-label=\"Google Scholar reference 5\" href=\"http:\/\/scholar.google.com\/scholar_lookup?&amp;title=Life%20expectancy%20after%202015%20of%20adults%20with%20HIV%20on%20long-term%20antiretroviral%20therapy%20in%20Europe%20and%20North%20america%3A%20a%20collaborative%20analysis%20of%20cohort%20studies&amp;journal=Lancet%20HIV&amp;doi=10.1016%2FS2352-3018%2823%2900028-0&amp;volume=10&amp;issue=5&amp;pages=e295-307&amp;publication_year=2023&amp;author=Trickey%2CA&amp;author=Sabin%2CCA&amp;author=Burkholder%2CG\" target=\"_blank\"><br \/>\n                    Google Scholar<\/a>\u00a0\n                <\/p>\n<\/li>\n<li class=\"c-article-references__item js-c-reading-companion-references-item\" data-counter=\"6.\">\n<p class=\"c-article-references__text\" id=\"ref-CR6\">Rowell-Cunsolo TL, Hu G, Bellerose M, et al. Trends in comorbidities among human immunodeficiency virus-infected hospital admissions in new York City from 2006\u20132016. Clin Infect Dis. 2021;73(7):e1957\u201363. <a href=\"https:\/\/doi.org\/10.1093\/cid\/ciaa1760\" data-track=\"click_references\" data-track-action=\"external reference\" data-track-value=\"external reference\" data-track-label=\"10.1093\/cid\/ciaa1760\" rel=\"nofollow noopener\" target=\"_blank\">https:\/\/doi.org\/10.1093\/cid\/ciaa1760<\/a>.<\/p>\n<p class=\"c-article-references__links u-hide-print\"><a data-track=\"click_references\" rel=\"nofollow noopener\" data-track-label=\"10.1093\/cid\/ciaa1760\" data-track-item_id=\"10.1093\/cid\/ciaa1760\" data-track-value=\"article reference\" data-track-action=\"article reference\" href=\"https:\/\/doi.org\/10.1093%2Fcid%2Fciaa1760\" aria-label=\"Article reference 6\" data-doi=\"10.1093\/cid\/ciaa1760\" target=\"_blank\">Article<\/a>\u00a0<br \/>\n    <a data-track=\"click_references\" rel=\"nofollow noopener\" data-track-label=\"link\" data-track-item_id=\"link\" data-track-value=\"pubmed reference\" data-track-action=\"pubmed reference\" href=\"http:\/\/www.ncbi.nlm.nih.gov\/entrez\/query.fcgi?cmd=Retrieve&amp;db=PubMed&amp;dopt=Abstract&amp;list_uids=33245318\" aria-label=\"PubMed reference 6\" target=\"_blank\">PubMed<\/a>\u00a0<br \/>\n    <a data-track=\"click_references\" data-track-action=\"google scholar reference\" data-track-value=\"google scholar reference\" data-track-label=\"link\" data-track-item_id=\"link\" rel=\"nofollow noopener\" aria-label=\"Google Scholar reference 6\" href=\"http:\/\/scholar.google.com\/scholar_lookup?&amp;title=Trends%20in%20comorbidities%20among%20human%20immunodeficiency%20virus-infected%20hospital%20admissions%20in%20new%20York%20City%20from%202006%E2%80%932016&amp;journal=Clin%20Infect%20Dis&amp;doi=10.1093%2Fcid%2Fciaa1760&amp;volume=73&amp;issue=7&amp;pages=e1957-63&amp;publication_year=2021&amp;author=Rowell-Cunsolo%2CTL&amp;author=Hu%2CG&amp;author=Bellerose%2CM\" target=\"_blank\"><br \/>\n                    Google Scholar<\/a>\u00a0\n                <\/p>\n<\/li>\n<li class=\"c-article-references__item js-c-reading-companion-references-item\" data-counter=\"7.\">\n<p class=\"c-article-references__text\" id=\"ref-CR7\">Lembas A, Za\u0142\u0119ski A, Peller M, et al. Human immunodeficiency virus as a risk factor for cardiovascular disease. Cardiovasc Toxicol. 2024;24(1):1\u201314. <a href=\"https:\/\/doi.org\/10.1007\/s12012-023-09815-4\" data-track=\"click_references\" data-track-action=\"external reference\" data-track-value=\"external reference\" data-track-label=\"10.1007\/s12012-023-09815-4\" rel=\"nofollow noopener\" target=\"_blank\">https:\/\/doi.org\/10.1007\/s12012-023-09815-4<\/a>.<\/p>\n<p class=\"c-article-references__links u-hide-print\"><a data-track=\"click_references\" rel=\"noopener nofollow\" data-track-label=\"10.1007\/s12012-023-09815-4\" data-track-item_id=\"10.1007\/s12012-023-09815-4\" data-track-value=\"article reference\" data-track-action=\"article reference\" href=\"https:\/\/link.springer.com\/doi\/10.1007\/s12012-023-09815-4\" aria-label=\"Article reference 7\" data-doi=\"10.1007\/s12012-023-09815-4\" target=\"_blank\">Article<\/a>\u00a0<br \/>\n    <a data-track=\"click_references\" rel=\"nofollow noopener\" data-track-label=\"link\" data-track-item_id=\"link\" data-track-value=\"cas reference\" data-track-action=\"cas reference\" href=\"https:\/\/bmcpublichealth.biomedcentral.com\/articles\/cas-redirect\/1:CAS:528:DC%2BB3sXisFSnurzK\" aria-label=\"CAS reference 7\" target=\"_blank\">CAS<\/a>\u00a0<br \/>\n    <a data-track=\"click_references\" rel=\"nofollow noopener\" data-track-label=\"link\" data-track-item_id=\"link\" data-track-value=\"pubmed reference\" data-track-action=\"pubmed reference\" href=\"http:\/\/www.ncbi.nlm.nih.gov\/entrez\/query.fcgi?cmd=Retrieve&amp;db=PubMed&amp;dopt=Abstract&amp;list_uids=37982976\" aria-label=\"PubMed reference 7\" target=\"_blank\">PubMed<\/a>\u00a0<br \/>\n    <a data-track=\"click_references\" data-track-action=\"google scholar reference\" data-track-value=\"google scholar reference\" data-track-label=\"link\" data-track-item_id=\"link\" rel=\"nofollow noopener\" aria-label=\"Google Scholar reference 7\" href=\"http:\/\/scholar.google.com\/scholar_lookup?&amp;title=Human%20immunodeficiency%20virus%20as%20a%20risk%20factor%20for%20cardiovascular%20disease&amp;journal=Cardiovasc%20Toxicol&amp;doi=10.1007%2Fs12012-023-09815-4&amp;volume=24&amp;issue=1&amp;pages=1-14&amp;publication_year=2024&amp;author=Lembas%2CA&amp;author=Za%C5%82%C4%99ski%2CA&amp;author=Peller%2CM\" target=\"_blank\"><br \/>\n                    Google Scholar<\/a>\u00a0\n                <\/p>\n<\/li>\n<li class=\"c-article-references__item js-c-reading-companion-references-item\" data-counter=\"8.\">\n<p class=\"c-article-references__text\" id=\"ref-CR8\">de Los Rios P, Okoli C, Castellanos E, et al. Physical, emotional, and psychosocial challenges associated with daily dosing of HIV medications and their impact on indicators of quality of life: findings from the positive perspectives study. AIDS Behav. 2021;25(3):961\u201372. <a href=\"https:\/\/doi.org\/10.1007\/s10461-020-03055-1\" data-track=\"click_references\" data-track-action=\"external reference\" data-track-value=\"external reference\" data-track-label=\"10.1007\/s10461-020-03055-1\" rel=\"nofollow noopener\" target=\"_blank\">https:\/\/doi.org\/10.1007\/s10461-020-03055-1<\/a>.<\/p>\n<p class=\"c-article-references__links u-hide-print\"><a data-track=\"click_references\" rel=\"noopener nofollow\" data-track-label=\"10.1007\/s10461-020-03055-1\" data-track-item_id=\"10.1007\/s10461-020-03055-1\" data-track-value=\"article reference\" data-track-action=\"article reference\" href=\"https:\/\/link.springer.com\/doi\/10.1007\/s10461-020-03055-1\" aria-label=\"Article reference 8\" data-doi=\"10.1007\/s10461-020-03055-1\" target=\"_blank\">Article<\/a>\u00a0<br \/>\n    <a data-track=\"click_references\" data-track-action=\"google scholar reference\" data-track-value=\"google scholar reference\" data-track-label=\"link\" data-track-item_id=\"link\" rel=\"nofollow noopener\" aria-label=\"Google Scholar reference 8\" href=\"http:\/\/scholar.google.com\/scholar_lookup?&amp;title=Physical%2C%20emotional%2C%20and%20psychosocial%20challenges%20associated%20with%20daily%20dosing%20of%20HIV%20medications%20and%20their%20impact%20on%20indicators%20of%20quality%20of%20life%3A%20findings%20from%20the%20positive%20perspectives%20study&amp;journal=AIDS%20Behav&amp;doi=10.1007%2Fs10461-020-03055-1&amp;volume=25&amp;issue=3&amp;pages=961-72&amp;publication_year=2021&amp;author=Los%20Rios%2CP&amp;author=Okoli%2CC&amp;author=Castellanos%2CE\" target=\"_blank\"><br \/>\n                    Google Scholar<\/a>\u00a0\n                <\/p>\n<\/li>\n<li class=\"c-article-references__item js-c-reading-companion-references-item\" data-counter=\"9.\">\n<p class=\"c-article-references__text\" id=\"ref-CR9\">Herrmann S, McKinnon E, Hyland NB, et al. Hiv-related stigma and physical symptoms have a persistent influence on health-related quality of life in Australians with HIV infection. Health Qual Life Outcomes. 2013;11:56. <a href=\"https:\/\/doi.org\/10.1186\/1477-7525-11-56\" data-track=\"click_references\" data-track-action=\"external reference\" data-track-value=\"external reference\" data-track-label=\"10.1186\/1477-7525-11-56\" rel=\"nofollow noopener\" target=\"_blank\">https:\/\/doi.org\/10.1186\/1477-7525-11-56<\/a>.<\/p>\n<p class=\"c-article-references__links u-hide-print\"><a data-track=\"click_references\" rel=\"noopener nofollow\" data-track-label=\"10.1186\/1477-7525-11-56\" data-track-item_id=\"10.1186\/1477-7525-11-56\" data-track-value=\"article reference\" data-track-action=\"article reference\" href=\"https:\/\/link.springer.com\/doi\/10.1186\/1477-7525-11-56\" aria-label=\"Article reference 9\" data-doi=\"10.1186\/1477-7525-11-56\" target=\"_blank\">Article<\/a>\u00a0<br \/>\n    <a data-track=\"click_references\" rel=\"nofollow noopener\" data-track-label=\"link\" data-track-item_id=\"link\" data-track-value=\"pubmed reference\" data-track-action=\"pubmed reference\" href=\"http:\/\/www.ncbi.nlm.nih.gov\/entrez\/query.fcgi?cmd=Retrieve&amp;db=PubMed&amp;dopt=Abstract&amp;list_uids=23566318\" aria-label=\"PubMed reference 9\" target=\"_blank\">PubMed<\/a>\u00a0<br \/>\n    <a data-track=\"click_references\" rel=\"nofollow noopener\" data-track-label=\"link\" data-track-item_id=\"link\" data-track-value=\"pubmed central reference\" data-track-action=\"pubmed central reference\" href=\"http:\/\/www.ncbi.nlm.nih.gov\/pmc\/articles\/PMC3623897\" aria-label=\"PubMed Central reference 9\" target=\"_blank\">PubMed Central<\/a>\u00a0<br \/>\n    <a data-track=\"click_references\" data-track-action=\"google scholar reference\" data-track-value=\"google scholar reference\" data-track-label=\"link\" data-track-item_id=\"link\" rel=\"nofollow noopener\" aria-label=\"Google Scholar reference 9\" href=\"http:\/\/scholar.google.com\/scholar_lookup?&amp;title=Hiv-related%20stigma%20and%20physical%20symptoms%20have%20a%20persistent%20influence%20on%20health-related%20quality%20of%20life%20in%20Australians%20with%20HIV%20infection&amp;journal=Health%20Qual%20Life%20Outcomes&amp;doi=10.1186%2F1477-7525-11-56&amp;volume=11&amp;publication_year=2013&amp;author=Herrmann%2CS&amp;author=McKinnon%2CE&amp;author=Hyland%2CNB\" target=\"_blank\"><br \/>\n                    Google Scholar<\/a>\u00a0\n                <\/p>\n<\/li>\n<li class=\"c-article-references__item js-c-reading-companion-references-item\" data-counter=\"10.\">\n<p class=\"c-article-references__text\" id=\"ref-CR10\">Mankhokwe TM, Chisati E, Ntsiea M. Lived experience of people living with HIV in Blantyre, malawi: an exploratory qualitative study. Malawi Med J. 2023;35(4):208\u201313. <a href=\"https:\/\/doi.org\/10.4314\/mmj.v35i4.2\" data-track=\"click_references\" data-track-action=\"external reference\" data-track-value=\"external reference\" data-track-label=\"10.4314\/mmj.v35i4.2\" rel=\"nofollow noopener\" target=\"_blank\">https:\/\/doi.org\/10.4314\/mmj.v35i4.2<\/a>.<\/p>\n<p class=\"c-article-references__links u-hide-print\"><a data-track=\"click_references\" rel=\"nofollow noopener\" data-track-label=\"10.4314\/mmj.v35i4.2\" data-track-item_id=\"10.4314\/mmj.v35i4.2\" data-track-value=\"article reference\" data-track-action=\"article reference\" href=\"https:\/\/doi.org\/10.4314%2Fmmj.v35i4.2\" aria-label=\"Article reference 10\" data-doi=\"10.4314\/mmj.v35i4.2\" target=\"_blank\">Article<\/a>\u00a0<br \/>\n    <a data-track=\"click_references\" rel=\"nofollow noopener\" data-track-label=\"link\" data-track-item_id=\"link\" data-track-value=\"pubmed reference\" data-track-action=\"pubmed reference\" href=\"http:\/\/www.ncbi.nlm.nih.gov\/entrez\/query.fcgi?cmd=Retrieve&amp;db=PubMed&amp;dopt=Abstract&amp;list_uids=38362571\" aria-label=\"PubMed reference 10\" target=\"_blank\">PubMed<\/a>\u00a0<br \/>\n    <a data-track=\"click_references\" rel=\"nofollow noopener\" data-track-label=\"link\" data-track-item_id=\"link\" data-track-value=\"pubmed central reference\" data-track-action=\"pubmed central reference\" href=\"http:\/\/www.ncbi.nlm.nih.gov\/pmc\/articles\/PMC10865054\" aria-label=\"PubMed Central reference 10\" target=\"_blank\">PubMed Central<\/a>\u00a0<br \/>\n    <a data-track=\"click_references\" data-track-action=\"google scholar reference\" data-track-value=\"google scholar reference\" data-track-label=\"link\" data-track-item_id=\"link\" rel=\"nofollow noopener\" aria-label=\"Google Scholar reference 10\" href=\"http:\/\/scholar.google.com\/scholar_lookup?&amp;title=Lived%20experience%20of%20people%20living%20with%20HIV%20in%20Blantyre%2C%20malawi%3A%20an%20exploratory%20qualitative%20study&amp;journal=Malawi%20Med%20J&amp;doi=10.4314%2Fmmj.v35i4.2&amp;volume=35&amp;issue=4&amp;pages=208-13&amp;publication_year=2023&amp;author=Mankhokwe%2CTM&amp;author=Chisati%2CE&amp;author=Ntsiea%2CM\" target=\"_blank\"><br \/>\n                    Google Scholar<\/a>\u00a0\n                <\/p>\n<\/li>\n<li class=\"c-article-references__item js-c-reading-companion-references-item\" data-counter=\"11.\">\n<p class=\"c-article-references__text\" id=\"ref-CR11\">Omuojine J-P, Nguah SB, Ayisi-Boateng NK, et al. Contemporary prevalence and predictors of anxiety among participants living with HIV\/AIDS in Ghana. Ghana Med J. 2022;56(3):169\u201375. <a href=\"https:\/\/doi.org\/10.4314\/gmj.v56i3.6\" data-track=\"click_references\" data-track-action=\"external reference\" data-track-value=\"external reference\" data-track-label=\"10.4314\/gmj.v56i3.6\" rel=\"nofollow noopener\" target=\"_blank\">https:\/\/doi.org\/10.4314\/gmj.v56i3.6<\/a>.<\/p>\n<p class=\"c-article-references__links u-hide-print\"><a data-track=\"click_references\" rel=\"nofollow noopener\" data-track-label=\"10.4314\/gmj.v56i3.6\" data-track-item_id=\"10.4314\/gmj.v56i3.6\" data-track-value=\"article reference\" data-track-action=\"article reference\" href=\"https:\/\/doi.org\/10.4314%2Fgmj.v56i3.6\" aria-label=\"Article reference 11\" data-doi=\"10.4314\/gmj.v56i3.6\" target=\"_blank\">Article<\/a>\u00a0<br \/>\n    <a data-track=\"click_references\" rel=\"nofollow noopener\" data-track-label=\"link\" data-track-item_id=\"link\" data-track-value=\"pubmed reference\" data-track-action=\"pubmed reference\" href=\"http:\/\/www.ncbi.nlm.nih.gov\/entrez\/query.fcgi?cmd=Retrieve&amp;db=PubMed&amp;dopt=Abstract&amp;list_uids=37448991\" aria-label=\"PubMed reference 11\" target=\"_blank\">PubMed<\/a>\u00a0<br \/>\n    <a data-track=\"click_references\" rel=\"nofollow noopener\" data-track-label=\"link\" data-track-item_id=\"link\" data-track-value=\"pubmed central reference\" data-track-action=\"pubmed central reference\" href=\"http:\/\/www.ncbi.nlm.nih.gov\/pmc\/articles\/PMC10336633\" aria-label=\"PubMed Central reference 11\" target=\"_blank\">PubMed Central<\/a>\u00a0<br \/>\n    <a data-track=\"click_references\" data-track-action=\"google scholar reference\" data-track-value=\"google scholar reference\" data-track-label=\"link\" data-track-item_id=\"link\" rel=\"nofollow noopener\" aria-label=\"Google Scholar reference 11\" href=\"http:\/\/scholar.google.com\/scholar_lookup?&amp;title=Contemporary%20prevalence%20and%20predictors%20of%20anxiety%20among%20participants%20living%20with%20HIV%2FAIDS%20in%20Ghana&amp;journal=Ghana%20Med%20J&amp;doi=10.4314%2Fgmj.v56i3.6&amp;volume=56&amp;issue=3&amp;pages=169-75&amp;publication_year=2022&amp;author=Omuojine%2CJ-P&amp;author=Nguah%2CSB&amp;author=Ayisi-Boateng%2CNK\" target=\"_blank\"><br \/>\n                    Google Scholar<\/a>\u00a0\n                <\/p>\n<\/li>\n<li class=\"c-article-references__item js-c-reading-companion-references-item\" data-counter=\"12.\">\n<p class=\"c-article-references__text\" id=\"ref-CR12\">Zhao T, Tang C, Yan H, et al. Comparative efficacy and acceptability of non-pharmacological interventions for depression in people living with HIV: a systematic review and network meta-analysis. Int J Nurs Stud. 2023;140:104452. <a href=\"https:\/\/doi.org\/10.1016\/j.ijnurstu.2023.104452\" data-track=\"click_references\" data-track-action=\"external reference\" data-track-value=\"external reference\" data-track-label=\"10.1016\/j.ijnurstu.2023.104452\" rel=\"nofollow noopener\" target=\"_blank\">https:\/\/doi.org\/10.1016\/j.ijnurstu.2023.104452<\/a>.<\/p>\n<p class=\"c-article-references__links u-hide-print\"><a data-track=\"click_references\" rel=\"nofollow noopener\" data-track-label=\"10.1016\/j.ijnurstu.2023.104452\" data-track-item_id=\"10.1016\/j.ijnurstu.2023.104452\" data-track-value=\"article reference\" data-track-action=\"article reference\" href=\"https:\/\/doi.org\/10.1016%2Fj.ijnurstu.2023.104452\" aria-label=\"Article reference 12\" data-doi=\"10.1016\/j.ijnurstu.2023.104452\" target=\"_blank\">Article<\/a>\u00a0<br \/>\n    <a data-track=\"click_references\" rel=\"nofollow noopener\" data-track-label=\"link\" data-track-item_id=\"link\" data-track-value=\"pubmed reference\" data-track-action=\"pubmed reference\" href=\"http:\/\/www.ncbi.nlm.nih.gov\/entrez\/query.fcgi?cmd=Retrieve&amp;db=PubMed&amp;dopt=Abstract&amp;list_uids=36821952\" aria-label=\"PubMed reference 12\" target=\"_blank\">PubMed<\/a>\u00a0<br \/>\n    <a data-track=\"click_references\" data-track-action=\"google scholar reference\" data-track-value=\"google scholar reference\" data-track-label=\"link\" data-track-item_id=\"link\" rel=\"nofollow noopener\" aria-label=\"Google Scholar reference 12\" href=\"http:\/\/scholar.google.com\/scholar_lookup?&amp;title=Comparative%20efficacy%20and%20acceptability%20of%20non-pharmacological%20interventions%20for%20depression%20in%20people%20living%20with%20HIV%3A%20a%20systematic%20review%20and%20network%20meta-analysis&amp;journal=Int%20J%20Nurs%20Stud&amp;doi=10.1016%2Fj.ijnurstu.2023.104452&amp;volume=140&amp;publication_year=2023&amp;author=Zhao%2CT&amp;author=Tang%2CC&amp;author=Yan%2CH\" target=\"_blank\"><br \/>\n                    Google Scholar<\/a>\u00a0\n                <\/p>\n<\/li>\n<li class=\"c-article-references__item js-c-reading-companion-references-item\" data-counter=\"13.\">\n<p class=\"c-article-references__text\" id=\"ref-CR13\">Rezaei S, Ahmadi S, Rahmati J, et al. Global prevalence of depression in HIV\/AIDS: a systematic review and meta-analysis. BMJ Support Palliat Care. 2019;9(4):404\u201312. <a href=\"https:\/\/doi.org\/10.1136\/bmjspcare-2019-001952\" data-track=\"click_references\" data-track-action=\"external reference\" data-track-value=\"external reference\" data-track-label=\"10.1136\/bmjspcare-2019-001952\" rel=\"nofollow noopener\" target=\"_blank\">https:\/\/doi.org\/10.1136\/bmjspcare-2019-001952<\/a>.<\/p>\n<p class=\"c-article-references__links u-hide-print\"><a data-track=\"click_references\" rel=\"nofollow noopener\" data-track-label=\"10.1136\/bmjspcare-2019-001952\" data-track-item_id=\"10.1136\/bmjspcare-2019-001952\" data-track-value=\"article reference\" data-track-action=\"article reference\" href=\"https:\/\/doi.org\/10.1136%2Fbmjspcare-2019-001952\" aria-label=\"Article reference 13\" data-doi=\"10.1136\/bmjspcare-2019-001952\" target=\"_blank\">Article<\/a>\u00a0<br \/>\n    <a data-track=\"click_references\" rel=\"nofollow noopener\" data-track-label=\"link\" data-track-item_id=\"link\" data-track-value=\"pubmed reference\" data-track-action=\"pubmed reference\" href=\"http:\/\/www.ncbi.nlm.nih.gov\/entrez\/query.fcgi?cmd=Retrieve&amp;db=PubMed&amp;dopt=Abstract&amp;list_uids=31537580\" aria-label=\"PubMed reference 13\" target=\"_blank\">PubMed<\/a>\u00a0<br \/>\n    <a data-track=\"click_references\" data-track-action=\"google scholar reference\" data-track-value=\"google scholar reference\" data-track-label=\"link\" data-track-item_id=\"link\" rel=\"nofollow noopener\" aria-label=\"Google Scholar reference 13\" href=\"http:\/\/scholar.google.com\/scholar_lookup?&amp;title=Global%20prevalence%20of%20depression%20in%20HIV%2FAIDS%3A%20a%20systematic%20review%20and%20meta-analysis&amp;journal=BMJ%20Support%20Palliat%20Care&amp;doi=10.1136%2Fbmjspcare-2019-001952&amp;volume=9&amp;issue=4&amp;pages=404-12&amp;publication_year=2019&amp;author=Rezaei%2CS&amp;author=Ahmadi%2CS&amp;author=Rahmati%2CJ\" target=\"_blank\"><br \/>\n                    Google Scholar<\/a>\u00a0\n                <\/p>\n<\/li>\n<li class=\"c-article-references__item js-c-reading-companion-references-item\" data-counter=\"14.\">\n<p class=\"c-article-references__text\" id=\"ref-CR14\">Ji J, Zhang Y, Ma Y, et al. People who living with HIV\/AIDS also have a high prevalence of anxiety disorders: a systematic review and meta-analysis. Front Psychiatry. 2024;15:1259290. <a href=\"https:\/\/doi.org\/10.3389\/fpsyt.2024.1259290\" data-track=\"click_references\" data-track-action=\"external reference\" data-track-value=\"external reference\" data-track-label=\"10.3389\/fpsyt.2024.1259290\" rel=\"nofollow noopener\" target=\"_blank\">https:\/\/doi.org\/10.3389\/fpsyt.2024.1259290<\/a>.<\/p>\n<p class=\"c-article-references__links u-hide-print\"><a data-track=\"click_references\" rel=\"nofollow noopener\" data-track-label=\"10.3389\/fpsyt.2024.1259290\" data-track-item_id=\"10.3389\/fpsyt.2024.1259290\" data-track-value=\"article reference\" data-track-action=\"article reference\" href=\"https:\/\/doi.org\/10.3389%2Ffpsyt.2024.1259290\" aria-label=\"Article reference 14\" data-doi=\"10.3389\/fpsyt.2024.1259290\" target=\"_blank\">Article<\/a>\u00a0<br \/>\n    <a data-track=\"click_references\" rel=\"nofollow noopener\" data-track-label=\"link\" data-track-item_id=\"link\" data-track-value=\"pubmed reference\" data-track-action=\"pubmed reference\" href=\"http:\/\/www.ncbi.nlm.nih.gov\/entrez\/query.fcgi?cmd=Retrieve&amp;db=PubMed&amp;dopt=Abstract&amp;list_uids=38380124\" aria-label=\"PubMed reference 14\" target=\"_blank\">PubMed<\/a>\u00a0<br \/>\n    <a data-track=\"click_references\" rel=\"nofollow noopener\" data-track-label=\"link\" data-track-item_id=\"link\" data-track-value=\"pubmed central reference\" data-track-action=\"pubmed central reference\" href=\"http:\/\/www.ncbi.nlm.nih.gov\/pmc\/articles\/PMC10877523\" aria-label=\"PubMed Central reference 14\" target=\"_blank\">PubMed Central<\/a>\u00a0<br \/>\n    <a data-track=\"click_references\" data-track-action=\"google scholar reference\" data-track-value=\"google scholar reference\" data-track-label=\"link\" data-track-item_id=\"link\" rel=\"nofollow noopener\" aria-label=\"Google Scholar reference 14\" href=\"http:\/\/scholar.google.com\/scholar_lookup?&amp;title=People%20who%20living%20with%20HIV%2FAIDS%20also%20have%20a%20high%20prevalence%20of%20anxiety%20disorders%3A%20a%20systematic%20review%20and%20meta-analysis&amp;journal=Front%20Psychiatry&amp;doi=10.3389%2Ffpsyt.2024.1259290&amp;volume=15&amp;publication_year=2024&amp;author=Ji%2CJ&amp;author=Zhang%2CY&amp;author=Ma%2CY\" target=\"_blank\"><br \/>\n                    Google Scholar<\/a>\u00a0\n                <\/p>\n<\/li>\n<li class=\"c-article-references__item js-c-reading-companion-references-item\" data-counter=\"15.\">\n<p class=\"c-article-references__text\" id=\"ref-CR15\">Nanni MG, Caruso R, Mitchell AJ, et al. Depression in HIV infected participants: a review. Curr Psychiatry Rep. 2015;17(1):530. <a href=\"https:\/\/doi.org\/10.1007\/s11920-014-0530-4\" data-track=\"click_references\" data-track-action=\"external reference\" data-track-value=\"external reference\" data-track-label=\"10.1007\/s11920-014-0530-4\" rel=\"nofollow noopener\" target=\"_blank\">https:\/\/doi.org\/10.1007\/s11920-014-0530-4<\/a>.<\/p>\n<p class=\"c-article-references__links u-hide-print\"><a data-track=\"click_references\" rel=\"noopener nofollow\" data-track-label=\"10.1007\/s11920-014-0530-4\" data-track-item_id=\"10.1007\/s11920-014-0530-4\" data-track-value=\"article reference\" data-track-action=\"article reference\" href=\"https:\/\/link.springer.com\/doi\/10.1007\/s11920-014-0530-4\" aria-label=\"Article reference 15\" data-doi=\"10.1007\/s11920-014-0530-4\" target=\"_blank\">Article<\/a>\u00a0<br \/>\n    <a data-track=\"click_references\" rel=\"nofollow noopener\" data-track-label=\"link\" data-track-item_id=\"link\" data-track-value=\"pubmed reference\" data-track-action=\"pubmed reference\" href=\"http:\/\/www.ncbi.nlm.nih.gov\/entrez\/query.fcgi?cmd=Retrieve&amp;db=PubMed&amp;dopt=Abstract&amp;list_uids=25413636\" aria-label=\"PubMed reference 15\" target=\"_blank\">PubMed<\/a>\u00a0<br \/>\n    <a data-track=\"click_references\" data-track-action=\"google scholar reference\" data-track-value=\"google scholar reference\" data-track-label=\"link\" data-track-item_id=\"link\" rel=\"nofollow noopener\" aria-label=\"Google Scholar reference 15\" href=\"http:\/\/scholar.google.com\/scholar_lookup?&amp;title=Depression%20in%20HIV%20infected%20participants%3A%20a%20review&amp;journal=Curr%20Psychiatry%20Rep&amp;doi=10.1007%2Fs11920-014-0530-4&amp;volume=17&amp;issue=1&amp;publication_year=2015&amp;author=Nanni%2CMG&amp;author=Caruso%2CR&amp;author=Mitchell%2CAJ\" target=\"_blank\"><br \/>\n                    Google Scholar<\/a>\u00a0\n                <\/p>\n<\/li>\n<li class=\"c-article-references__item js-c-reading-companion-references-item\" data-counter=\"16.\">\n<p class=\"c-article-references__text\" id=\"ref-CR16\">Quintana-Ortiz RA, Gomez MA, B\u00e1ez Feliciano DV, et al. Suicide attempts among Puerto Rican men and women with HIV\/AIDS: a study of prevalence and risk factors. Ethn Dis. 2008;18(2 Suppl 2):S2\u2013219.<\/p>\n<p class=\"c-article-references__links u-hide-print\"><a data-track=\"click_references\" rel=\"nofollow noopener\" data-track-label=\"link\" data-track-item_id=\"link\" data-track-value=\"pubmed reference\" data-track-action=\"pubmed reference\" href=\"http:\/\/www.ncbi.nlm.nih.gov\/entrez\/query.fcgi?cmd=Retrieve&amp;db=PubMed&amp;dopt=Abstract&amp;list_uids=18646353\" aria-label=\"PubMed reference 16\" target=\"_blank\">PubMed<\/a>\u00a0<br \/>\n    <a data-track=\"click_references\" data-track-action=\"google scholar reference\" data-track-value=\"google scholar reference\" data-track-label=\"link\" data-track-item_id=\"link\" rel=\"nofollow noopener\" aria-label=\"Google Scholar reference 16\" href=\"http:\/\/scholar.google.com\/scholar_lookup?&amp;title=Suicide%20attempts%20among%20Puerto%20Rican%20men%20and%20women%20with%20HIV%2FAIDS%3A%20a%20study%20of%20prevalence%20and%20risk%20factors&amp;journal=Ethn%20Dis&amp;volume=18&amp;issue=2%20Suppl%202&amp;pages=S2-219&amp;publication_year=2008&amp;author=Quintana-Ortiz%2CRA&amp;author=Gomez%2CMA&amp;author=B%C3%A1ez%20Feliciano%2CDV\" target=\"_blank\"><br \/>\n                    Google Scholar<\/a>\u00a0\n                <\/p>\n<\/li>\n<li class=\"c-article-references__item js-c-reading-companion-references-item\" data-counter=\"17.\">\n<p class=\"c-article-references__text\" id=\"ref-CR17\">Patel V, Saxena S, Lund C, et al. The lancet commission on global mental health and sustainable development. Lancet. 2018;392(10157):1553\u201398. <a href=\"https:\/\/doi.org\/10.1016\/S0140-6736(18)31612-X\" data-track=\"click_references\" data-track-action=\"external reference\" data-track-value=\"external reference\" data-track-label=\"10.1016\/S0140-6736(18)31612-X\" rel=\"nofollow noopener\" target=\"_blank\">https:\/\/doi.org\/10.1016\/S0140-6736(18)31612-X<\/a>.<\/p>\n<p class=\"c-article-references__links u-hide-print\"><a data-track=\"click_references\" rel=\"nofollow noopener\" data-track-label=\"10.1016\/S0140-6736(18)31612-X\" data-track-item_id=\"10.1016\/S0140-6736(18)31612-X\" data-track-value=\"article reference\" data-track-action=\"article reference\" href=\"https:\/\/doi.org\/10.1016%2FS0140-6736%2818%2931612-X\" aria-label=\"Article reference 17\" data-doi=\"10.1016\/S0140-6736(18)31612-X\" target=\"_blank\">Article<\/a>\u00a0<br \/>\n    <a data-track=\"click_references\" rel=\"nofollow noopener\" data-track-label=\"link\" data-track-item_id=\"link\" data-track-value=\"pubmed reference\" data-track-action=\"pubmed reference\" href=\"http:\/\/www.ncbi.nlm.nih.gov\/entrez\/query.fcgi?cmd=Retrieve&amp;db=PubMed&amp;dopt=Abstract&amp;list_uids=30314863\" aria-label=\"PubMed reference 17\" target=\"_blank\">PubMed<\/a>\u00a0<br \/>\n    <a data-track=\"click_references\" data-track-action=\"google scholar reference\" data-track-value=\"google scholar reference\" data-track-label=\"link\" data-track-item_id=\"link\" rel=\"nofollow noopener\" aria-label=\"Google Scholar reference 17\" href=\"http:\/\/scholar.google.com\/scholar_lookup?&amp;title=The%20lancet%20commission%20on%20global%20mental%20health%20and%20sustainable%20development&amp;journal=Lancet&amp;doi=10.1016%2FS0140-6736%2818%2931612-X&amp;volume=392&amp;issue=10157&amp;pages=1553-98&amp;publication_year=2018&amp;author=Patel%2CV&amp;author=Saxena%2CS&amp;author=Lund%2CC\" target=\"_blank\"><br \/>\n                    Google Scholar<\/a>\u00a0\n                <\/p>\n<\/li>\n<li class=\"c-article-references__item js-c-reading-companion-references-item\" data-counter=\"18.\">\n<p class=\"c-article-references__text\" id=\"ref-CR18\">Molendijk M, Molero P, Ortu\u00f1o S\u00e1nchez-Pedre\u00f1o F, et al. Diet quality and depression risk: a systematic review and dose-response meta-analysis of prospective studies. J Affect Disord. 2018;226:346\u201354. <a href=\"https:\/\/doi.org\/10.1016\/j.jad.2017.09.022\" data-track=\"click_references\" data-track-action=\"external reference\" data-track-value=\"external reference\" data-track-label=\"10.1016\/j.jad.2017.09.022\" rel=\"nofollow noopener\" target=\"_blank\">https:\/\/doi.org\/10.1016\/j.jad.2017.09.022<\/a>.<\/p>\n<p class=\"c-article-references__links u-hide-print\"><a data-track=\"click_references\" rel=\"nofollow noopener\" data-track-label=\"10.1016\/j.jad.2017.09.022\" data-track-item_id=\"10.1016\/j.jad.2017.09.022\" data-track-value=\"article reference\" data-track-action=\"article reference\" href=\"https:\/\/doi.org\/10.1016%2Fj.jad.2017.09.022\" aria-label=\"Article reference 18\" data-doi=\"10.1016\/j.jad.2017.09.022\" target=\"_blank\">Article<\/a>\u00a0<br \/>\n    <a data-track=\"click_references\" rel=\"nofollow noopener\" data-track-label=\"link\" data-track-item_id=\"link\" data-track-value=\"pubmed reference\" data-track-action=\"pubmed reference\" href=\"http:\/\/www.ncbi.nlm.nih.gov\/entrez\/query.fcgi?cmd=Retrieve&amp;db=PubMed&amp;dopt=Abstract&amp;list_uids=29031185\" aria-label=\"PubMed reference 18\" target=\"_blank\">PubMed<\/a>\u00a0<br \/>\n    <a data-track=\"click_references\" data-track-action=\"google scholar reference\" data-track-value=\"google scholar reference\" data-track-label=\"link\" data-track-item_id=\"link\" rel=\"nofollow noopener\" aria-label=\"Google Scholar reference 18\" href=\"http:\/\/scholar.google.com\/scholar_lookup?&amp;title=Diet%20quality%20and%20depression%20risk%3A%20a%20systematic%20review%20and%20dose-response%20meta-analysis%20of%20prospective%20studies&amp;journal=J%20Affect%20Disord&amp;doi=10.1016%2Fj.jad.2017.09.022&amp;volume=226&amp;pages=346-54&amp;publication_year=2018&amp;author=Molendijk%2CM&amp;author=Molero%2CP&amp;author=Ortu%C3%B1o%20S%C3%A1nchez-Pedre%C3%B1o%2CF\" target=\"_blank\"><br \/>\n                    Google Scholar<\/a>\u00a0\n                <\/p>\n<\/li>\n<li class=\"c-article-references__item js-c-reading-companion-references-item\" data-counter=\"19.\">\n<p class=\"c-article-references__text\" id=\"ref-CR19\">Bremner JD, Moazzami K, Wittbrodt MT, et al. Diet, stress and mental health. Nutrients. 2020;12(8):2428. <a href=\"https:\/\/doi.org\/10.3390\/nu12082428\" data-track=\"click_references\" data-track-action=\"external reference\" data-track-value=\"external reference\" data-track-label=\"10.3390\/nu12082428\" rel=\"nofollow noopener\" target=\"_blank\">https:\/\/doi.org\/10.3390\/nu12082428<\/a>.<\/p>\n<p class=\"c-article-references__links u-hide-print\"><a data-track=\"click_references\" rel=\"nofollow noopener\" data-track-label=\"10.3390\/nu12082428\" data-track-item_id=\"10.3390\/nu12082428\" data-track-value=\"article reference\" data-track-action=\"article reference\" href=\"https:\/\/doi.org\/10.3390%2Fnu12082428\" aria-label=\"Article reference 19\" data-doi=\"10.3390\/nu12082428\" target=\"_blank\">Article<\/a>\u00a0<br \/>\n    <a data-track=\"click_references\" rel=\"nofollow noopener\" data-track-label=\"link\" data-track-item_id=\"link\" data-track-value=\"cas reference\" data-track-action=\"cas reference\" href=\"https:\/\/bmcpublichealth.biomedcentral.com\/articles\/cas-redirect\/1:CAS:528:DC%2BB3cXitVGltbrE\" aria-label=\"CAS reference 19\" target=\"_blank\">CAS<\/a>\u00a0<br \/>\n    <a data-track=\"click_references\" rel=\"nofollow noopener\" data-track-label=\"link\" data-track-item_id=\"link\" data-track-value=\"pubmed reference\" data-track-action=\"pubmed reference\" href=\"http:\/\/www.ncbi.nlm.nih.gov\/entrez\/query.fcgi?cmd=Retrieve&amp;db=PubMed&amp;dopt=Abstract&amp;list_uids=32823562\" aria-label=\"PubMed reference 19\" target=\"_blank\">PubMed<\/a>\u00a0<br \/>\n    <a data-track=\"click_references\" rel=\"nofollow noopener\" data-track-label=\"link\" data-track-item_id=\"link\" data-track-value=\"pubmed central reference\" data-track-action=\"pubmed central reference\" href=\"http:\/\/www.ncbi.nlm.nih.gov\/pmc\/articles\/PMC7468813\" aria-label=\"PubMed Central reference 19\" target=\"_blank\">PubMed Central<\/a>\u00a0<br \/>\n    <a data-track=\"click_references\" data-track-action=\"google scholar reference\" data-track-value=\"google scholar reference\" data-track-label=\"link\" data-track-item_id=\"link\" rel=\"nofollow noopener\" aria-label=\"Google Scholar reference 19\" href=\"http:\/\/scholar.google.com\/scholar_lookup?&amp;title=Diet%2C%20stress%20and%20mental%20health&amp;journal=Nutrients&amp;doi=10.3390%2Fnu12082428&amp;volume=12&amp;issue=8&amp;publication_year=2020&amp;author=Bremner%2CJD&amp;author=Moazzami%2CK&amp;author=Wittbrodt%2CMT\" target=\"_blank\"><br \/>\n                    Google Scholar<\/a>\u00a0\n                <\/p>\n<\/li>\n<li class=\"c-article-references__item js-c-reading-companion-references-item\" data-counter=\"20.\">\n<p class=\"c-article-references__text\" id=\"ref-CR20\">Adan RAH, van der Beek EM, Buitelaar JK, et al. Nutritional psychiatry: towards improving mental health by what you eat. Eur Neuropsychopharmacol. 2019;29(12):1321\u201332. <a href=\"https:\/\/doi.org\/10.1016\/j.euroneuro.2019.10.011\" data-track=\"click_references\" data-track-action=\"external reference\" data-track-value=\"external reference\" data-track-label=\"10.1016\/j.euroneuro.2019.10.011\" rel=\"nofollow noopener\" target=\"_blank\">https:\/\/doi.org\/10.1016\/j.euroneuro.2019.10.011<\/a>.<\/p>\n<p class=\"c-article-references__links u-hide-print\"><a data-track=\"click_references\" rel=\"nofollow noopener\" data-track-label=\"10.1016\/j.euroneuro.2019.10.011\" data-track-item_id=\"10.1016\/j.euroneuro.2019.10.011\" data-track-value=\"article reference\" data-track-action=\"article reference\" href=\"https:\/\/doi.org\/10.1016%2Fj.euroneuro.2019.10.011\" aria-label=\"Article reference 20\" data-doi=\"10.1016\/j.euroneuro.2019.10.011\" target=\"_blank\">Article<\/a>\u00a0<br \/>\n    <a data-track=\"click_references\" rel=\"nofollow noopener\" data-track-label=\"link\" data-track-item_id=\"link\" data-track-value=\"cas reference\" data-track-action=\"cas reference\" href=\"https:\/\/bmcpublichealth.biomedcentral.com\/articles\/cas-redirect\/1:CAS:528:DC%2BC1MXitFGqsL7F\" aria-label=\"CAS reference 20\" target=\"_blank\">CAS<\/a>\u00a0<br \/>\n    <a data-track=\"click_references\" rel=\"nofollow noopener\" data-track-label=\"link\" data-track-item_id=\"link\" data-track-value=\"pubmed reference\" data-track-action=\"pubmed reference\" href=\"http:\/\/www.ncbi.nlm.nih.gov\/entrez\/query.fcgi?cmd=Retrieve&amp;db=PubMed&amp;dopt=Abstract&amp;list_uids=31735529\" aria-label=\"PubMed reference 20\" target=\"_blank\">PubMed<\/a>\u00a0<br \/>\n    <a data-track=\"click_references\" data-track-action=\"google scholar reference\" data-track-value=\"google scholar reference\" data-track-label=\"link\" data-track-item_id=\"link\" rel=\"nofollow noopener\" aria-label=\"Google Scholar reference 20\" href=\"http:\/\/scholar.google.com\/scholar_lookup?&amp;title=Nutritional%20psychiatry%3A%20towards%20improving%20mental%20health%20by%20what%20you%20eat&amp;journal=Eur%20Neuropsychopharmacol&amp;doi=10.1016%2Fj.euroneuro.2019.10.011&amp;volume=29&amp;issue=12&amp;pages=1321-32&amp;publication_year=2019&amp;author=Adan%2CRAH&amp;author=Beek%2CEM&amp;author=Buitelaar%2CJK\" target=\"_blank\"><br \/>\n                    Google Scholar<\/a>\u00a0\n                <\/p>\n<\/li>\n<li class=\"c-article-references__item js-c-reading-companion-references-item\" data-counter=\"21.\">\n<p class=\"c-article-references__text\" id=\"ref-CR21\">Wang Y, Liu J, Compher C, et al. Associations between dietary intake, diet quality and depressive symptoms in youth: a systematic review of observational studies. Health Promot Perspect. 2022;12(3):249\u201365. <a href=\"https:\/\/doi.org\/10.34172\/hpp.2022.32\" data-track=\"click_references\" data-track-action=\"external reference\" data-track-value=\"external reference\" data-track-label=\"10.34172\/hpp.2022.32\" rel=\"nofollow noopener\" target=\"_blank\">https:\/\/doi.org\/10.34172\/hpp.2022.32<\/a>.<\/p>\n<p class=\"c-article-references__links u-hide-print\"><a data-track=\"click_references\" rel=\"nofollow noopener\" data-track-label=\"10.34172\/hpp.2022.32\" data-track-item_id=\"10.34172\/hpp.2022.32\" data-track-value=\"article reference\" data-track-action=\"article reference\" href=\"https:\/\/doi.org\/10.34172%2Fhpp.2022.32\" aria-label=\"Article reference 21\" data-doi=\"10.34172\/hpp.2022.32\" target=\"_blank\">Article<\/a>\u00a0<br \/>\n    <a data-track=\"click_references\" rel=\"nofollow noopener\" data-track-label=\"link\" data-track-item_id=\"link\" data-track-value=\"pubmed reference\" data-track-action=\"pubmed reference\" href=\"http:\/\/www.ncbi.nlm.nih.gov\/entrez\/query.fcgi?cmd=Retrieve&amp;db=PubMed&amp;dopt=Abstract&amp;list_uids=36686054\" aria-label=\"PubMed reference 21\" target=\"_blank\">PubMed<\/a>\u00a0<br \/>\n    <a data-track=\"click_references\" rel=\"nofollow noopener\" data-track-label=\"link\" data-track-item_id=\"link\" data-track-value=\"pubmed central reference\" data-track-action=\"pubmed central reference\" href=\"http:\/\/www.ncbi.nlm.nih.gov\/pmc\/articles\/PMC9808911\" aria-label=\"PubMed Central reference 21\" target=\"_blank\">PubMed Central<\/a>\u00a0<br \/>\n    <a data-track=\"click_references\" data-track-action=\"google scholar reference\" data-track-value=\"google scholar reference\" data-track-label=\"link\" data-track-item_id=\"link\" rel=\"nofollow noopener\" aria-label=\"Google Scholar reference 21\" href=\"http:\/\/scholar.google.com\/scholar_lookup?&amp;title=Associations%20between%20dietary%20intake%2C%20diet%20quality%20and%20depressive%20symptoms%20in%20youth%3A%20a%20systematic%20review%20of%20observational%20studies&amp;journal=Health%20Promot%20Perspect&amp;doi=10.34172%2Fhpp.2022.32&amp;volume=12&amp;issue=3&amp;pages=249-65&amp;publication_year=2022&amp;author=Wang%2CY&amp;author=Liu%2CJ&amp;author=Compher%2CC\" target=\"_blank\"><br \/>\n                    Google Scholar<\/a>\u00a0\n                <\/p>\n<\/li>\n<li class=\"c-article-references__item js-c-reading-companion-references-item\" data-counter=\"22.\">\n<p class=\"c-article-references__text\" id=\"ref-CR22\">Ruusunen A, Lehto SM, Mursu J, et al. Dietary patterns are associated with the prevalence of elevated depressive symptoms and the risk of getting a hospital discharge diagnosis of depression in middle-aged or older Finnish men. J Affect Disord. 2014;159:1\u20136. <a href=\"https:\/\/doi.org\/10.1016\/j.jad.2014.01.020\" data-track=\"click_references\" data-track-action=\"external reference\" data-track-value=\"external reference\" data-track-label=\"10.1016\/j.jad.2014.01.020\" rel=\"nofollow noopener\" target=\"_blank\">https:\/\/doi.org\/10.1016\/j.jad.2014.01.020<\/a>.<\/p>\n<p class=\"c-article-references__links u-hide-print\"><a data-track=\"click_references\" rel=\"nofollow noopener\" data-track-label=\"10.1016\/j.jad.2014.01.020\" data-track-item_id=\"10.1016\/j.jad.2014.01.020\" data-track-value=\"article reference\" data-track-action=\"article reference\" href=\"https:\/\/doi.org\/10.1016%2Fj.jad.2014.01.020\" aria-label=\"Article reference 22\" data-doi=\"10.1016\/j.jad.2014.01.020\" target=\"_blank\">Article<\/a>\u00a0<br \/>\n    <a data-track=\"click_references\" rel=\"nofollow noopener\" data-track-label=\"link\" data-track-item_id=\"link\" data-track-value=\"pubmed reference\" data-track-action=\"pubmed reference\" href=\"http:\/\/www.ncbi.nlm.nih.gov\/entrez\/query.fcgi?cmd=Retrieve&amp;db=PubMed&amp;dopt=Abstract&amp;list_uids=24679382\" aria-label=\"PubMed reference 22\" target=\"_blank\">PubMed<\/a>\u00a0<br \/>\n    <a data-track=\"click_references\" data-track-action=\"google scholar reference\" data-track-value=\"google scholar reference\" data-track-label=\"link\" data-track-item_id=\"link\" rel=\"nofollow noopener\" aria-label=\"Google Scholar reference 22\" href=\"http:\/\/scholar.google.com\/scholar_lookup?&amp;title=Dietary%20patterns%20are%20associated%20with%20the%20prevalence%20of%20elevated%20depressive%20symptoms%20and%20the%20risk%20of%20getting%20a%20hospital%20discharge%20diagnosis%20of%20depression%20in%20middle-aged%20or%20older%20Finnish%20men&amp;journal=J%20Affect%20Disord&amp;doi=10.1016%2Fj.jad.2014.01.020&amp;volume=159&amp;pages=1-6&amp;publication_year=2014&amp;author=Ruusunen%2CA&amp;author=Lehto%2CSM&amp;author=Mursu%2CJ\" target=\"_blank\"><br \/>\n                    Google Scholar<\/a>\u00a0\n                <\/p>\n<\/li>\n<li class=\"c-article-references__item js-c-reading-companion-references-item\" data-counter=\"23.\">\n<p class=\"c-article-references__text\" id=\"ref-CR23\">Gonz\u00e1lez-Herrera M, Garc\u00eda-Garc\u00eda M, Diez-Arroyo C, et al. Dietary patterns and factors and their association with the anxiety in adult population: proposed recommendations based on a scoping review of systematic reviews and meta-analyses. Nutr Hosp. 2023;40(6):1270\u201389. <a href=\"https:\/\/doi.org\/10.20960\/nh.04771\" data-track=\"click_references\" data-track-action=\"external reference\" data-track-value=\"external reference\" data-track-label=\"10.20960\/nh.04771\" rel=\"nofollow noopener\" target=\"_blank\">https:\/\/doi.org\/10.20960\/nh.04771<\/a>.<\/p>\n<p class=\"c-article-references__links u-hide-print\"><a data-track=\"click_references\" rel=\"nofollow noopener\" data-track-label=\"10.20960\/nh.04771\" data-track-item_id=\"10.20960\/nh.04771\" data-track-value=\"article reference\" data-track-action=\"article reference\" href=\"https:\/\/doi.org\/10.20960%2Fnh.04771\" aria-label=\"Article reference 23\" data-doi=\"10.20960\/nh.04771\" target=\"_blank\">Article<\/a>\u00a0<br \/>\n    <a data-track=\"click_references\" rel=\"nofollow noopener\" data-track-label=\"link\" data-track-item_id=\"link\" data-track-value=\"pubmed reference\" data-track-action=\"pubmed reference\" href=\"http:\/\/www.ncbi.nlm.nih.gov\/entrez\/query.fcgi?cmd=Retrieve&amp;db=PubMed&amp;dopt=Abstract&amp;list_uids=37929848\" aria-label=\"PubMed reference 23\" target=\"_blank\">PubMed<\/a>\u00a0<br \/>\n    <a data-track=\"click_references\" data-track-action=\"google scholar reference\" data-track-value=\"google scholar reference\" data-track-label=\"link\" data-track-item_id=\"link\" rel=\"nofollow noopener\" aria-label=\"Google Scholar reference 23\" href=\"http:\/\/scholar.google.com\/scholar_lookup?&amp;title=Dietary%20patterns%20and%20factors%20and%20their%20association%20with%20the%20anxiety%20in%20adult%20population%3A%20proposed%20recommendations%20based%20on%20a%20scoping%20review%20of%20systematic%20reviews%20and%20meta-analyses&amp;journal=Nutr%20Hosp&amp;doi=10.20960%2Fnh.04771&amp;volume=40&amp;issue=6&amp;pages=1270-89&amp;publication_year=2023&amp;author=Gonz%C3%A1lez-Herrera%2CM&amp;author=Garc%C3%ADa-Garc%C3%ADa%2CM&amp;author=Diez-Arroyo%2CC\" target=\"_blank\"><br \/>\n                    Google Scholar<\/a>\u00a0\n                <\/p>\n<\/li>\n<li class=\"c-article-references__item js-c-reading-companion-references-item\" data-counter=\"24.\">\n<p class=\"c-article-references__text\" id=\"ref-CR24\">Chen H, Cao Z, Hou Y, et al. The associations of dietary patterns with depressive and anxiety symptoms: a prospective study. BMC Med. 2023;21(1):307. <a href=\"https:\/\/doi.org\/10.1186\/s12916-023-03019-x\" data-track=\"click_references\" data-track-action=\"external reference\" data-track-value=\"external reference\" data-track-label=\"10.1186\/s12916-023-03019-x\" rel=\"nofollow noopener\" target=\"_blank\">https:\/\/doi.org\/10.1186\/s12916-023-03019-x<\/a>.<\/p>\n<p class=\"c-article-references__links u-hide-print\"><a data-track=\"click_references\" rel=\"noopener nofollow\" data-track-label=\"10.1186\/s12916-023-03019-x\" data-track-item_id=\"10.1186\/s12916-023-03019-x\" data-track-value=\"article reference\" data-track-action=\"article reference\" href=\"https:\/\/link.springer.com\/doi\/10.1186\/s12916-023-03019-x\" aria-label=\"Article reference 24\" data-doi=\"10.1186\/s12916-023-03019-x\" target=\"_blank\">Article<\/a>\u00a0<br \/>\n    <a data-track=\"click_references\" rel=\"nofollow noopener\" data-track-label=\"link\" data-track-item_id=\"link\" data-track-value=\"cas reference\" data-track-action=\"cas reference\" href=\"https:\/\/bmcpublichealth.biomedcentral.com\/articles\/cas-redirect\/1:CAS:528:DC%2BB3sXhslagtLrN\" aria-label=\"CAS reference 24\" target=\"_blank\">CAS<\/a>\u00a0<br \/>\n    <a data-track=\"click_references\" rel=\"nofollow noopener\" data-track-label=\"link\" data-track-item_id=\"link\" data-track-value=\"pubmed reference\" data-track-action=\"pubmed reference\" href=\"http:\/\/www.ncbi.nlm.nih.gov\/entrez\/query.fcgi?cmd=Retrieve&amp;db=PubMed&amp;dopt=Abstract&amp;list_uids=37580669\" aria-label=\"PubMed reference 24\" target=\"_blank\">PubMed<\/a>\u00a0<br \/>\n    <a data-track=\"click_references\" rel=\"nofollow noopener\" data-track-label=\"link\" data-track-item_id=\"link\" data-track-value=\"pubmed central reference\" data-track-action=\"pubmed central reference\" href=\"http:\/\/www.ncbi.nlm.nih.gov\/pmc\/articles\/PMC10426158\" aria-label=\"PubMed Central reference 24\" target=\"_blank\">PubMed Central<\/a>\u00a0<br \/>\n    <a data-track=\"click_references\" data-track-action=\"google scholar reference\" data-track-value=\"google scholar reference\" data-track-label=\"link\" data-track-item_id=\"link\" rel=\"nofollow noopener\" aria-label=\"Google Scholar reference 24\" href=\"http:\/\/scholar.google.com\/scholar_lookup?&amp;title=The%20associations%20of%20dietary%20patterns%20with%20depressive%20and%20anxiety%20symptoms%3A%20a%20prospective%20study&amp;journal=BMC%20Med&amp;doi=10.1186%2Fs12916-023-03019-x&amp;volume=21&amp;issue=1&amp;publication_year=2023&amp;author=Chen%2CH&amp;author=Cao%2CZ&amp;author=Hou%2CY\" target=\"_blank\"><br \/>\n                    Google Scholar<\/a>\u00a0\n                <\/p>\n<\/li>\n<li class=\"c-article-references__item js-c-reading-companion-references-item\" data-counter=\"25.\">\n<p class=\"c-article-references__text\" id=\"ref-CR25\">Chocano-Bedoya PO, O\u2019Reilly EJ, Lucas M, et al. Prospective study on long-term dietary patterns and incident depression in middle-aged and older women. Am J Clin Nutr. 2013;98(3):813\u201320. <a href=\"https:\/\/doi.org\/10.3945\/ajcn.112.052761\" data-track=\"click_references\" data-track-action=\"external reference\" data-track-value=\"external reference\" data-track-label=\"10.3945\/ajcn.112.052761\" rel=\"nofollow noopener\" target=\"_blank\">https:\/\/doi.org\/10.3945\/ajcn.112.052761<\/a>.<\/p>\n<p class=\"c-article-references__links u-hide-print\"><a data-track=\"click_references\" rel=\"nofollow noopener\" data-track-label=\"10.3945\/ajcn.112.052761\" data-track-item_id=\"10.3945\/ajcn.112.052761\" data-track-value=\"article reference\" data-track-action=\"article reference\" href=\"https:\/\/doi.org\/10.3945%2Fajcn.112.052761\" aria-label=\"Article reference 25\" data-doi=\"10.3945\/ajcn.112.052761\" target=\"_blank\">Article<\/a>\u00a0<br \/>\n    <a data-track=\"click_references\" rel=\"nofollow noopener\" data-track-label=\"link\" data-track-item_id=\"link\" data-track-value=\"cas reference\" data-track-action=\"cas reference\" href=\"https:\/\/bmcpublichealth.biomedcentral.com\/articles\/cas-redirect\/1:CAS:528:DC%2BC3sXhsVaitrjP\" aria-label=\"CAS reference 25\" target=\"_blank\">CAS<\/a>\u00a0<br \/>\n    <a data-track=\"click_references\" rel=\"nofollow noopener\" data-track-label=\"link\" data-track-item_id=\"link\" data-track-value=\"pubmed reference\" data-track-action=\"pubmed reference\" href=\"http:\/\/www.ncbi.nlm.nih.gov\/entrez\/query.fcgi?cmd=Retrieve&amp;db=PubMed&amp;dopt=Abstract&amp;list_uids=23885043\" aria-label=\"PubMed reference 25\" target=\"_blank\">PubMed<\/a>\u00a0<br \/>\n    <a data-track=\"click_references\" rel=\"nofollow noopener\" data-track-label=\"link\" data-track-item_id=\"link\" data-track-value=\"pubmed central reference\" data-track-action=\"pubmed central reference\" href=\"http:\/\/www.ncbi.nlm.nih.gov\/pmc\/articles\/PMC3743738\" aria-label=\"PubMed Central reference 25\" target=\"_blank\">PubMed Central<\/a>\u00a0<br \/>\n    <a data-track=\"click_references\" data-track-action=\"google scholar reference\" data-track-value=\"google scholar reference\" data-track-label=\"link\" data-track-item_id=\"link\" rel=\"nofollow noopener\" aria-label=\"Google Scholar reference 25\" href=\"http:\/\/scholar.google.com\/scholar_lookup?&amp;title=Prospective%20study%20on%20long-term%20dietary%20patterns%20and%20incident%20depression%20in%20middle-aged%20and%20older%20women&amp;journal=Am%20J%20Clin%20Nutr&amp;doi=10.3945%2Fajcn.112.052761&amp;volume=98&amp;issue=3&amp;pages=813-20&amp;publication_year=2013&amp;author=Chocano-Bedoya%2CPO&amp;author=O%E2%80%99Reilly%2CEJ&amp;author=Lucas%2CM\" target=\"_blank\"><br \/>\n                    Google Scholar<\/a>\u00a0\n                <\/p>\n<\/li>\n<li class=\"c-article-references__item js-c-reading-companion-references-item\" data-counter=\"26.\">\n<p class=\"c-article-references__text\" id=\"ref-CR26\">Sackey J, Zhang FF, Rogers B, et al. Food security and dietary diversity are associated with health related quality of life after 6 months of follow up among people living with HIV in Accra, Ghana. AIDS Care. 2018;30(12):1567\u201371. <a href=\"https:\/\/doi.org\/10.1080\/09540121.2018.1500011\" data-track=\"click_references\" data-track-action=\"external reference\" data-track-value=\"external reference\" data-track-label=\"10.1080\/09540121.2018.1500011\" rel=\"nofollow noopener\" target=\"_blank\">https:\/\/doi.org\/10.1080\/09540121.2018.1500011<\/a>.<\/p>\n<p class=\"c-article-references__links u-hide-print\"><a data-track=\"click_references\" rel=\"nofollow noopener\" data-track-label=\"10.1080\/09540121.2018.1500011\" data-track-item_id=\"10.1080\/09540121.2018.1500011\" data-track-value=\"article reference\" data-track-action=\"article reference\" href=\"https:\/\/doi.org\/10.1080%2F09540121.2018.1500011\" aria-label=\"Article reference 26\" data-doi=\"10.1080\/09540121.2018.1500011\" target=\"_blank\">Article<\/a>\u00a0<br \/>\n    <a data-track=\"click_references\" rel=\"nofollow noopener\" data-track-label=\"link\" data-track-item_id=\"link\" data-track-value=\"pubmed reference\" data-track-action=\"pubmed reference\" href=\"http:\/\/www.ncbi.nlm.nih.gov\/entrez\/query.fcgi?cmd=Retrieve&amp;db=PubMed&amp;dopt=Abstract&amp;list_uids=30021465\" aria-label=\"PubMed reference 26\" target=\"_blank\">PubMed<\/a>\u00a0<br \/>\n    <a data-track=\"click_references\" rel=\"nofollow noopener\" data-track-label=\"link\" data-track-item_id=\"link\" data-track-value=\"pubmed central reference\" data-track-action=\"pubmed central reference\" href=\"http:\/\/www.ncbi.nlm.nih.gov\/pmc\/articles\/PMC6181765\" aria-label=\"PubMed Central reference 26\" target=\"_blank\">PubMed Central<\/a>\u00a0<br \/>\n    <a data-track=\"click_references\" data-track-action=\"google scholar reference\" data-track-value=\"google scholar reference\" data-track-label=\"link\" data-track-item_id=\"link\" rel=\"nofollow noopener\" aria-label=\"Google Scholar reference 26\" href=\"http:\/\/scholar.google.com\/scholar_lookup?&amp;title=Food%20security%20and%20dietary%20diversity%20are%20associated%20with%20health%20related%20quality%20of%20life%20after%206%20months%20of%20follow%20up%20among%20people%20living%20with%20HIV%20in%20Accra%2C%20Ghana&amp;journal=AIDS%20Care&amp;doi=10.1080%2F09540121.2018.1500011&amp;volume=30&amp;issue=12&amp;pages=1567-71&amp;publication_year=2018&amp;author=Sackey%2CJ&amp;author=Zhang%2CFF&amp;author=Rogers%2CB\" target=\"_blank\"><br \/>\n                    Google Scholar<\/a>\u00a0\n                <\/p>\n<\/li>\n<li class=\"c-article-references__item js-c-reading-companion-references-item\" data-counter=\"27.\">\n<p class=\"c-article-references__text\" id=\"ref-CR27\">Weiss JJ, Sanchez L, Hubbard J, et al. Diet quality is low and differs by sex in people with HIV. J Nutr. 2019;149(1):78\u201387. <a href=\"https:\/\/doi.org\/10.1093\/jn\/nxy241\" data-track=\"click_references\" data-track-action=\"external reference\" data-track-value=\"external reference\" data-track-label=\"10.1093\/jn\/nxy241\" rel=\"nofollow noopener\" target=\"_blank\">https:\/\/doi.org\/10.1093\/jn\/nxy241<\/a>.<\/p>\n<p class=\"c-article-references__links u-hide-print\"><a data-track=\"click_references\" rel=\"nofollow noopener\" data-track-label=\"10.1093\/jn\/nxy241\" data-track-item_id=\"10.1093\/jn\/nxy241\" data-track-value=\"article reference\" data-track-action=\"article reference\" href=\"https:\/\/doi.org\/10.1093%2Fjn%2Fnxy241\" aria-label=\"Article reference 27\" data-doi=\"10.1093\/jn\/nxy241\" target=\"_blank\">Article<\/a>\u00a0<br \/>\n    <a data-track=\"click_references\" rel=\"nofollow noopener\" data-track-label=\"link\" data-track-item_id=\"link\" data-track-value=\"pubmed reference\" data-track-action=\"pubmed reference\" href=\"http:\/\/www.ncbi.nlm.nih.gov\/entrez\/query.fcgi?cmd=Retrieve&amp;db=PubMed&amp;dopt=Abstract&amp;list_uids=30624677\" aria-label=\"PubMed reference 27\" target=\"_blank\">PubMed<\/a>\u00a0<br \/>\n    <a data-track=\"click_references\" rel=\"nofollow noopener\" data-track-label=\"link\" data-track-item_id=\"link\" data-track-value=\"pubmed central reference\" data-track-action=\"pubmed central reference\" href=\"http:\/\/www.ncbi.nlm.nih.gov\/pmc\/articles\/PMC6351143\" aria-label=\"PubMed Central reference 27\" target=\"_blank\">PubMed Central<\/a>\u00a0<br \/>\n    <a data-track=\"click_references\" data-track-action=\"google scholar reference\" data-track-value=\"google scholar reference\" data-track-label=\"link\" data-track-item_id=\"link\" rel=\"nofollow noopener\" aria-label=\"Google Scholar reference 27\" href=\"http:\/\/scholar.google.com\/scholar_lookup?&amp;title=Diet%20quality%20is%20low%20and%20differs%20by%20sex%20in%20people%20with%20HIV&amp;journal=J%20Nutr&amp;doi=10.1093%2Fjn%2Fnxy241&amp;volume=149&amp;issue=1&amp;pages=78-87&amp;publication_year=2019&amp;author=Weiss%2CJJ&amp;author=Sanchez%2CL&amp;author=Hubbard%2CJ\" target=\"_blank\"><br \/>\n                    Google Scholar<\/a>\u00a0\n                <\/p>\n<\/li>\n<li class=\"c-article-references__item js-c-reading-companion-references-item\" data-counter=\"28.\">\n<p class=\"c-article-references__text\" id=\"ref-CR28\">Kadiyala S, Rawat R. Food access and diet quality independently predict nutritional status among people living with HIV in Uganda. Public Health Nutr. 2013;16(1):164\u201370. <a href=\"https:\/\/doi.org\/10.1017\/S136898001200050X\" data-track=\"click_references\" data-track-action=\"external reference\" data-track-value=\"external reference\" data-track-label=\"10.1017\/S136898001200050X\" rel=\"nofollow noopener\" target=\"_blank\">https:\/\/doi.org\/10.1017\/S136898001200050X<\/a>.<\/p>\n<p class=\"c-article-references__links u-hide-print\"><a data-track=\"click_references\" rel=\"nofollow noopener\" data-track-label=\"10.1017\/S136898001200050X\" data-track-item_id=\"10.1017\/S136898001200050X\" data-track-value=\"article reference\" data-track-action=\"article reference\" href=\"https:\/\/doi.org\/10.1017%2FS136898001200050X\" aria-label=\"Article reference 28\" data-doi=\"10.1017\/S136898001200050X\" target=\"_blank\">Article<\/a>\u00a0<br \/>\n    <a data-track=\"click_references\" rel=\"nofollow noopener\" data-track-label=\"link\" data-track-item_id=\"link\" data-track-value=\"pubmed reference\" data-track-action=\"pubmed reference\" href=\"http:\/\/www.ncbi.nlm.nih.gov\/entrez\/query.fcgi?cmd=Retrieve&amp;db=PubMed&amp;dopt=Abstract&amp;list_uids=22348289\" aria-label=\"PubMed reference 28\" target=\"_blank\">PubMed<\/a>\u00a0<br \/>\n    <a data-track=\"click_references\" data-track-action=\"google scholar reference\" data-track-value=\"google scholar reference\" data-track-label=\"link\" data-track-item_id=\"link\" rel=\"nofollow noopener\" aria-label=\"Google Scholar reference 28\" href=\"http:\/\/scholar.google.com\/scholar_lookup?&amp;title=Food%20access%20and%20diet%20quality%20independently%20predict%20nutritional%20status%20among%20people%20living%20with%20HIV%20in%20Uganda&amp;journal=Public%20Health%20Nutr&amp;doi=10.1017%2FS136898001200050X&amp;volume=16&amp;issue=1&amp;pages=164-70&amp;publication_year=2013&amp;author=Kadiyala%2CS&amp;author=Rawat%2CR\" target=\"_blank\"><br \/>\n                    Google Scholar<\/a>\u00a0\n                <\/p>\n<\/li>\n<li class=\"c-article-references__item js-c-reading-companion-references-item\" data-counter=\"29.\">\n<p class=\"c-article-references__text\" id=\"ref-CR29\">Zhao W, Hasegawa K, Chen J. The use of food-frequency questionnaires for various purposes in China. Public Health Nutr. 2002;5(6A):829\u201333. <a href=\"https:\/\/doi.org\/10.1079\/phn2002374\" data-track=\"click_references\" data-track-action=\"external reference\" data-track-value=\"external reference\" data-track-label=\"10.1079\/phn2002374\" rel=\"nofollow noopener\" target=\"_blank\">https:\/\/doi.org\/10.1079\/phn2002374<\/a>.<\/p>\n<p class=\"c-article-references__links u-hide-print\"><a data-track=\"click_references\" rel=\"nofollow noopener\" data-track-label=\"10.1079\/phn2002374\" data-track-item_id=\"10.1079\/phn2002374\" data-track-value=\"article reference\" data-track-action=\"article reference\" href=\"https:\/\/doi.org\/10.1079%2Fphn2002374\" aria-label=\"Article reference 29\" data-doi=\"10.1079\/phn2002374\" target=\"_blank\">Article<\/a>\u00a0<br \/>\n    <a data-track=\"click_references\" rel=\"nofollow noopener\" data-track-label=\"link\" data-track-item_id=\"link\" data-track-value=\"pubmed reference\" data-track-action=\"pubmed reference\" href=\"http:\/\/www.ncbi.nlm.nih.gov\/entrez\/query.fcgi?cmd=Retrieve&amp;db=PubMed&amp;dopt=Abstract&amp;list_uids=12638592\" aria-label=\"PubMed reference 29\" target=\"_blank\">PubMed<\/a>\u00a0<br \/>\n    <a data-track=\"click_references\" data-track-action=\"google scholar reference\" data-track-value=\"google scholar reference\" data-track-label=\"link\" data-track-item_id=\"link\" rel=\"nofollow noopener\" aria-label=\"Google Scholar reference 29\" href=\"http:\/\/scholar.google.com\/scholar_lookup?&amp;title=The%20use%20of%20food-frequency%20questionnaires%20for%20various%20purposes%20in%20China&amp;journal=Public%20Health%20Nutr&amp;doi=10.1079%2Fphn2002374&amp;volume=5&amp;issue=6A&amp;pages=829-33&amp;publication_year=2002&amp;author=Zhao%2CW&amp;author=Hasegawa%2CK&amp;author=Chen%2CJ\" target=\"_blank\"><br \/>\n                    Google Scholar<\/a>\u00a0\n                <\/p>\n<\/li>\n<li class=\"c-article-references__item js-c-reading-companion-references-item\" data-counter=\"30.\">\n<p class=\"c-article-references__text\" id=\"ref-CR30\">Newby PK, Tucker KL. Empirically derived eating patterns using factor or cluster analysis: a review. Nutr Rev. 2004;62(5):177\u2013203. <a href=\"https:\/\/doi.org\/10.1301\/nr.2004.may.177-203\" data-track=\"click_references\" data-track-action=\"external reference\" data-track-value=\"external reference\" data-track-label=\"10.1301\/nr.2004.may.177-203\" rel=\"nofollow noopener\" target=\"_blank\">https:\/\/doi.org\/10.1301\/nr.2004.may.177-203<\/a>.<\/p>\n<p class=\"c-article-references__links u-hide-print\"><a data-track=\"click_references\" rel=\"nofollow noopener\" data-track-label=\"10.1301\/nr.2004.may.177-203\" data-track-item_id=\"10.1301\/nr.2004.may.177-203\" data-track-value=\"article reference\" data-track-action=\"article reference\" href=\"https:\/\/doi.org\/10.1301%2Fnr.2004.may.177-203\" aria-label=\"Article reference 30\" data-doi=\"10.1301\/nr.2004.may.177-203\" target=\"_blank\">Article<\/a>\u00a0<br \/>\n    <a data-track=\"click_references\" rel=\"nofollow noopener\" data-track-label=\"link\" data-track-item_id=\"link\" data-track-value=\"cas reference\" data-track-action=\"cas reference\" href=\"https:\/\/bmcpublichealth.biomedcentral.com\/articles\/cas-redirect\/1:STN:280:DC%2BD2czhtVehsg%3D%3D\" aria-label=\"CAS reference 30\" target=\"_blank\">CAS<\/a>\u00a0<br \/>\n    <a data-track=\"click_references\" rel=\"nofollow noopener\" data-track-label=\"link\" data-track-item_id=\"link\" data-track-value=\"pubmed reference\" data-track-action=\"pubmed reference\" href=\"http:\/\/www.ncbi.nlm.nih.gov\/entrez\/query.fcgi?cmd=Retrieve&amp;db=PubMed&amp;dopt=Abstract&amp;list_uids=15212319\" aria-label=\"PubMed reference 30\" target=\"_blank\">PubMed<\/a>\u00a0<br \/>\n    <a data-track=\"click_references\" data-track-action=\"google scholar reference\" data-track-value=\"google scholar reference\" data-track-label=\"link\" data-track-item_id=\"link\" rel=\"nofollow noopener\" aria-label=\"Google Scholar reference 30\" href=\"http:\/\/scholar.google.com\/scholar_lookup?&amp;title=Empirically%20derived%20eating%20patterns%20using%20factor%20or%20cluster%20analysis%3A%20a%20review&amp;journal=Nutr%20Rev&amp;doi=10.1301%2Fnr.2004.may.177-203&amp;volume=62&amp;issue=5&amp;pages=177-203&amp;publication_year=2004&amp;author=Newby%2CPK&amp;author=Tucker%2CKL\" target=\"_blank\"><br \/>\n                    Google Scholar<\/a>\u00a0\n                <\/p>\n<\/li>\n<li class=\"c-article-references__item js-c-reading-companion-references-item\" data-counter=\"31.\">\n<p class=\"c-article-references__text\" id=\"ref-CR31\">Zigmond AS, Snaith RP. The hospital anxiety and depression scale. Acta Psychiatr Scand. 1983;67(6):361\u201370. <a href=\"https:\/\/doi.org\/10.1111\/j.1600-0447.1983.tb09716.x\" data-track=\"click_references\" data-track-action=\"external reference\" data-track-value=\"external reference\" data-track-label=\"10.1111\/j.1600-0447.1983.tb09716.x\" rel=\"nofollow noopener\" target=\"_blank\">https:\/\/doi.org\/10.1111\/j.1600-0447.1983.tb09716.x<\/a>.<\/p>\n<p class=\"c-article-references__links u-hide-print\"><a data-track=\"click_references\" rel=\"nofollow noopener\" data-track-label=\"10.1111\/j.1600-0447.1983.tb09716.x\" data-track-item_id=\"10.1111\/j.1600-0447.1983.tb09716.x\" data-track-value=\"article reference\" data-track-action=\"article reference\" href=\"https:\/\/doi.org\/10.1111%2Fj.1600-0447.1983.tb09716.x\" aria-label=\"Article reference 31\" data-doi=\"10.1111\/j.1600-0447.1983.tb09716.x\" target=\"_blank\">Article<\/a>\u00a0<br \/>\n    <a data-track=\"click_references\" rel=\"nofollow noopener\" data-track-label=\"link\" data-track-item_id=\"link\" data-track-value=\"cas reference\" data-track-action=\"cas reference\" href=\"https:\/\/bmcpublichealth.biomedcentral.com\/articles\/cas-redirect\/1:STN:280:DyaL3s3nvFWjug%3D%3D\" aria-label=\"CAS reference 31\" target=\"_blank\">CAS<\/a>\u00a0<br \/>\n    <a data-track=\"click_references\" rel=\"nofollow noopener\" data-track-label=\"link\" data-track-item_id=\"link\" data-track-value=\"pubmed reference\" data-track-action=\"pubmed reference\" href=\"http:\/\/www.ncbi.nlm.nih.gov\/entrez\/query.fcgi?cmd=Retrieve&amp;db=PubMed&amp;dopt=Abstract&amp;list_uids=6880820\" aria-label=\"PubMed reference 31\" target=\"_blank\">PubMed<\/a>\u00a0<br \/>\n    <a data-track=\"click_references\" data-track-action=\"google scholar reference\" data-track-value=\"google scholar reference\" data-track-label=\"link\" data-track-item_id=\"link\" rel=\"nofollow noopener\" aria-label=\"Google Scholar reference 31\" href=\"http:\/\/scholar.google.com\/scholar_lookup?&amp;title=The%20hospital%20anxiety%20and%20depression%20scale&amp;journal=Acta%20Psychiatr%20Scand&amp;doi=10.1111%2Fj.1600-0447.1983.tb09716.x&amp;volume=67&amp;issue=6&amp;pages=361-70&amp;publication_year=1983&amp;author=Zigmond%2CAS&amp;author=Snaith%2CRP\" target=\"_blank\"><br \/>\n                    Google Scholar<\/a>\u00a0\n                <\/p>\n<\/li>\n<li class=\"c-article-references__item js-c-reading-companion-references-item\" data-counter=\"32.\">\n<p class=\"c-article-references__text\" id=\"ref-CR32\">Bjelland I, Dahl AA, Haug TT, et al. The validity of the hospital anxiety and depression Scale. An updated literature review. J Psychosom Res. 2002;52(2):69\u201377. <a href=\"https:\/\/doi.org\/10.1016\/s0022-3999(01)00296-3\" data-track=\"click_references\" data-track-action=\"external reference\" data-track-value=\"external reference\" data-track-label=\"10.1016\/s0022-3999(01)00296-3\" rel=\"nofollow noopener\" target=\"_blank\">https:\/\/doi.org\/10.1016\/s0022-3999(01)00296-3<\/a>.<\/p>\n<p class=\"c-article-references__links u-hide-print\"><a data-track=\"click_references\" rel=\"nofollow noopener\" data-track-label=\"10.1016\/s0022-3999(01)00296-3\" data-track-item_id=\"10.1016\/s0022-3999(01)00296-3\" data-track-value=\"article reference\" data-track-action=\"article reference\" href=\"https:\/\/doi.org\/10.1016%2Fs0022-3999%2801%2900296-3\" aria-label=\"Article reference 32\" data-doi=\"10.1016\/s0022-3999(01)00296-3\" target=\"_blank\">Article<\/a>\u00a0<br \/>\n    <a data-track=\"click_references\" rel=\"nofollow noopener\" data-track-label=\"link\" data-track-item_id=\"link\" data-track-value=\"pubmed reference\" data-track-action=\"pubmed reference\" href=\"http:\/\/www.ncbi.nlm.nih.gov\/entrez\/query.fcgi?cmd=Retrieve&amp;db=PubMed&amp;dopt=Abstract&amp;list_uids=11832252\" aria-label=\"PubMed reference 32\" target=\"_blank\">PubMed<\/a>\u00a0<br \/>\n    <a data-track=\"click_references\" data-track-action=\"google scholar reference\" data-track-value=\"google scholar reference\" data-track-label=\"link\" data-track-item_id=\"link\" rel=\"nofollow noopener\" aria-label=\"Google Scholar reference 32\" href=\"http:\/\/scholar.google.com\/scholar_lookup?&amp;title=The%20validity%20of%20the%20hospital%20anxiety%20and%20depression%20Scale.%20An%20updated%20literature%20review&amp;journal=J%20Psychosom%20Res&amp;doi=10.1016%2Fs0022-3999%2801%2900296-3&amp;volume=52&amp;issue=2&amp;pages=69-77&amp;publication_year=2002&amp;author=Bjelland%2CI&amp;author=Dahl%2CAA&amp;author=Haug%2CTT\" target=\"_blank\"><br \/>\n                    Google Scholar<\/a>\u00a0\n                <\/p>\n<\/li>\n<li class=\"c-article-references__item js-c-reading-companion-references-item\" data-counter=\"33.\">\n<p class=\"c-article-references__text\" id=\"ref-CR33\">Nutrition and Metabolic Management Branch of China International Exchange and Promotive Association for Medical and Health Care, Clinical Nutrition Branch of Chinese Nutrition Society, Chinese Diabetes Society. Guidelines for medical nutrition treatment of overweight\/obesity in China (2021). Asia Pac J Clin Nutr. 2022;31(3):450\u201382. <a href=\"https:\/\/doi.org\/10.6133\/apjcn.202209_31(3).0013\" data-track=\"click_references\" data-track-action=\"external reference\" data-track-value=\"external reference\" data-track-label=\"10.6133\/apjcn.202209_31(3).0013\" rel=\"nofollow noopener\" target=\"_blank\">https:\/\/doi.org\/10.6133\/apjcn.202209_31(3).0013<\/a>.<\/p>\n<p class=\"c-article-references__links u-hide-print\"><a data-track=\"click_references\" rel=\"nofollow noopener\" data-track-label=\"10.6133\/apjcn.202209_31(3).0013\" data-track-item_id=\"10.6133\/apjcn.202209_31(3).0013\" data-track-value=\"article reference\" data-track-action=\"article reference\" href=\"https:\/\/doi.org\/10.6133%2Fapjcn.202209_31%283%29.0013\" aria-label=\"Article reference 33\" data-doi=\"10.6133\/apjcn.202209_31(3).0013\" target=\"_blank\">Article<\/a>\u00a0<br \/>\n    <a data-track=\"click_references\" rel=\"nofollow noopener\" data-track-label=\"link\" data-track-item_id=\"link\" data-track-value=\"cas reference\" data-track-action=\"cas reference\" href=\"https:\/\/bmcpublichealth.biomedcentral.com\/articles\/cas-redirect\/1:CAS:528:DC%2BB3sXitFWnurc%3D\" aria-label=\"CAS reference 33\" target=\"_blank\">CAS<\/a>\u00a0<br \/>\n    <a data-track=\"click_references\" data-track-action=\"google scholar reference\" data-track-value=\"google scholar reference\" data-track-label=\"link\" data-track-item_id=\"link\" rel=\"nofollow noopener\" aria-label=\"Google Scholar reference 33\" href=\"http:\/\/scholar.google.com\/scholar_lookup?&amp;title=Guidelines%20for%20medical%20nutrition%20treatment%20of%20overweight%2Fobesity%20in%20China%20%282021%29&amp;journal=Asia%20Pac%20J%20Clin%20Nutr&amp;doi=10.6133%2Fapjcn.202209_31%283%29.0013&amp;volume=31&amp;issue=3&amp;pages=450-82&amp;publication_year=2022\" target=\"_blank\"><br \/>\n                    Google Scholar<\/a>\u00a0\n                <\/p>\n<\/li>\n<li class=\"c-article-references__item js-c-reading-companion-references-item\" data-counter=\"34.\">\n<p class=\"c-article-references__text\" id=\"ref-CR34\">Fan M, Lyu J, He P. Chinese guidelines for data processing and analysis concerning the international physical activity questionnaire. Zhonghua Liu Xing Bing Xue Za Zhi. 2014;35(8):961\u20134.<\/p>\n<p class=\"c-article-references__links u-hide-print\"><a data-track=\"click_references\" rel=\"nofollow noopener\" data-track-label=\"link\" data-track-item_id=\"link\" data-track-value=\"pubmed reference\" data-track-action=\"pubmed reference\" href=\"http:\/\/www.ncbi.nlm.nih.gov\/entrez\/query.fcgi?cmd=Retrieve&amp;db=PubMed&amp;dopt=Abstract&amp;list_uids=25376692\" aria-label=\"PubMed reference 34\" target=\"_blank\">PubMed<\/a>\u00a0<br \/>\n    <a data-track=\"click_references\" data-track-action=\"google scholar reference\" data-track-value=\"google scholar reference\" data-track-label=\"link\" data-track-item_id=\"link\" rel=\"nofollow noopener\" aria-label=\"Google Scholar reference 34\" href=\"http:\/\/scholar.google.com\/scholar_lookup?&amp;title=Chinese%20guidelines%20for%20data%20processing%20and%20analysis%20concerning%20the%20international%20physical%20activity%20questionnaire&amp;journal=Zhonghua%20Liu%20Xing%20Bing%20Xue%20Za%20Zhi&amp;volume=35&amp;issue=8&amp;pages=961-4&amp;publication_year=2014&amp;author=Fan%2CM&amp;author=Lyu%2CJ&amp;author=He%2CP\" target=\"_blank\"><br \/>\n                    Google Scholar<\/a>\u00a0\n                <\/p>\n<\/li>\n<li class=\"c-article-references__item js-c-reading-companion-references-item\" data-counter=\"35.\">\n<p class=\"c-article-references__text\" id=\"ref-CR35\">Wen H, Zhu Z, Hu T, et al. Unraveling the central and Bridge psychological symptoms of people living with HIV: A network analysis. Front Public Health. 2022;10:1024436. <a href=\"https:\/\/doi.org\/10.3389\/fpubh.2022.1024436\" data-track=\"click_references\" data-track-action=\"external reference\" data-track-value=\"external reference\" data-track-label=\"10.3389\/fpubh.2022.1024436\" rel=\"nofollow noopener\" target=\"_blank\">https:\/\/doi.org\/10.3389\/fpubh.2022.1024436<\/a>.<\/p>\n<p class=\"c-article-references__links u-hide-print\"><a data-track=\"click_references\" rel=\"nofollow noopener\" data-track-label=\"10.3389\/fpubh.2022.1024436\" data-track-item_id=\"10.3389\/fpubh.2022.1024436\" data-track-value=\"article reference\" data-track-action=\"article reference\" href=\"https:\/\/doi.org\/10.3389%2Ffpubh.2022.1024436\" aria-label=\"Article reference 35\" data-doi=\"10.3389\/fpubh.2022.1024436\" target=\"_blank\">Article<\/a>\u00a0<br \/>\n    <a data-track=\"click_references\" rel=\"nofollow noopener\" data-track-label=\"link\" data-track-item_id=\"link\" data-track-value=\"pubmed reference\" data-track-action=\"pubmed reference\" href=\"http:\/\/www.ncbi.nlm.nih.gov\/entrez\/query.fcgi?cmd=Retrieve&amp;db=PubMed&amp;dopt=Abstract&amp;list_uids=36684950\" aria-label=\"PubMed reference 35\" target=\"_blank\">PubMed<\/a>\u00a0<br \/>\n    <a data-track=\"click_references\" data-track-action=\"google scholar reference\" data-track-value=\"google scholar reference\" data-track-label=\"link\" data-track-item_id=\"link\" rel=\"nofollow noopener\" aria-label=\"Google Scholar reference 35\" href=\"http:\/\/scholar.google.com\/scholar_lookup?&amp;title=Unraveling%20the%20central%20and%20Bridge%20psychological%20symptoms%20of%20people%20living%20with%20HIV%3A%20A%20network%20analysis&amp;journal=Front%20Public%20Health&amp;doi=10.3389%2Ffpubh.2022.1024436&amp;volume=10&amp;publication_year=2022&amp;author=Wen%2CH&amp;author=Zhu%2CZ&amp;author=Hu%2CT\" target=\"_blank\"><br \/>\n                    Google Scholar<\/a>\u00a0\n                <\/p>\n<\/li>\n<li class=\"c-article-references__item js-c-reading-companion-references-item\" data-counter=\"36.\">\n<p class=\"c-article-references__text\" id=\"ref-CR36\">Lang R, Hogan B, Zhu J, et al. The prevalence of mental health disorders in people with HIV and the effects on the HIV care continuum. AIDS. 2023;37(2):259\u201369. <a href=\"https:\/\/doi.org\/10.1097\/QAD.0000000000003420\" data-track=\"click_references\" data-track-action=\"external reference\" data-track-value=\"external reference\" data-track-label=\"10.1097\/QAD.0000000000003420\" rel=\"nofollow noopener\" target=\"_blank\">https:\/\/doi.org\/10.1097\/QAD.0000000000003420<\/a>.<\/p>\n<p class=\"c-article-references__links u-hide-print\"><a data-track=\"click_references\" rel=\"nofollow noopener\" data-track-label=\"10.1097\/QAD.0000000000003420\" data-track-item_id=\"10.1097\/QAD.0000000000003420\" data-track-value=\"article reference\" data-track-action=\"article reference\" href=\"https:\/\/doi.org\/10.1097%2FQAD.0000000000003420\" aria-label=\"Article reference 36\" data-doi=\"10.1097\/QAD.0000000000003420\" target=\"_blank\">Article<\/a>\u00a0<br \/>\n    <a data-track=\"click_references\" rel=\"nofollow noopener\" data-track-label=\"link\" data-track-item_id=\"link\" data-track-value=\"pubmed reference\" data-track-action=\"pubmed reference\" href=\"http:\/\/www.ncbi.nlm.nih.gov\/entrez\/query.fcgi?cmd=Retrieve&amp;db=PubMed&amp;dopt=Abstract&amp;list_uids=36541638\" aria-label=\"PubMed reference 36\" target=\"_blank\">PubMed<\/a>\u00a0<br \/>\n    <a data-track=\"click_references\" data-track-action=\"google scholar reference\" data-track-value=\"google scholar reference\" data-track-label=\"link\" data-track-item_id=\"link\" rel=\"nofollow noopener\" aria-label=\"Google Scholar reference 36\" href=\"http:\/\/scholar.google.com\/scholar_lookup?&amp;title=The%20prevalence%20of%20mental%20health%20disorders%20in%20people%20with%20HIV%20and%20the%20effects%20on%20the%20HIV%20care%20continuum&amp;journal=AIDS&amp;doi=10.1097%2FQAD.0000000000003420&amp;volume=37&amp;issue=2&amp;pages=259-69&amp;publication_year=2023&amp;author=Lang%2CR&amp;author=Hogan%2CB&amp;author=Zhu%2CJ\" target=\"_blank\"><br \/>\n                    Google Scholar<\/a>\u00a0\n                <\/p>\n<\/li>\n<li class=\"c-article-references__item js-c-reading-companion-references-item\" data-counter=\"37.\">\n<p class=\"c-article-references__text\" id=\"ref-CR37\">Feng C, Yu B, Fu Y, et al. Relationships of illness perceptions with depression and anxiety in people who live with HIV\/AIDS in a high-prevalence ethnic autonomous region of Sichuan, China. AIDS Behav. 2022;26(11):3783\u201393. <a href=\"https:\/\/doi.org\/10.1007\/s10461-022-03707-4\" data-track=\"click_references\" data-track-action=\"external reference\" data-track-value=\"external reference\" data-track-label=\"10.1007\/s10461-022-03707-4\" rel=\"nofollow noopener\" target=\"_blank\">https:\/\/doi.org\/10.1007\/s10461-022-03707-4<\/a>.<\/p>\n<p class=\"c-article-references__links u-hide-print\"><a data-track=\"click_references\" rel=\"noopener nofollow\" data-track-label=\"10.1007\/s10461-022-03707-4\" data-track-item_id=\"10.1007\/s10461-022-03707-4\" data-track-value=\"article reference\" data-track-action=\"article reference\" href=\"https:\/\/link.springer.com\/doi\/10.1007\/s10461-022-03707-4\" aria-label=\"Article reference 37\" data-doi=\"10.1007\/s10461-022-03707-4\" target=\"_blank\">Article<\/a>\u00a0<br \/>\n    <a data-track=\"click_references\" rel=\"nofollow noopener\" data-track-label=\"link\" data-track-item_id=\"link\" data-track-value=\"pubmed reference\" data-track-action=\"pubmed reference\" href=\"http:\/\/www.ncbi.nlm.nih.gov\/entrez\/query.fcgi?cmd=Retrieve&amp;db=PubMed&amp;dopt=Abstract&amp;list_uids=35672554\" aria-label=\"PubMed reference 37\" target=\"_blank\">PubMed<\/a>\u00a0<br \/>\n    <a data-track=\"click_references\" data-track-action=\"google scholar reference\" data-track-value=\"google scholar reference\" data-track-label=\"link\" data-track-item_id=\"link\" rel=\"nofollow noopener\" aria-label=\"Google Scholar reference 37\" href=\"http:\/\/scholar.google.com\/scholar_lookup?&amp;title=Relationships%20of%20illness%20perceptions%20with%20depression%20and%20anxiety%20in%20people%20who%20live%20with%20HIV%2FAIDS%20in%20a%20high-prevalence%20ethnic%20autonomous%20region%20of%20Sichuan%2C%20China&amp;journal=AIDS%20Behav&amp;doi=10.1007%2Fs10461-022-03707-4&amp;volume=26&amp;issue=11&amp;pages=3783-93&amp;publication_year=2022&amp;author=Feng%2CC&amp;author=Yu%2CB&amp;author=Fu%2CY\" target=\"_blank\"><br \/>\n                    Google Scholar<\/a>\u00a0\n                <\/p>\n<\/li>\n<li class=\"c-article-references__item js-c-reading-companion-references-item\" data-counter=\"38.\">\n<p class=\"c-article-references__text\" id=\"ref-CR38\">Pasdar Y, Hamzeh B, Moludi J, et al. Dietary intake and risk of depression among male and female with HIV\/AIDS. Eat Weight Disord. 2020;25(4):1029\u201338. <a href=\"https:\/\/doi.org\/10.1007\/s40519-019-00726-4\" data-track=\"click_references\" data-track-action=\"external reference\" data-track-value=\"external reference\" data-track-label=\"10.1007\/s40519-019-00726-4\" rel=\"nofollow noopener\" target=\"_blank\">https:\/\/doi.org\/10.1007\/s40519-019-00726-4<\/a>.<\/p>\n<p class=\"c-article-references__links u-hide-print\"><a data-track=\"click_references\" rel=\"noopener nofollow\" data-track-label=\"10.1007\/s40519-019-00726-4\" data-track-item_id=\"10.1007\/s40519-019-00726-4\" data-track-value=\"article reference\" data-track-action=\"article reference\" href=\"https:\/\/link.springer.com\/doi\/10.1007\/s40519-019-00726-4\" aria-label=\"Article reference 38\" data-doi=\"10.1007\/s40519-019-00726-4\" target=\"_blank\">Article<\/a>\u00a0<br \/>\n    <a data-track=\"click_references\" rel=\"nofollow noopener\" data-track-label=\"link\" data-track-item_id=\"link\" data-track-value=\"pubmed reference\" data-track-action=\"pubmed reference\" href=\"http:\/\/www.ncbi.nlm.nih.gov\/entrez\/query.fcgi?cmd=Retrieve&amp;db=PubMed&amp;dopt=Abstract&amp;list_uids=31175618\" aria-label=\"PubMed reference 38\" target=\"_blank\">PubMed<\/a>\u00a0<br \/>\n    <a data-track=\"click_references\" data-track-action=\"google scholar reference\" data-track-value=\"google scholar reference\" data-track-label=\"link\" data-track-item_id=\"link\" rel=\"nofollow noopener\" aria-label=\"Google Scholar reference 38\" href=\"http:\/\/scholar.google.com\/scholar_lookup?&amp;title=Dietary%20intake%20and%20risk%20of%20depression%20among%20male%20and%20female%20with%20HIV%2FAIDS&amp;journal=Eat%20Weight%20Disord&amp;doi=10.1007%2Fs40519-019-00726-4&amp;volume=25&amp;issue=4&amp;pages=1029-38&amp;publication_year=2020&amp;author=Pasdar%2CY&amp;author=Hamzeh%2CB&amp;author=Moludi%2CJ\" target=\"_blank\"><br \/>\n                    Google Scholar<\/a>\u00a0\n                <\/p>\n<\/li>\n<li class=\"c-article-references__item js-c-reading-companion-references-item\" data-counter=\"39.\">\n<p class=\"c-article-references__text\" id=\"ref-CR39\">Lai JS, Hiles S, Bisquera A, et al. A systematic review and meta-analysis of dietary patterns and depression in community-dwelling adults. Am J Clin Nutr. 2014;99(1):181\u201397. <a href=\"https:\/\/doi.org\/10.3945\/ajcn.113.069880\" data-track=\"click_references\" data-track-action=\"external reference\" data-track-value=\"external reference\" data-track-label=\"10.3945\/ajcn.113.069880\" rel=\"nofollow noopener\" target=\"_blank\">https:\/\/doi.org\/10.3945\/ajcn.113.069880<\/a>.<\/p>\n<p class=\"c-article-references__links u-hide-print\"><a data-track=\"click_references\" rel=\"nofollow noopener\" data-track-label=\"10.3945\/ajcn.113.069880\" data-track-item_id=\"10.3945\/ajcn.113.069880\" data-track-value=\"article reference\" data-track-action=\"article reference\" href=\"https:\/\/doi.org\/10.3945%2Fajcn.113.069880\" aria-label=\"Article reference 39\" data-doi=\"10.3945\/ajcn.113.069880\" target=\"_blank\">Article<\/a>\u00a0<br \/>\n    <a data-track=\"click_references\" rel=\"nofollow noopener\" data-track-label=\"link\" data-track-item_id=\"link\" data-track-value=\"cas reference\" data-track-action=\"cas reference\" href=\"https:\/\/bmcpublichealth.biomedcentral.com\/articles\/cas-redirect\/1:CAS:528:DC%2BC2cXislaltA%3D%3D\" aria-label=\"CAS reference 39\" target=\"_blank\">CAS<\/a>\u00a0<br \/>\n    <a data-track=\"click_references\" rel=\"nofollow noopener\" data-track-label=\"link\" data-track-item_id=\"link\" data-track-value=\"pubmed reference\" data-track-action=\"pubmed reference\" href=\"http:\/\/www.ncbi.nlm.nih.gov\/entrez\/query.fcgi?cmd=Retrieve&amp;db=PubMed&amp;dopt=Abstract&amp;list_uids=24196402\" aria-label=\"PubMed reference 39\" target=\"_blank\">PubMed<\/a>\u00a0<br \/>\n    <a data-track=\"click_references\" data-track-action=\"google scholar reference\" data-track-value=\"google scholar reference\" data-track-label=\"link\" data-track-item_id=\"link\" rel=\"nofollow noopener\" aria-label=\"Google Scholar reference 39\" href=\"http:\/\/scholar.google.com\/scholar_lookup?&amp;title=A%20systematic%20review%20and%20meta-analysis%20of%20dietary%20patterns%20and%20depression%20in%20community-dwelling%20adults&amp;journal=Am%20J%20Clin%20Nutr&amp;doi=10.3945%2Fajcn.113.069880&amp;volume=99&amp;issue=1&amp;pages=181-97&amp;publication_year=2014&amp;author=Lai%2CJS&amp;author=Hiles%2CS&amp;author=Bisquera%2CA\" target=\"_blank\"><br \/>\n                    Google Scholar<\/a>\u00a0\n                <\/p>\n<\/li>\n<li class=\"c-article-references__item js-c-reading-companion-references-item\" data-counter=\"40.\">\n<p class=\"c-article-references__text\" id=\"ref-CR40\">Olveira C, Olveira G, Espildora F, et al. Mediterranean diet is associated on symptoms of depression and anxiety in patients with bronchiectasis. Gen Hosp Psychiatry. 2014;36(3):277\u201383. <a href=\"https:\/\/doi.org\/10.1016\/j.genhosppsych.2014.01.010\" data-track=\"click_references\" data-track-action=\"external reference\" data-track-value=\"external reference\" data-track-label=\"10.1016\/j.genhosppsych.2014.01.010\" rel=\"nofollow noopener\" target=\"_blank\">https:\/\/doi.org\/10.1016\/j.genhosppsych.2014.01.010<\/a>.<\/p>\n<p class=\"c-article-references__links u-hide-print\"><a data-track=\"click_references\" rel=\"nofollow noopener\" data-track-label=\"10.1016\/j.genhosppsych.2014.01.010\" data-track-item_id=\"10.1016\/j.genhosppsych.2014.01.010\" data-track-value=\"article reference\" data-track-action=\"article reference\" href=\"https:\/\/doi.org\/10.1016%2Fj.genhosppsych.2014.01.010\" aria-label=\"Article reference 40\" data-doi=\"10.1016\/j.genhosppsych.2014.01.010\" target=\"_blank\">Article<\/a>\u00a0<br \/>\n    <a data-track=\"click_references\" rel=\"nofollow noopener\" data-track-label=\"link\" data-track-item_id=\"link\" data-track-value=\"pubmed reference\" data-track-action=\"pubmed reference\" href=\"http:\/\/www.ncbi.nlm.nih.gov\/entrez\/query.fcgi?cmd=Retrieve&amp;db=PubMed&amp;dopt=Abstract&amp;list_uids=24602964\" aria-label=\"PubMed reference 40\" target=\"_blank\">PubMed<\/a>\u00a0<br \/>\n    <a data-track=\"click_references\" data-track-action=\"google scholar reference\" data-track-value=\"google scholar reference\" data-track-label=\"link\" data-track-item_id=\"link\" rel=\"nofollow noopener\" aria-label=\"Google Scholar reference 40\" href=\"http:\/\/scholar.google.com\/scholar_lookup?&amp;title=Mediterranean%20diet%20is%20associated%20on%20symptoms%20of%20depression%20and%20anxiety%20in%20patients%20with%20bronchiectasis&amp;journal=Gen%20Hosp%20Psychiatry&amp;doi=10.1016%2Fj.genhosppsych.2014.01.010&amp;volume=36&amp;issue=3&amp;pages=277-83&amp;publication_year=2014&amp;author=Olveira%2CC&amp;author=Olveira%2CG&amp;author=Espildora%2CF\" target=\"_blank\"><br \/>\n                    Google Scholar<\/a>\u00a0\n                <\/p>\n<\/li>\n<li class=\"c-article-references__item js-c-reading-companion-references-item\" data-counter=\"41.\">\n<p class=\"c-article-references__text\" id=\"ref-CR41\">Hosseinzadeh M, Vafa M, Esmaillzadeh A, et al. Empirically derived dietary patterns in relation to psychological disorders. Public Health Nutr. 2016;19(2):204\u201317. <a href=\"https:\/\/doi.org\/10.1017\/S136898001500172X\" data-track=\"click_references\" data-track-action=\"external reference\" data-track-value=\"external reference\" data-track-label=\"10.1017\/S136898001500172X\" rel=\"nofollow noopener\" target=\"_blank\">https:\/\/doi.org\/10.1017\/S136898001500172X<\/a>.<\/p>\n<p class=\"c-article-references__links u-hide-print\"><a data-track=\"click_references\" rel=\"nofollow noopener\" data-track-label=\"10.1017\/S136898001500172X\" data-track-item_id=\"10.1017\/S136898001500172X\" data-track-value=\"article reference\" data-track-action=\"article reference\" href=\"https:\/\/doi.org\/10.1017%2FS136898001500172X\" aria-label=\"Article reference 41\" data-doi=\"10.1017\/S136898001500172X\" target=\"_blank\">Article<\/a>\u00a0<br \/>\n    <a data-track=\"click_references\" rel=\"nofollow noopener\" data-track-label=\"link\" data-track-item_id=\"link\" data-track-value=\"pubmed reference\" data-track-action=\"pubmed reference\" href=\"http:\/\/www.ncbi.nlm.nih.gov\/entrez\/query.fcgi?cmd=Retrieve&amp;db=PubMed&amp;dopt=Abstract&amp;list_uids=26061411\" aria-label=\"PubMed reference 41\" target=\"_blank\">PubMed<\/a>\u00a0<br \/>\n    <a data-track=\"click_references\" data-track-action=\"google scholar reference\" data-track-value=\"google scholar reference\" data-track-label=\"link\" data-track-item_id=\"link\" rel=\"nofollow noopener\" aria-label=\"Google Scholar reference 41\" href=\"http:\/\/scholar.google.com\/scholar_lookup?&amp;title=Empirically%20derived%20dietary%20patterns%20in%20relation%20to%20psychological%20disorders&amp;journal=Public%20Health%20Nutr&amp;doi=10.1017%2FS136898001500172X&amp;volume=19&amp;issue=2&amp;pages=204-17&amp;publication_year=2016&amp;author=Hosseinzadeh%2CM&amp;author=Vafa%2CM&amp;author=Esmaillzadeh%2CA\" target=\"_blank\"><br \/>\n                    Google Scholar<\/a>\u00a0\n                <\/p>\n<\/li>\n<li class=\"c-article-references__item js-c-reading-companion-references-item\" data-counter=\"42.\">\n<p class=\"c-article-references__text\" id=\"ref-CR42\">Li Y, Lv M-R, Wei Y-J, et al. Dietary patterns and depression risk: A meta-analysis. Psychiatry Res. 2017;253:373\u201382. <a href=\"https:\/\/doi.org\/10.1016\/j.psychres.2017.04.020\" data-track=\"click_references\" data-track-action=\"external reference\" data-track-value=\"external reference\" data-track-label=\"10.1016\/j.psychres.2017.04.020\" rel=\"nofollow noopener\" target=\"_blank\">https:\/\/doi.org\/10.1016\/j.psychres.2017.04.020<\/a>.<\/p>\n<p class=\"c-article-references__links u-hide-print\"><a data-track=\"click_references\" rel=\"nofollow noopener\" data-track-label=\"10.1016\/j.psychres.2017.04.020\" data-track-item_id=\"10.1016\/j.psychres.2017.04.020\" data-track-value=\"article reference\" data-track-action=\"article reference\" href=\"https:\/\/doi.org\/10.1016%2Fj.psychres.2017.04.020\" aria-label=\"Article reference 42\" data-doi=\"10.1016\/j.psychres.2017.04.020\" target=\"_blank\">Article<\/a>\u00a0<br \/>\n    <a data-track=\"click_references\" rel=\"nofollow noopener\" data-track-label=\"link\" data-track-item_id=\"link\" data-track-value=\"pubmed reference\" data-track-action=\"pubmed reference\" href=\"http:\/\/www.ncbi.nlm.nih.gov\/entrez\/query.fcgi?cmd=Retrieve&amp;db=PubMed&amp;dopt=Abstract&amp;list_uids=28431261\" aria-label=\"PubMed reference 42\" target=\"_blank\">PubMed<\/a>\u00a0<br \/>\n    <a data-track=\"click_references\" data-track-action=\"google scholar reference\" data-track-value=\"google scholar reference\" data-track-label=\"link\" data-track-item_id=\"link\" rel=\"nofollow noopener\" aria-label=\"Google Scholar reference 42\" href=\"http:\/\/scholar.google.com\/scholar_lookup?&amp;title=Dietary%20patterns%20and%20depression%20risk%3A%20A%20meta-analysis&amp;journal=Psychiatry%20Res&amp;doi=10.1016%2Fj.psychres.2017.04.020&amp;volume=253&amp;pages=373-82&amp;publication_year=2017&amp;author=Li%2CY&amp;author=Lv%2CM-R&amp;author=Wei%2CY-J\" target=\"_blank\"><br \/>\n                    Google Scholar<\/a>\u00a0\n                <\/p>\n<\/li>\n<li class=\"c-article-references__item js-c-reading-companion-references-item\" data-counter=\"43.\">\n<p class=\"c-article-references__text\" id=\"ref-CR43\">Lu X, Wu L, Shao L, et al. Adherence to the EAT-lancet diet and incident depression and anxiety. Nat Commun. 2024;15(1):5599. <a href=\"https:\/\/doi.org\/10.1038\/s41467-024-49653-8\" data-track=\"click_references\" data-track-action=\"external reference\" data-track-value=\"external reference\" data-track-label=\"10.1038\/s41467-024-49653-8\" rel=\"nofollow noopener\" target=\"_blank\">https:\/\/doi.org\/10.1038\/s41467-024-49653-8<\/a>.<\/p>\n<p class=\"c-article-references__links u-hide-print\"><a data-track=\"click_references\" rel=\"nofollow noopener\" data-track-label=\"10.1038\/s41467-024-49653-8\" data-track-item_id=\"10.1038\/s41467-024-49653-8\" data-track-value=\"article reference\" data-track-action=\"article reference\" href=\"https:\/\/doi.org\/10.1038%2Fs41467-024-49653-8\" aria-label=\"Article reference 43\" data-doi=\"10.1038\/s41467-024-49653-8\" target=\"_blank\">Article<\/a>\u00a0<br \/>\n    <a data-track=\"click_references\" rel=\"nofollow noopener\" data-track-label=\"link\" data-track-item_id=\"link\" data-track-value=\"cas reference\" data-track-action=\"cas reference\" href=\"https:\/\/bmcpublichealth.biomedcentral.com\/articles\/cas-redirect\/1:CAS:528:DC%2BB2cXhsFSmu7rI\" aria-label=\"CAS reference 43\" target=\"_blank\">CAS<\/a>\u00a0<br \/>\n    <a data-track=\"click_references\" rel=\"nofollow noopener\" data-track-label=\"link\" data-track-item_id=\"link\" data-track-value=\"pubmed reference\" data-track-action=\"pubmed reference\" href=\"http:\/\/www.ncbi.nlm.nih.gov\/entrez\/query.fcgi?cmd=Retrieve&amp;db=PubMed&amp;dopt=Abstract&amp;list_uids=38961069\" aria-label=\"PubMed reference 43\" target=\"_blank\">PubMed<\/a>\u00a0<br \/>\n    <a data-track=\"click_references\" rel=\"nofollow noopener\" data-track-label=\"link\" data-track-item_id=\"link\" data-track-value=\"pubmed central reference\" data-track-action=\"pubmed central reference\" href=\"http:\/\/www.ncbi.nlm.nih.gov\/pmc\/articles\/PMC11222463\" aria-label=\"PubMed Central reference 43\" target=\"_blank\">PubMed Central<\/a>\u00a0<br \/>\n    <a data-track=\"click_references\" data-track-action=\"google scholar reference\" data-track-value=\"google scholar reference\" data-track-label=\"link\" data-track-item_id=\"link\" rel=\"nofollow noopener\" aria-label=\"Google Scholar reference 43\" href=\"http:\/\/scholar.google.com\/scholar_lookup?&amp;title=Adherence%20to%20the%20EAT-lancet%20diet%20and%20incident%20depression%20and%20anxiety&amp;journal=Nat%20Commun&amp;doi=10.1038%2Fs41467-024-49653-8&amp;volume=15&amp;issue=1&amp;publication_year=2024&amp;author=Lu%2CX&amp;author=Wu%2CL&amp;author=Shao%2CL\" target=\"_blank\"><br \/>\n                    Google Scholar<\/a>\u00a0\n                <\/p>\n<\/li>\n<li class=\"c-article-references__item js-c-reading-companion-references-item\" data-counter=\"44.\">\n<p class=\"c-article-references__text\" id=\"ref-CR44\">Sarris J, Logan AC, Akbaraly TN, et al. Nutritional medicine as mainstream in psychiatry. Lancet Psychiatry. 2015;2(3):271\u20134. <a href=\"https:\/\/doi.org\/10.1016\/S2215-0366(14)00051-0\" data-track=\"click_references\" data-track-action=\"external reference\" data-track-value=\"external reference\" data-track-label=\"10.1016\/S2215-0366(14)00051-0\" rel=\"nofollow noopener\" target=\"_blank\">https:\/\/doi.org\/10.1016\/S2215-0366(14)00051-0<\/a>.<\/p>\n<p class=\"c-article-references__links u-hide-print\"><a data-track=\"click_references\" rel=\"nofollow noopener\" data-track-label=\"10.1016\/S2215-0366(14)00051-0\" data-track-item_id=\"10.1016\/S2215-0366(14)00051-0\" data-track-value=\"article reference\" data-track-action=\"article reference\" href=\"https:\/\/doi.org\/10.1016%2FS2215-0366%2814%2900051-0\" aria-label=\"Article reference 44\" data-doi=\"10.1016\/S2215-0366(14)00051-0\" target=\"_blank\">Article<\/a>\u00a0<br \/>\n    <a data-track=\"click_references\" rel=\"nofollow noopener\" data-track-label=\"link\" data-track-item_id=\"link\" data-track-value=\"pubmed reference\" data-track-action=\"pubmed reference\" href=\"http:\/\/www.ncbi.nlm.nih.gov\/entrez\/query.fcgi?cmd=Retrieve&amp;db=PubMed&amp;dopt=Abstract&amp;list_uids=26359904\" aria-label=\"PubMed reference 44\" target=\"_blank\">PubMed<\/a>\u00a0<br \/>\n    <a data-track=\"click_references\" data-track-action=\"google scholar reference\" data-track-value=\"google scholar reference\" data-track-label=\"link\" data-track-item_id=\"link\" rel=\"nofollow noopener\" aria-label=\"Google Scholar reference 44\" href=\"http:\/\/scholar.google.com\/scholar_lookup?&amp;title=Nutritional%20medicine%20as%20mainstream%20in%20psychiatry&amp;journal=Lancet%20Psychiatry&amp;doi=10.1016%2FS2215-0366%2814%2900051-0&amp;volume=2&amp;issue=3&amp;pages=271-4&amp;publication_year=2015&amp;author=Sarris%2CJ&amp;author=Logan%2CAC&amp;author=Akbaraly%2CTN\" target=\"_blank\"><br \/>\n                    Google Scholar<\/a>\u00a0\n                <\/p>\n<\/li>\n<li class=\"c-article-references__item js-c-reading-companion-references-item\" data-counter=\"45.\">\n<p class=\"c-article-references__text\" id=\"ref-CR45\">Slavin JL, Lloyd B. Health benefits of fruits and vegetables1. Adv Nutr. 2012;3(4):506\u201316. <a href=\"https:\/\/doi.org\/10.3945\/an.112.002154\" data-track=\"click_references\" data-track-action=\"external reference\" data-track-value=\"external reference\" data-track-label=\"10.3945\/an.112.002154\" rel=\"nofollow noopener\" target=\"_blank\">https:\/\/doi.org\/10.3945\/an.112.002154<\/a>.<\/p>\n<p class=\"c-article-references__links u-hide-print\"><a data-track=\"click_references\" rel=\"nofollow noopener\" data-track-label=\"10.3945\/an.112.002154\" data-track-item_id=\"10.3945\/an.112.002154\" data-track-value=\"article reference\" data-track-action=\"article reference\" href=\"https:\/\/doi.org\/10.3945%2Fan.112.002154\" aria-label=\"Article reference 45\" data-doi=\"10.3945\/an.112.002154\" target=\"_blank\">Article<\/a>\u00a0<br \/>\n    <a data-track=\"click_references\" rel=\"nofollow noopener\" data-track-label=\"link\" data-track-item_id=\"link\" data-track-value=\"cas reference\" data-track-action=\"cas reference\" href=\"https:\/\/bmcpublichealth.biomedcentral.com\/articles\/cas-redirect\/1:CAS:528:DC%2BC38Xht1KltLbN\" aria-label=\"CAS reference 45\" target=\"_blank\">CAS<\/a>\u00a0<br \/>\n    <a data-track=\"click_references\" rel=\"nofollow noopener\" data-track-label=\"link\" data-track-item_id=\"link\" data-track-value=\"pubmed reference\" data-track-action=\"pubmed reference\" href=\"http:\/\/www.ncbi.nlm.nih.gov\/entrez\/query.fcgi?cmd=Retrieve&amp;db=PubMed&amp;dopt=Abstract&amp;list_uids=22797986\" aria-label=\"PubMed reference 45\" target=\"_blank\">PubMed<\/a>\u00a0<br \/>\n    <a data-track=\"click_references\" rel=\"nofollow noopener\" data-track-label=\"link\" data-track-item_id=\"link\" data-track-value=\"pubmed central reference\" data-track-action=\"pubmed central reference\" href=\"http:\/\/www.ncbi.nlm.nih.gov\/pmc\/articles\/PMC3649719\" aria-label=\"PubMed Central reference 45\" target=\"_blank\">PubMed Central<\/a>\u00a0<br \/>\n    <a data-track=\"click_references\" data-track-action=\"google scholar reference\" data-track-value=\"google scholar reference\" data-track-label=\"link\" data-track-item_id=\"link\" rel=\"nofollow noopener\" aria-label=\"Google Scholar reference 45\" href=\"http:\/\/scholar.google.com\/scholar_lookup?&amp;title=Health%20benefits%20of%20fruits%20and%20vegetables1&amp;journal=Adv%20Nutr&amp;doi=10.3945%2Fan.112.002154&amp;volume=3&amp;issue=4&amp;pages=506-16&amp;publication_year=2012&amp;author=Slavin%2CJL&amp;author=Lloyd%2CB\" target=\"_blank\"><br \/>\n                    Google Scholar<\/a>\u00a0\n                <\/p>\n<\/li>\n<li class=\"c-article-references__item js-c-reading-companion-references-item\" data-counter=\"46.\">\n<p class=\"c-article-references__text\" id=\"ref-CR46\">Mujcic R, Oswald AJ. Does eating fruit and vegetables also reduce the longitudinal risk of depression and anxiety? A commentary on \u2018Lettuce be happy.\u2019 Soc Sci Med. 2019;222:346\u20138. <a href=\"https:\/\/doi.org\/10.1016\/j.socscimed.2019.01.004\" data-track=\"click_references\" data-track-action=\"external reference\" data-track-value=\"external reference\" data-track-label=\"10.1016\/j.socscimed.2019.01.004\" rel=\"nofollow noopener\" target=\"_blank\">https:\/\/doi.org\/10.1016\/j.socscimed.2019.01.004<\/a>.<\/p>\n<p class=\"c-article-references__links u-hide-print\"><a data-track=\"click_references\" rel=\"nofollow noopener\" data-track-label=\"10.1016\/j.socscimed.2019.01.004\" data-track-item_id=\"10.1016\/j.socscimed.2019.01.004\" data-track-value=\"article reference\" data-track-action=\"article reference\" href=\"https:\/\/doi.org\/10.1016%2Fj.socscimed.2019.01.004\" aria-label=\"Article reference 46\" data-doi=\"10.1016\/j.socscimed.2019.01.004\" target=\"_blank\">Article<\/a>\u00a0<br \/>\n    <a data-track=\"click_references\" rel=\"nofollow noopener\" data-track-label=\"link\" data-track-item_id=\"link\" data-track-value=\"pubmed reference\" data-track-action=\"pubmed reference\" href=\"http:\/\/www.ncbi.nlm.nih.gov\/entrez\/query.fcgi?cmd=Retrieve&amp;db=PubMed&amp;dopt=Abstract&amp;list_uids=30709646\" aria-label=\"PubMed reference 46\" target=\"_blank\">PubMed<\/a>\u00a0<br \/>\n    <a data-track=\"click_references\" data-track-action=\"google scholar reference\" data-track-value=\"google scholar reference\" data-track-label=\"link\" data-track-item_id=\"link\" rel=\"nofollow noopener\" aria-label=\"Google Scholar reference 46\" href=\"http:\/\/scholar.google.com\/scholar_lookup?&amp;title=Does%20eating%20fruit%20and%20vegetables%20also%20reduce%20the%20longitudinal%20risk%20of%20depression%20and%20anxiety%3F%20A%20commentary%20on%20%E2%80%98Lettuce%20be%20happy%E2%80%99&amp;journal=Soc%20Sci%20Med&amp;doi=10.1016%2Fj.socscimed.2019.01.004&amp;volume=222&amp;pages=346-8&amp;publication_year=2019&amp;author=Mujcic%2CR&amp;author=Oswald%2CAJ\" target=\"_blank\"><br \/>\n                    Google Scholar<\/a>\u00a0\n                <\/p>\n<\/li>\n<li class=\"c-article-references__item js-c-reading-companion-references-item\" data-counter=\"47.\">\n<p class=\"c-article-references__text\" id=\"ref-CR47\">LaChance LR, Ramsey D. Antidepressant foods: an evidence-based nutrient profiling system for depression. World J Psychiatr. 2018;8(3):97\u2013104. <a href=\"https:\/\/doi.org\/10.5498\/wjp.v8.i3.97\" data-track=\"click_references\" data-track-action=\"external reference\" data-track-value=\"external reference\" data-track-label=\"10.5498\/wjp.v8.i3.97\" rel=\"nofollow noopener\" target=\"_blank\">https:\/\/doi.org\/10.5498\/wjp.v8.i3.97<\/a>.<\/p>\n<p class=\"c-article-references__links u-hide-print\"><a data-track=\"click_references\" rel=\"nofollow noopener\" data-track-label=\"10.5498\/wjp.v8.i3.97\" data-track-item_id=\"10.5498\/wjp.v8.i3.97\" data-track-value=\"article reference\" data-track-action=\"article reference\" href=\"https:\/\/doi.org\/10.5498%2Fwjp.v8.i3.97\" aria-label=\"Article reference 47\" data-doi=\"10.5498\/wjp.v8.i3.97\" target=\"_blank\">Article<\/a>\u00a0<br \/>\n    <a data-track=\"click_references\" rel=\"nofollow noopener\" data-track-label=\"link\" data-track-item_id=\"link\" data-track-value=\"pubmed reference\" data-track-action=\"pubmed reference\" href=\"http:\/\/www.ncbi.nlm.nih.gov\/entrez\/query.fcgi?cmd=Retrieve&amp;db=PubMed&amp;dopt=Abstract&amp;list_uids=30254980\" aria-label=\"PubMed reference 47\" target=\"_blank\">PubMed<\/a>\u00a0<br \/>\n    <a data-track=\"click_references\" rel=\"nofollow noopener\" data-track-label=\"link\" data-track-item_id=\"link\" data-track-value=\"pubmed central reference\" data-track-action=\"pubmed central reference\" href=\"http:\/\/www.ncbi.nlm.nih.gov\/pmc\/articles\/PMC6147775\" aria-label=\"PubMed Central reference 47\" target=\"_blank\">PubMed Central<\/a>\u00a0<br \/>\n    <a data-track=\"click_references\" data-track-action=\"google scholar reference\" data-track-value=\"google scholar reference\" data-track-label=\"link\" data-track-item_id=\"link\" rel=\"nofollow noopener\" aria-label=\"Google Scholar reference 47\" href=\"http:\/\/scholar.google.com\/scholar_lookup?&amp;title=Antidepressant%20foods%3A%20an%20evidence-based%20nutrient%20profiling%20system%20for%20depression&amp;journal=World%20J%20Psychiatr&amp;doi=10.5498%2Fwjp.v8.i3.97&amp;volume=8&amp;issue=3&amp;pages=97-104&amp;publication_year=2018&amp;author=LaChance%2CLR&amp;author=Ramsey%2CD\" target=\"_blank\"><br \/>\n                    Google Scholar<\/a>\u00a0\n                <\/p>\n<\/li>\n<li class=\"c-article-references__item js-c-reading-companion-references-item\" data-counter=\"48.\">\n<p class=\"c-article-references__text\" id=\"ref-CR48\">Dharmayani PNA, Mishra GD, Mihrshahi S. Fruit and vegetable consumption and depression symptoms in young women: results from 1973 to 1978 cohort of the Australian longitudinal study on women\u2019s health. Eur J Nutr. 2022;61(8):4167\u201378. <a href=\"https:\/\/doi.org\/10.1007\/s00394-022-02926-8\" data-track=\"click_references\" data-track-action=\"external reference\" data-track-value=\"external reference\" data-track-label=\"10.1007\/s00394-022-02926-8\" rel=\"nofollow noopener\" target=\"_blank\">https:\/\/doi.org\/10.1007\/s00394-022-02926-8<\/a>.<\/p>\n<p class=\"c-article-references__links u-hide-print\"><a data-track=\"click_references\" rel=\"noopener nofollow\" data-track-label=\"10.1007\/s00394-022-02926-8\" data-track-item_id=\"10.1007\/s00394-022-02926-8\" data-track-value=\"article reference\" data-track-action=\"article reference\" href=\"https:\/\/link.springer.com\/doi\/10.1007\/s00394-022-02926-8\" aria-label=\"Article reference 48\" data-doi=\"10.1007\/s00394-022-02926-8\" target=\"_blank\">Article<\/a>\u00a0<br \/>\n    <a data-track=\"click_references\" rel=\"nofollow noopener\" data-track-label=\"link\" data-track-item_id=\"link\" data-track-value=\"cas reference\" data-track-action=\"cas reference\" href=\"https:\/\/bmcpublichealth.biomedcentral.com\/articles\/cas-redirect\/1:CAS:528:DC%2BB38XitVOitb3I\" aria-label=\"CAS reference 48\" target=\"_blank\">CAS<\/a>\u00a0<br \/>\n    <a data-track=\"click_references\" rel=\"nofollow noopener\" data-track-label=\"link\" data-track-item_id=\"link\" data-track-value=\"pubmed reference\" data-track-action=\"pubmed reference\" href=\"http:\/\/www.ncbi.nlm.nih.gov\/entrez\/query.fcgi?cmd=Retrieve&amp;db=PubMed&amp;dopt=Abstract&amp;list_uids=35864339\" aria-label=\"PubMed reference 48\" target=\"_blank\">PubMed<\/a>\u00a0<br \/>\n    <a data-track=\"click_references\" rel=\"nofollow noopener\" data-track-label=\"link\" data-track-item_id=\"link\" data-track-value=\"pubmed central reference\" data-track-action=\"pubmed central reference\" href=\"http:\/\/www.ncbi.nlm.nih.gov\/pmc\/articles\/PMC9596510\" aria-label=\"PubMed Central reference 48\" target=\"_blank\">PubMed Central<\/a>\u00a0<br \/>\n    <a data-track=\"click_references\" data-track-action=\"google scholar reference\" data-track-value=\"google scholar reference\" data-track-label=\"link\" data-track-item_id=\"link\" rel=\"nofollow noopener\" aria-label=\"Google Scholar reference 48\" href=\"http:\/\/scholar.google.com\/scholar_lookup?&amp;title=Fruit%20and%20vegetable%20consumption%20and%20depression%20symptoms%20in%20young%20women%3A%20results%20from%201973%20to%201978%20cohort%20of%20the%20Australian%20longitudinal%20study%20on%20women%E2%80%99s%20health&amp;journal=Eur%20J%20Nutr&amp;doi=10.1007%2Fs00394-022-02926-8&amp;volume=61&amp;issue=8&amp;pages=4167-78&amp;publication_year=2022&amp;author=Dharmayani%2CPNA&amp;author=Mishra%2CGD&amp;author=Mihrshahi%2CS\" target=\"_blank\"><br \/>\n                    Google Scholar<\/a>\u00a0\n                <\/p>\n<\/li>\n<li class=\"c-article-references__item js-c-reading-companion-references-item\" data-counter=\"49.\">\n<p class=\"c-article-references__text\" id=\"ref-CR49\">Jacka FN, Pasco JA, Mykletun A, et al. Association of Western and traditional diets with depression and anxiety in women. Am J Psychiatry. 2010;167(3):305\u201311.<\/p>\n<p class=\"c-article-references__links u-hide-print\"><a data-track=\"click_references\" rel=\"nofollow noopener\" data-track-label=\"10.1176\/appi.ajp.2009.09060881\" data-track-item_id=\"10.1176\/appi.ajp.2009.09060881\" data-track-value=\"article reference\" data-track-action=\"article reference\" href=\"https:\/\/doi.org\/10.1176%2Fappi.ajp.2009.09060881\" aria-label=\"Article reference 49\" data-doi=\"10.1176\/appi.ajp.2009.09060881\" target=\"_blank\">Article<\/a>\u00a0<br \/>\n    <a data-track=\"click_references\" rel=\"nofollow noopener\" data-track-label=\"link\" data-track-item_id=\"link\" data-track-value=\"pubmed reference\" data-track-action=\"pubmed reference\" href=\"http:\/\/www.ncbi.nlm.nih.gov\/entrez\/query.fcgi?cmd=Retrieve&amp;db=PubMed&amp;dopt=Abstract&amp;list_uids=20048020\" aria-label=\"PubMed reference 49\" target=\"_blank\">PubMed<\/a>\u00a0<br \/>\n    <a data-track=\"click_references\" data-track-action=\"google scholar reference\" data-track-value=\"google scholar reference\" data-track-label=\"link\" data-track-item_id=\"link\" rel=\"nofollow noopener\" aria-label=\"Google Scholar reference 49\" href=\"http:\/\/scholar.google.com\/scholar_lookup?&amp;title=Association%20of%20Western%20and%20traditional%20diets%20with%20depression%20and%20anxiety%20in%20women&amp;journal=Am%20J%20Psychiatry&amp;doi=10.1176%2Fappi.ajp.2009.09060881&amp;volume=167&amp;issue=3&amp;pages=305-11&amp;publication_year=2010&amp;author=Jacka%2CFN&amp;author=Pasco%2CJA&amp;author=Mykletun%2CA\" target=\"_blank\"><br \/>\n                    Google Scholar<\/a>\u00a0\n                <\/p>\n<\/li>\n<li class=\"c-article-references__item js-c-reading-companion-references-item\" data-counter=\"50.\">\n<p class=\"c-article-references__text\" id=\"ref-CR50\">Fuseini H, Gyan BA, Kyei GB, et al. Undernutrition and HIV infection in Sub-Saharan Africa: health outcomes and therapeutic interventions. Curr HIV AIDS Rep. 2021;18(2):87\u201397. <a href=\"https:\/\/doi.org\/10.1007\/s11904-021-00541-6\" data-track=\"click_references\" data-track-action=\"external reference\" data-track-value=\"external reference\" data-track-label=\"10.1007\/s11904-021-00541-6\" rel=\"nofollow noopener\" target=\"_blank\">https:\/\/doi.org\/10.1007\/s11904-021-00541-6<\/a>.<\/p>\n<p class=\"c-article-references__links u-hide-print\"><a data-track=\"click_references\" rel=\"noopener nofollow\" data-track-label=\"10.1007\/s11904-021-00541-6\" data-track-item_id=\"10.1007\/s11904-021-00541-6\" data-track-value=\"article reference\" data-track-action=\"article reference\" href=\"https:\/\/link.springer.com\/doi\/10.1007\/s11904-021-00541-6\" aria-label=\"Article reference 50\" data-doi=\"10.1007\/s11904-021-00541-6\" target=\"_blank\">Article<\/a>\u00a0<br \/>\n    <a data-track=\"click_references\" rel=\"nofollow noopener\" data-track-label=\"link\" data-track-item_id=\"link\" data-track-value=\"pubmed reference\" data-track-action=\"pubmed reference\" href=\"http:\/\/www.ncbi.nlm.nih.gov\/entrez\/query.fcgi?cmd=Retrieve&amp;db=PubMed&amp;dopt=Abstract&amp;list_uids=33606196\" aria-label=\"PubMed reference 50\" target=\"_blank\">PubMed<\/a>\u00a0<br \/>\n    <a data-track=\"click_references\" data-track-action=\"google scholar reference\" data-track-value=\"google scholar reference\" data-track-label=\"link\" data-track-item_id=\"link\" rel=\"nofollow noopener\" aria-label=\"Google Scholar reference 50\" href=\"http:\/\/scholar.google.com\/scholar_lookup?&amp;title=Undernutrition%20and%20HIV%20infection%20in%20Sub-Saharan%20Africa%3A%20health%20outcomes%20and%20therapeutic%20interventions&amp;journal=Curr%20HIV%20AIDS%20Rep&amp;doi=10.1007%2Fs11904-021-00541-6&amp;volume=18&amp;issue=2&amp;pages=87-97&amp;publication_year=2021&amp;author=Fuseini%2CH&amp;author=Gyan%2CBA&amp;author=Kyei%2CGB\" target=\"_blank\"><br \/>\n                    Google Scholar<\/a>\u00a0\n                <\/p>\n<\/li>\n<li class=\"c-article-references__item js-c-reading-companion-references-item\" data-counter=\"51.\">\n<p class=\"c-article-references__text\" id=\"ref-CR51\">Shifera N, Yosef T, Matiyas R, et al. Undernutrition and associated risk factors among adult HIV\/AIDS participants attending antiretroviral therapy at public hospitals of bench Sheko Zone, Southwest Ethiopia. J Int Assoc Provid AIDS Care. 2022;21:23259582221079154. <a href=\"https:\/\/doi.org\/10.1177\/23259582221079154\" data-track=\"click_references\" data-track-action=\"external reference\" data-track-value=\"external reference\" data-track-label=\"10.1177\/23259582221079154\" rel=\"nofollow noopener\" target=\"_blank\">https:\/\/doi.org\/10.1177\/23259582221079154<\/a>.<\/p>\n<p class=\"c-article-references__links u-hide-print\"><a data-track=\"click_references\" rel=\"nofollow noopener\" data-track-label=\"10.1177\/23259582221079154\" data-track-item_id=\"10.1177\/23259582221079154\" data-track-value=\"article reference\" data-track-action=\"article reference\" href=\"https:\/\/doi.org\/10.1177%2F23259582221079154\" aria-label=\"Article reference 51\" data-doi=\"10.1177\/23259582221079154\" target=\"_blank\">Article<\/a>\u00a0<br \/>\n    <a data-track=\"click_references\" rel=\"nofollow noopener\" data-track-label=\"link\" data-track-item_id=\"link\" data-track-value=\"pubmed reference\" data-track-action=\"pubmed reference\" href=\"http:\/\/www.ncbi.nlm.nih.gov\/entrez\/query.fcgi?cmd=Retrieve&amp;db=PubMed&amp;dopt=Abstract&amp;list_uids=35481790\" aria-label=\"PubMed reference 51\" target=\"_blank\">PubMed<\/a>\u00a0<br \/>\n    <a data-track=\"click_references\" rel=\"nofollow noopener\" data-track-label=\"link\" data-track-item_id=\"link\" data-track-value=\"pubmed central reference\" data-track-action=\"pubmed central reference\" href=\"http:\/\/www.ncbi.nlm.nih.gov\/pmc\/articles\/PMC9099061\" aria-label=\"PubMed Central reference 51\" target=\"_blank\">PubMed Central<\/a>\u00a0<br \/>\n    <a data-track=\"click_references\" data-track-action=\"google scholar reference\" data-track-value=\"google scholar reference\" data-track-label=\"link\" data-track-item_id=\"link\" rel=\"nofollow noopener\" aria-label=\"Google Scholar reference 51\" href=\"http:\/\/scholar.google.com\/scholar_lookup?&amp;title=Undernutrition%20and%20associated%20risk%20factors%20among%20adult%20HIV%2FAIDS%20participants%20attending%20antiretroviral%20therapy%20at%20public%20hospitals%20of%20bench%20Sheko%20Zone%2C%20Southwest%20Ethiopia&amp;journal=J%20Int%20Assoc%20Provid%20AIDS%20Care&amp;doi=10.1177%2F23259582221079154&amp;volume=21&amp;publication_year=2022&amp;author=Shifera%2CN&amp;author=Yosef%2CT&amp;author=Matiyas%2CR\" target=\"_blank\"><br \/>\n                    Google Scholar<\/a>\u00a0\n                <\/p>\n<\/li>\n<li class=\"c-article-references__item js-c-reading-companion-references-item\" data-counter=\"52.\">\n<p class=\"c-article-references__text\" id=\"ref-CR52\">Liu X, Cao J, Zhu Z, Zhao X, Zhou J, Deng Q, et al. Nutritional risk and nutritional status in hospitalized older adults living with HIV in Shenzhen, China: a cross-sectional study. BMC Infect Dis. 2021;21(1):618. <a href=\"https:\/\/doi.org\/10.1186\/s12879-021-06322-1\" data-track=\"click_references\" data-track-action=\"external reference\" data-track-value=\"external reference\" data-track-label=\"10.1186\/s12879-021-06322-1\" rel=\"nofollow noopener\" target=\"_blank\">https:\/\/doi.org\/10.1186\/s12879-021-06322-1<\/a>.<\/p>\n<p class=\"c-article-references__links u-hide-print\"><a data-track=\"click_references\" rel=\"noopener nofollow\" data-track-label=\"10.1186\/s12879-021-06322-1\" data-track-item_id=\"10.1186\/s12879-021-06322-1\" data-track-value=\"article reference\" data-track-action=\"article reference\" href=\"https:\/\/link.springer.com\/doi\/10.1186\/s12879-021-06322-1\" aria-label=\"Article reference 52\" data-doi=\"10.1186\/s12879-021-06322-1\" target=\"_blank\">Article<\/a>\u00a0<br \/>\n    <a data-track=\"click_references\" rel=\"nofollow noopener\" data-track-label=\"link\" data-track-item_id=\"link\" data-track-value=\"cas reference\" data-track-action=\"cas reference\" href=\"https:\/\/bmcpublichealth.biomedcentral.com\/articles\/cas-redirect\/1:CAS:528:DC%2BB3MXhvFGntrjP\" aria-label=\"CAS reference 52\" target=\"_blank\">CAS<\/a>\u00a0<br \/>\n    <a data-track=\"click_references\" rel=\"nofollow noopener\" data-track-label=\"link\" data-track-item_id=\"link\" data-track-value=\"pubmed reference\" data-track-action=\"pubmed reference\" href=\"http:\/\/www.ncbi.nlm.nih.gov\/entrez\/query.fcgi?cmd=Retrieve&amp;db=PubMed&amp;dopt=Abstract&amp;list_uids=34187374\" aria-label=\"PubMed reference 52\" target=\"_blank\">PubMed<\/a>\u00a0<br \/>\n    <a data-track=\"click_references\" rel=\"nofollow noopener\" data-track-label=\"link\" data-track-item_id=\"link\" data-track-value=\"pubmed central reference\" data-track-action=\"pubmed central reference\" href=\"http:\/\/www.ncbi.nlm.nih.gov\/pmc\/articles\/PMC8244224\" aria-label=\"PubMed Central reference 52\" target=\"_blank\">PubMed Central<\/a>\u00a0<br \/>\n    <a data-track=\"click_references\" data-track-action=\"google scholar reference\" data-track-value=\"google scholar reference\" data-track-label=\"link\" data-track-item_id=\"link\" rel=\"nofollow noopener\" aria-label=\"Google Scholar reference 52\" href=\"http:\/\/scholar.google.com\/scholar_lookup?&amp;title=Nutritional%20risk%20and%20nutritional%20status%20in%20hospitalized%20older%20adults%20living%20with%20HIV%20in%20Shenzhen%2C%20China%3A%20a%20cross-sectional%20study&amp;journal=BMC%20Infect%20Dis&amp;doi=10.1186%2Fs12879-021-06322-1&amp;volume=21&amp;issue=1&amp;publication_year=2021&amp;author=Liu%2CX&amp;author=Cao%2CJ&amp;author=Zhu%2CZ&amp;author=Zhao%2CX&amp;author=Zhou%2CJ&amp;author=Deng%2CQ\" target=\"_blank\"><br \/>\n                    Google Scholar<\/a>\u00a0\n                <\/p>\n<\/li>\n<li class=\"c-article-references__item js-c-reading-companion-references-item\" data-counter=\"53.\">\n<p class=\"c-article-references__text\" id=\"ref-CR53\">Weiser SD, Frongillo EA, Ragland K, et al. Food insecurity is associated with incomplete HIV RNA suppression among homeless and marginally housed HIV-infected individuals in San Francisco. J Gen Intern Med. 2009;24(1):14\u201320. <a href=\"https:\/\/doi.org\/10.1007\/s11606-008-0824-5\" data-track=\"click_references\" data-track-action=\"external reference\" data-track-value=\"external reference\" data-track-label=\"10.1007\/s11606-008-0824-5\" rel=\"nofollow noopener\" target=\"_blank\">https:\/\/doi.org\/10.1007\/s11606-008-0824-5<\/a>.<\/p>\n<p class=\"c-article-references__links u-hide-print\"><a data-track=\"click_references\" rel=\"noopener nofollow\" data-track-label=\"10.1007\/s11606-008-0824-5\" data-track-item_id=\"10.1007\/s11606-008-0824-5\" data-track-value=\"article reference\" data-track-action=\"article reference\" href=\"https:\/\/link.springer.com\/doi\/10.1007\/s11606-008-0824-5\" aria-label=\"Article reference 53\" data-doi=\"10.1007\/s11606-008-0824-5\" target=\"_blank\">Article<\/a>\u00a0<br \/>\n    <a data-track=\"click_references\" rel=\"nofollow noopener\" data-track-label=\"link\" data-track-item_id=\"link\" data-track-value=\"pubmed reference\" data-track-action=\"pubmed reference\" href=\"http:\/\/www.ncbi.nlm.nih.gov\/entrez\/query.fcgi?cmd=Retrieve&amp;db=PubMed&amp;dopt=Abstract&amp;list_uids=18953617\" aria-label=\"PubMed reference 53\" target=\"_blank\">PubMed<\/a>\u00a0<br \/>\n    <a data-track=\"click_references\" data-track-action=\"google scholar reference\" data-track-value=\"google scholar reference\" data-track-label=\"link\" data-track-item_id=\"link\" rel=\"nofollow noopener\" aria-label=\"Google Scholar reference 53\" href=\"http:\/\/scholar.google.com\/scholar_lookup?&amp;title=Food%20insecurity%20is%20associated%20with%20incomplete%20HIV%20RNA%20suppression%20among%20homeless%20and%20marginally%20housed%20HIV-infected%20individuals%20in%20San%20Francisco&amp;journal=J%20Gen%20Intern%20Med&amp;doi=10.1007%2Fs11606-008-0824-5&amp;volume=24&amp;issue=1&amp;pages=14-20&amp;publication_year=2009&amp;author=Weiser%2CSD&amp;author=Frongillo%2CEA&amp;author=Ragland%2CK\" target=\"_blank\"><br \/>\n                    Google Scholar<\/a>\u00a0\n                <\/p>\n<\/li>\n<li class=\"c-article-references__item js-c-reading-companion-references-item\" data-counter=\"54.\">\n<p class=\"c-article-references__text\" id=\"ref-CR54\">Leddy AM, Roque A, Sheira LA, et al. Food insecurity is associated with inflammation among women living with HIV. J Infect Dis. 2019;219(3):429\u201336. <a href=\"https:\/\/doi.org\/10.1093\/infdis\/jiy511\" data-track=\"click_references\" data-track-action=\"external reference\" data-track-value=\"external reference\" data-track-label=\"10.1093\/infdis\/jiy511\" rel=\"nofollow noopener\" target=\"_blank\">https:\/\/doi.org\/10.1093\/infdis\/jiy511<\/a>.<\/p>\n<p class=\"c-article-references__links u-hide-print\"><a data-track=\"click_references\" rel=\"nofollow noopener\" data-track-label=\"10.1093\/infdis\/jiy511\" data-track-item_id=\"10.1093\/infdis\/jiy511\" data-track-value=\"article reference\" data-track-action=\"article reference\" href=\"https:\/\/doi.org\/10.1093%2Finfdis%2Fjiy511\" aria-label=\"Article reference 54\" data-doi=\"10.1093\/infdis\/jiy511\" target=\"_blank\">Article<\/a>\u00a0<br \/>\n    <a data-track=\"click_references\" rel=\"nofollow noopener\" data-track-label=\"link\" data-track-item_id=\"link\" data-track-value=\"pubmed reference\" data-track-action=\"pubmed reference\" href=\"http:\/\/www.ncbi.nlm.nih.gov\/entrez\/query.fcgi?cmd=Retrieve&amp;db=PubMed&amp;dopt=Abstract&amp;list_uids=30165648\" aria-label=\"PubMed reference 54\" target=\"_blank\">PubMed<\/a>\u00a0<br \/>\n    <a data-track=\"click_references\" data-track-action=\"google scholar reference\" data-track-value=\"google scholar reference\" data-track-label=\"link\" data-track-item_id=\"link\" rel=\"nofollow noopener\" aria-label=\"Google Scholar reference 54\" href=\"http:\/\/scholar.google.com\/scholar_lookup?&amp;title=Food%20insecurity%20is%20associated%20with%20inflammation%20among%20women%20living%20with%20HIV&amp;journal=J%20Infect%20Dis&amp;doi=10.1093%2Finfdis%2Fjiy511&amp;volume=219&amp;issue=3&amp;pages=429-36&amp;publication_year=2019&amp;author=Leddy%2CAM&amp;author=Roque%2CA&amp;author=Sheira%2CLA\" target=\"_blank\"><br \/>\n                    Google Scholar<\/a>\u00a0\n                <\/p>\n<\/li>\n<li class=\"c-article-references__item js-c-reading-companion-references-item\" data-counter=\"55.\">\n<p class=\"c-article-references__text\" id=\"ref-CR55\">Okubo H, Miyake Y, Sasaki S, et al. Dietary patterns during pregnancy and the risk of postpartum depression in Japan: the Osaka maternal and child health study. Br J Nutr. 2011;105(8):1251\u20137. <a href=\"https:\/\/doi.org\/10.1017\/S0007114510004782\" data-track=\"click_references\" data-track-action=\"external reference\" data-track-value=\"external reference\" data-track-label=\"10.1017\/S0007114510004782\" rel=\"nofollow noopener\" target=\"_blank\">https:\/\/doi.org\/10.1017\/S0007114510004782<\/a>.<\/p>\n<p class=\"c-article-references__links u-hide-print\"><a data-track=\"click_references\" rel=\"nofollow noopener\" data-track-label=\"10.1017\/S0007114510004782\" data-track-item_id=\"10.1017\/S0007114510004782\" data-track-value=\"article reference\" data-track-action=\"article reference\" href=\"https:\/\/doi.org\/10.1017%2FS0007114510004782\" aria-label=\"Article reference 55\" data-doi=\"10.1017\/S0007114510004782\" target=\"_blank\">Article<\/a>\u00a0<br \/>\n    <a data-track=\"click_references\" rel=\"nofollow noopener\" data-track-label=\"link\" data-track-item_id=\"link\" data-track-value=\"pubmed reference\" data-track-action=\"pubmed reference\" href=\"http:\/\/www.ncbi.nlm.nih.gov\/entrez\/query.fcgi?cmd=Retrieve&amp;db=PubMed&amp;dopt=Abstract&amp;list_uids=21144112\" aria-label=\"PubMed reference 55\" target=\"_blank\">PubMed<\/a>\u00a0<br \/>\n    <a data-track=\"click_references\" data-track-action=\"google scholar reference\" data-track-value=\"google scholar reference\" data-track-label=\"link\" data-track-item_id=\"link\" rel=\"nofollow noopener\" aria-label=\"Google Scholar reference 55\" href=\"http:\/\/scholar.google.com\/scholar_lookup?&amp;title=Dietary%20patterns%20during%20pregnancy%20and%20the%20risk%20of%20postpartum%20depression%20in%20Japan%3A%20the%20Osaka%20maternal%20and%20child%20health%20study&amp;journal=Br%20J%20Nutr&amp;doi=10.1017%2FS0007114510004782&amp;volume=105&amp;issue=8&amp;pages=1251-7&amp;publication_year=2011&amp;author=Okubo%2CH&amp;author=Miyake%2CY&amp;author=Sasaki%2CS\" target=\"_blank\"><br \/>\n                    Google Scholar<\/a>\u00a0\n                <\/p>\n<\/li>\n<li class=\"c-article-references__item js-c-reading-companion-references-item\" data-counter=\"56.\">\n<p class=\"c-article-references__text\" id=\"ref-CR56\">Mueller M, Ganesh R, Bonnes S. Gut health\u2009=\u2009mental health? The impact of diet and dietary supplements on mood disorders. Curr Nutr Rep. 2020;9(4):361\u20138. <a href=\"https:\/\/doi.org\/10.1007\/s13668-020-00340-2\" data-track=\"click_references\" data-track-action=\"external reference\" data-track-value=\"external reference\" data-track-label=\"10.1007\/s13668-020-00340-2\" rel=\"nofollow noopener\" target=\"_blank\">https:\/\/doi.org\/10.1007\/s13668-020-00340-2<\/a>.<\/p>\n<p class=\"c-article-references__links u-hide-print\"><a data-track=\"click_references\" rel=\"noopener nofollow\" data-track-label=\"10.1007\/s13668-020-00340-2\" data-track-item_id=\"10.1007\/s13668-020-00340-2\" data-track-value=\"article reference\" data-track-action=\"article reference\" href=\"https:\/\/link.springer.com\/doi\/10.1007\/s13668-020-00340-2\" aria-label=\"Article reference 56\" data-doi=\"10.1007\/s13668-020-00340-2\" target=\"_blank\">Article<\/a>\u00a0<br \/>\n    <a data-track=\"click_references\" rel=\"nofollow noopener\" data-track-label=\"link\" data-track-item_id=\"link\" data-track-value=\"pubmed reference\" data-track-action=\"pubmed reference\" href=\"http:\/\/www.ncbi.nlm.nih.gov\/entrez\/query.fcgi?cmd=Retrieve&amp;db=PubMed&amp;dopt=Abstract&amp;list_uids=33170436\" aria-label=\"PubMed reference 56\" target=\"_blank\">PubMed<\/a>\u00a0<br \/>\n    <a data-track=\"click_references\" data-track-action=\"google scholar reference\" data-track-value=\"google scholar reference\" data-track-label=\"link\" data-track-item_id=\"link\" rel=\"nofollow noopener\" aria-label=\"Google Scholar reference 56\" href=\"http:\/\/scholar.google.com\/scholar_lookup?&amp;title=Gut%20health%E2%80%89%3D%E2%80%89mental%20health%3F%20The%20impact%20of%20diet%20and%20dietary%20supplements%20on%20mood%20disorders&amp;journal=Curr%20Nutr%20Rep&amp;doi=10.1007%2Fs13668-020-00340-2&amp;volume=9&amp;issue=4&amp;pages=361-8&amp;publication_year=2020&amp;author=Mueller%2CM&amp;author=Ganesh%2CR&amp;author=Bonnes%2CS\" target=\"_blank\"><br \/>\n                    Google Scholar<\/a>\u00a0\n                <\/p>\n<\/li>\n<li class=\"c-article-references__item js-c-reading-companion-references-item\" data-counter=\"57.\">\n<p class=\"c-article-references__text\" id=\"ref-CR57\">Segal-Isaacson CJ, Tobin JN, Weiss SM, et al. Improving dietary habits in disadvantaged women with HIV\/AIDS: the SMART\/EST women\u2019s project. AIDS Behav. 2006;10(6):659\u201370. <a href=\"https:\/\/doi.org\/10.1007\/s10461-006-9115-5\" data-track=\"click_references\" data-track-action=\"external reference\" data-track-value=\"external reference\" data-track-label=\"10.1007\/s10461-006-9115-5\" rel=\"nofollow noopener\" target=\"_blank\">https:\/\/doi.org\/10.1007\/s10461-006-9115-5<\/a>.<\/p>\n<p class=\"c-article-references__links u-hide-print\"><a data-track=\"click_references\" rel=\"noopener nofollow\" data-track-label=\"10.1007\/s10461-006-9115-5\" data-track-item_id=\"10.1007\/s10461-006-9115-5\" data-track-value=\"article reference\" data-track-action=\"article reference\" href=\"https:\/\/link.springer.com\/doi\/10.1007\/s10461-006-9115-5\" aria-label=\"Article reference 57\" data-doi=\"10.1007\/s10461-006-9115-5\" target=\"_blank\">Article<\/a>\u00a0<br \/>\n    <a data-track=\"click_references\" rel=\"nofollow noopener\" data-track-label=\"link\" data-track-item_id=\"link\" data-track-value=\"cas reference\" data-track-action=\"cas reference\" href=\"https:\/\/bmcpublichealth.biomedcentral.com\/articles\/cas-redirect\/1:STN:280:DC%2BD28nitFWktw%3D%3D\" aria-label=\"CAS reference 57\" target=\"_blank\">CAS<\/a>\u00a0<br \/>\n    <a data-track=\"click_references\" rel=\"nofollow noopener\" data-track-label=\"link\" data-track-item_id=\"link\" data-track-value=\"pubmed reference\" data-track-action=\"pubmed reference\" href=\"http:\/\/www.ncbi.nlm.nih.gov\/entrez\/query.fcgi?cmd=Retrieve&amp;db=PubMed&amp;dopt=Abstract&amp;list_uids=16770694\" aria-label=\"PubMed reference 57\" target=\"_blank\">PubMed<\/a>\u00a0<br \/>\n    <a data-track=\"click_references\" rel=\"nofollow noopener\" data-track-label=\"link\" data-track-item_id=\"link\" data-track-value=\"pubmed central reference\" data-track-action=\"pubmed central reference\" href=\"http:\/\/www.ncbi.nlm.nih.gov\/pmc\/articles\/PMC2587452\" aria-label=\"PubMed Central reference 57\" target=\"_blank\">PubMed Central<\/a>\u00a0<br \/>\n    <a data-track=\"click_references\" data-track-action=\"google scholar reference\" data-track-value=\"google scholar reference\" data-track-label=\"link\" data-track-item_id=\"link\" rel=\"nofollow noopener\" aria-label=\"Google Scholar reference 57\" href=\"http:\/\/scholar.google.com\/scholar_lookup?&amp;title=Improving%20dietary%20habits%20in%20disadvantaged%20women%20with%20HIV%2FAIDS%3A%20the%20SMART%2FEST%20women%E2%80%99s%20project&amp;journal=AIDS%20Behav&amp;doi=10.1007%2Fs10461-006-9115-5&amp;volume=10&amp;issue=6&amp;pages=659-70&amp;publication_year=2006&amp;author=Segal-Isaacson%2CCJ&amp;author=Tobin%2CJN&amp;author=Weiss%2CSM\" target=\"_blank\"><br \/>\n                    Google Scholar<\/a>\u00a0\n                <\/p>\n<\/li>\n<li class=\"c-article-references__item js-c-reading-companion-references-item\" data-counter=\"58.\">\n<p class=\"c-article-references__text\" id=\"ref-CR58\">Guo H, Wu H, Sajid A, Li Z. Whole grain cereals: the potential roles of functional components in human health. Crit Rev Food Sci Nutr. 2022;62(30):8388\u2013402. <a href=\"https:\/\/doi.org\/10.1080\/10408398.2021.1928596\" data-track=\"click_references\" data-track-action=\"external reference\" data-track-value=\"external reference\" data-track-label=\"10.1080\/10408398.2021.1928596\" rel=\"nofollow noopener\" target=\"_blank\">https:\/\/doi.org\/10.1080\/10408398.2021.1928596<\/a>.<\/p>\n<p class=\"c-article-references__links u-hide-print\"><a data-track=\"click_references\" rel=\"nofollow noopener\" data-track-label=\"10.1080\/10408398.2021.1928596\" data-track-item_id=\"10.1080\/10408398.2021.1928596\" data-track-value=\"article reference\" data-track-action=\"article reference\" href=\"https:\/\/doi.org\/10.1080%2F10408398.2021.1928596\" aria-label=\"Article reference 58\" data-doi=\"10.1080\/10408398.2021.1928596\" target=\"_blank\">Article<\/a>\u00a0<br \/>\n    <a data-track=\"click_references\" rel=\"nofollow noopener\" data-track-label=\"link\" data-track-item_id=\"link\" data-track-value=\"pubmed reference\" data-track-action=\"pubmed reference\" href=\"http:\/\/www.ncbi.nlm.nih.gov\/entrez\/query.fcgi?cmd=Retrieve&amp;db=PubMed&amp;dopt=Abstract&amp;list_uids=34014123\" aria-label=\"PubMed reference 58\" target=\"_blank\">PubMed<\/a>\u00a0<br \/>\n    <a data-track=\"click_references\" data-track-action=\"google scholar reference\" data-track-value=\"google scholar reference\" data-track-label=\"link\" data-track-item_id=\"link\" rel=\"nofollow noopener\" aria-label=\"Google Scholar reference 58\" href=\"http:\/\/scholar.google.com\/scholar_lookup?&amp;title=Whole%20grain%20cereals%3A%20the%20potential%20roles%20of%20functional%20components%20in%20human%20health&amp;journal=Crit%20Rev%20Food%20Sci%20Nutr&amp;doi=10.1080%2F10408398.2021.1928596&amp;volume=62&amp;issue=30&amp;pages=8388-402&amp;publication_year=2022&amp;author=Guo%2CH&amp;author=Wu%2CH&amp;author=Sajid%2CA&amp;author=Li%2CZ\" target=\"_blank\"><br \/>\n                    Google Scholar<\/a>\u00a0\n                <\/p>\n<\/li>\n<li class=\"c-article-references__item js-c-reading-companion-references-item\" data-counter=\"59.\">\n<p class=\"c-article-references__text\" id=\"ref-CR59\">Rezazadeh L, Ostadrahimi A, Tutunchi H, et al. Nutrition interventions to address nutritional problems in HIV-positive patients: translating knowledge into practice. J Health Popul Nutr. 2023;42(1):94. <a href=\"https:\/\/doi.org\/10.1186\/s41043-023-00440-z\" data-track=\"click_references\" data-track-action=\"external reference\" data-track-value=\"external reference\" data-track-label=\"10.1186\/s41043-023-00440-z\" rel=\"nofollow noopener\" target=\"_blank\">https:\/\/doi.org\/10.1186\/s41043-023-00440-z<\/a>.<\/p>\n<p class=\"c-article-references__links u-hide-print\"><a data-track=\"click_references\" rel=\"noopener nofollow\" data-track-label=\"10.1186\/s41043-023-00440-z\" data-track-item_id=\"10.1186\/s41043-023-00440-z\" data-track-value=\"article reference\" data-track-action=\"article reference\" href=\"https:\/\/link.springer.com\/doi\/10.1186\/s41043-023-00440-z\" aria-label=\"Article reference 59\" data-doi=\"10.1186\/s41043-023-00440-z\" target=\"_blank\">Article<\/a>\u00a0<br \/>\n    <a data-track=\"click_references\" rel=\"nofollow noopener\" data-track-label=\"link\" data-track-item_id=\"link\" data-track-value=\"pubmed reference\" data-track-action=\"pubmed reference\" href=\"http:\/\/www.ncbi.nlm.nih.gov\/entrez\/query.fcgi?cmd=Retrieve&amp;db=PubMed&amp;dopt=Abstract&amp;list_uids=37684634\" aria-label=\"PubMed reference 59\" target=\"_blank\">PubMed<\/a>\u00a0<br \/>\n    <a data-track=\"click_references\" rel=\"nofollow noopener\" data-track-label=\"link\" data-track-item_id=\"link\" data-track-value=\"pubmed central reference\" data-track-action=\"pubmed central reference\" href=\"http:\/\/www.ncbi.nlm.nih.gov\/pmc\/articles\/PMC10492288\" aria-label=\"PubMed Central reference 59\" target=\"_blank\">PubMed Central<\/a>\u00a0<br \/>\n    <a data-track=\"click_references\" data-track-action=\"google scholar reference\" data-track-value=\"google scholar reference\" data-track-label=\"link\" data-track-item_id=\"link\" rel=\"nofollow noopener\" aria-label=\"Google Scholar reference 59\" href=\"http:\/\/scholar.google.com\/scholar_lookup?&amp;title=Nutrition%20interventions%20to%20address%20nutritional%20problems%20in%20HIV-positive%20patients%3A%20translating%20knowledge%20into%20practice&amp;journal=J%20Health%20Popul%20Nutr&amp;doi=10.1186%2Fs41043-023-00440-z&amp;volume=42&amp;issue=1&amp;publication_year=2023&amp;author=Rezazadeh%2CL&amp;author=Ostadrahimi%2CA&amp;author=Tutunchi%2CH\" target=\"_blank\"><br \/>\n                    Google Scholar<\/a>\u00a0\n                <\/p>\n<\/li>\n<li class=\"c-article-references__item js-c-reading-companion-references-item\" data-counter=\"60.\">\n<p class=\"c-article-references__text\" id=\"ref-CR60\">Hu FB. Dietary pattern analysis: a new direction in nutritional epidemiology. Curr Opin Lipidol. 2002;13(1):3\u20139. <a href=\"https:\/\/doi.org\/10.1097\/00041433-200202000-00002\" data-track=\"click_references\" data-track-action=\"external reference\" data-track-value=\"external reference\" data-track-label=\"10.1097\/00041433-200202000-00002\" rel=\"nofollow noopener\" target=\"_blank\">https:\/\/doi.org\/10.1097\/00041433-200202000-00002<\/a>.<\/p>\n<p class=\"c-article-references__links u-hide-print\"><a data-track=\"click_references\" rel=\"nofollow noopener\" data-track-label=\"10.1097\/00041433-200202000-00002\" data-track-item_id=\"10.1097\/00041433-200202000-00002\" data-track-value=\"article reference\" data-track-action=\"article reference\" href=\"https:\/\/doi.org\/10.1097%2F00041433-200202000-00002\" aria-label=\"Article reference 60\" data-doi=\"10.1097\/00041433-200202000-00002\" target=\"_blank\">Article<\/a>\u00a0<br \/>\n    <a data-track=\"click_references\" rel=\"nofollow noopener\" data-track-label=\"link\" data-track-item_id=\"link\" data-track-value=\"cas reference\" data-track-action=\"cas reference\" href=\"https:\/\/bmcpublichealth.biomedcentral.com\/articles\/cas-redirect\/1:CAS:528:DC%2BD38XitV2ms7k%3D\" aria-label=\"CAS reference 60\" target=\"_blank\">CAS<\/a>\u00a0<br \/>\n    <a data-track=\"click_references\" rel=\"nofollow noopener\" data-track-label=\"link\" data-track-item_id=\"link\" data-track-value=\"pubmed reference\" data-track-action=\"pubmed reference\" href=\"http:\/\/www.ncbi.nlm.nih.gov\/entrez\/query.fcgi?cmd=Retrieve&amp;db=PubMed&amp;dopt=Abstract&amp;list_uids=11790957\" aria-label=\"PubMed reference 60\" target=\"_blank\">PubMed<\/a>\u00a0<br \/>\n    <a data-track=\"click_references\" data-track-action=\"google scholar reference\" data-track-value=\"google scholar reference\" data-track-label=\"link\" data-track-item_id=\"link\" rel=\"nofollow noopener\" aria-label=\"Google Scholar reference 60\" href=\"http:\/\/scholar.google.com\/scholar_lookup?&amp;title=Dietary%20pattern%20analysis%3A%20a%20new%20direction%20in%20nutritional%20epidemiology&amp;journal=Curr%20Opin%20Lipidol&amp;doi=10.1097%2F00041433-200202000-00002&amp;volume=13&amp;issue=1&amp;pages=3-9&amp;publication_year=2002&amp;author=Hu%2CFB\" target=\"_blank\"><br \/>\n                    Google Scholar<\/a>\u00a0\n                <\/p>\n<\/li>\n","protected":false},"excerpt":{"rendered":"Global HIV &amp; AIDS statistics &#8211; Fact sheet. https:\/\/www.unaids.org\/en\/resources\/fact-sheet. Accessed 18 Dec 2024. HIV and AIDS. https:\/\/www.who.int\/news-room\/fact-sheets\/detail\/hiv-aids. Accessed&hellip;\n","protected":false},"author":2,"featured_media":190591,"comment_status":"","ping_status":"","sticky":false,"template":"","format":"standard","meta":{"footnotes":""},"categories":[78],"tags":[3083,8750,164,106457,18,3015,3026,106458,910,135,575,19,17,7482,2101,8660],"class_list":{"0":"post-190590","1":"post","2":"type-post","3":"status-publish","4":"format-standard","5":"has-post-thumbnail","7":"category-health","8":"tag-anxiety","9":"tag-biostatistics","10":"tag-depression","11":"tag-dietary-patterns","12":"tag-eire","13":"tag-environmental-health","14":"tag-epidemiology","15":"tag-factor-analysis","16":"tag-general","17":"tag-health","18":"tag-hiv","19":"tag-ie","20":"tag-ireland","21":"tag-medicine-public-health","22":"tag-public-health","23":"tag-vaccine"},"share_on_mastodon":{"url":"https:\/\/pubeurope.com\/@ie\/115581671650303082","error":""},"_links":{"self":[{"href":"https:\/\/www.europesays.com\/ie\/wp-json\/wp\/v2\/posts\/190590","targetHints":{"allow":["GET"]}}],"collection":[{"href":"https:\/\/www.europesays.com\/ie\/wp-json\/wp\/v2\/posts"}],"about":[{"href":"https:\/\/www.europesays.com\/ie\/wp-json\/wp\/v2\/types\/post"}],"author":[{"embeddable":true,"href":"https:\/\/www.europesays.com\/ie\/wp-json\/wp\/v2\/users\/2"}],"replies":[{"embeddable":true,"href":"https:\/\/www.europesays.com\/ie\/wp-json\/wp\/v2\/comments?post=190590"}],"version-history":[{"count":0,"href":"https:\/\/www.europesays.com\/ie\/wp-json\/wp\/v2\/posts\/190590\/revisions"}],"wp:featuredmedia":[{"embeddable":true,"href":"https:\/\/www.europesays.com\/ie\/wp-json\/wp\/v2\/media\/190591"}],"wp:attachment":[{"href":"https:\/\/www.europesays.com\/ie\/wp-json\/wp\/v2\/media?parent=190590"}],"wp:term":[{"taxonomy":"category","embeddable":true,"href":"https:\/\/www.europesays.com\/ie\/wp-json\/wp\/v2\/categories?post=190590"},{"taxonomy":"post_tag","embeddable":true,"href":"https:\/\/www.europesays.com\/ie\/wp-json\/wp\/v2\/tags?post=190590"}],"curies":[{"name":"wp","href":"https:\/\/api.w.org\/{rel}","templated":true}]}}