{"id":191233,"date":"2025-11-20T18:53:11","date_gmt":"2025-11-20T18:53:11","guid":{"rendered":"https:\/\/www.europesays.com\/ie\/191233\/"},"modified":"2025-11-20T18:53:11","modified_gmt":"2025-11-20T18:53:11","slug":"naomh-aban-beef-up-management-with-big-names-from-kerry","status":"publish","type":"post","link":"https:\/\/www.europesays.com\/ie\/191233\/","title":{"rendered":"Naomh Ab\u00e1n beef up management with big names from Kerry"},"content":{"rendered":"<p class=\"\">Naomh Ab\u00e1n have put together a high-powered management team in their hopes of returning to the senior ranks next year.<\/p>\n<p class=\"\">Kerry legends Seamus Moynihan and Pat Flanagan have joined Jimmy Allen\u2019s set-up next season as the Muskerry club look to make a mark.<\/p>\n<p class=\"\">They have lost at the semi-final stage in the McCarthy Insurance Group PIFC to Aghabullogue in the last two seasons.<\/p>\n<p class=\"\">Allen is just finished his first campaign at the helm. He was also manager when Naomh Ab\u00e1n won the IFC in 1999.<\/p>\n<p class=\"\">He has buttressed his management ticket by going over the county bounds.<\/p>\n<p><img decoding=\"async\" loading=\"lazy\" src=\"https:\/\/www.europesays.com\/ie\/wp-content\/uploads\/2025\/11\/4867863_43_articleinlinemobile_GAA_20PIFC_20Naomh_20Aban_20v_20Aghabullogue_20at_20Macroom_2c_20Cork.jpeg\" alt=\"Aghabullogue's Paul Ring tries to block a shot from Naomh Ab\u00e1n's Ed Myers this season. Picture: David Creedon\" title=\"Aghabullogue's Paul Ring tries to block a shot from Naomh Ab\u00e1n's Ed Myers this season. Picture: David Creedon\" class=\"card-img\"\/>Aghabullogue&#8217;s Paul Ring tries to block a shot from Naomh Ab\u00e1n&#8217;s Ed Myers this season. Picture: David Creedon<\/p>\n<p class=\"\">Joining the internal team from last season of Allen and selectors Tom\u00e1s Hallissey and Michael Scanlon, Gary M\u00f3r \u00d3 Loingsigh is joining as a selector for the year ahead.<\/p>\n<p class=\"\">Gary McGrath is the new head coach in Naomh Ab\u00e1n. Gary has extensive experience in football from representing Kerry at underage and adult levels and also playing senior football with his club Beaufort.<\/p>\n<p class=\"\">In management, Gary has been central to St Brendan\u2019s football for years managing multiple Corn U\u00ed Mhuir\u00ed winning teams and also managing the team that won back-to-back Hogan Cups in 2016 and 2017 ending a 24-year wait in the college for the cup. Gary has also coached among others the Kerry U21s, Mid Kerry and Killarney Legion.<\/p>\n<p class=\"\">Seamus Moynihan is the defence coach and trainer for the season ahead. Seamus had a glittering 14 years involved with the Kerry senior team. Not only captaining the Kerry team during his time playing, he also has won four All-Ireland titles, eight Munster titles, four Sigerson Cup titles and multiple club titles in his playing career.\u00a0<\/p>\n<p class=\"\">He also is a three-time GAA All-Star and captained Ireland in the 2002 International Rules series. Since retiring from playing, Seamus has coached Kerry U21s, Fossa and his native Glenflesk among others.<\/p>\n<p><img decoding=\"async\" loading=\"lazy\" src=\"https:\/\/www.europesays.com\/ie\/wp-content\/uploads\/2025\/11\/4867860_43_articleinlinemobile_1593141_1593141.jpg\" alt=\"Pat Flanagan when he was with Kerry in 2010 as a selector. Picture: Stephen McCarthy\/Sportsfile\" title=\"Pat Flanagan when he was with Kerry in 2010 as a selector. Picture: Stephen McCarthy\/Sportsfile\" class=\"card-img\"\/>Pat Flanagan when he was with Kerry in 2010 as a selector. Picture: Stephen McCarthy\/Sportsfile<\/p>\n<p class=\"\">Finally, Pat Flanagan is the new S&amp;C coach for the 2026 season. Pat, a former international sprinter and national sprint champion, has more than 30 years\u2019 experience in fitness and active training for elite sportspersons and teams.<\/p>\n<p class=\"\">As a strength and conditioning coach with the Kerry senior football team, Pat was part of the coaching staff that won three All-Irelands, three National League titles and four Munster titles. Pat also was part of coaching teams that won two Sigerson Cups with IT Tralee. Pat has worked with many senior county GAA teams including Cork, Waterford, Cavan, Laois, Dublin, Tipperary and Wexford.<\/p>\n","protected":false},"excerpt":{"rendered":"Naomh Ab\u00e1n have put together a high-powered management team in their hopes of returning to the senior ranks&hellip;\n","protected":false},"author":2,"featured_media":191234,"comment_status":"","ping_status":"","sticky":false,"template":"","format":"standard","meta":{"footnotes":""},"categories":[3],"tags":[9,10,24,18,13,14,6,19,17,11,12,15,16,5,7,8],"class_list":{"0":"post-191233","1":"post","2":"type-post","3":"status-publish","4":"format-standard","5":"has-post-thumbnail","7":"category-headlines","8":"tag-breaking-news","9":"tag-breakingnews","10":"tag-cork-gaa","11":"tag-eire","12":"tag-featured-news","13":"tag-featurednews","14":"tag-headlines","15":"tag-ie","16":"tag-ireland","17":"tag-latest-news","18":"tag-latestnews","19":"tag-main-news","20":"tag-mainnews","21":"tag-news","22":"tag-top-stories","23":"tag-topstories"},"share_on_mastodon":{"url":"https:\/\/pubeurope.com\/@ie\/115583543310931673","error":""},"_links":{"self":[{"href":"https:\/\/www.europesays.com\/ie\/wp-json\/wp\/v2\/posts\/191233","targetHints":{"allow":["GET"]}}],"collection":[{"href":"https:\/\/www.europesays.com\/ie\/wp-json\/wp\/v2\/posts"}],"about":[{"href":"https:\/\/www.europesays.com\/ie\/wp-json\/wp\/v2\/types\/post"}],"author":[{"embeddable":true,"href":"https:\/\/www.europesays.com\/ie\/wp-json\/wp\/v2\/users\/2"}],"replies":[{"embeddable":true,"href":"https:\/\/www.europesays.com\/ie\/wp-json\/wp\/v2\/comments?post=191233"}],"version-history":[{"count":0,"href":"https:\/\/www.europesays.com\/ie\/wp-json\/wp\/v2\/posts\/191233\/revisions"}],"wp:featuredmedia":[{"embeddable":true,"href":"https:\/\/www.europesays.com\/ie\/wp-json\/wp\/v2\/media\/191234"}],"wp:attachment":[{"href":"https:\/\/www.europesays.com\/ie\/wp-json\/wp\/v2\/media?parent=191233"}],"wp:term":[{"taxonomy":"category","embeddable":true,"href":"https:\/\/www.europesays.com\/ie\/wp-json\/wp\/v2\/categories?post=191233"},{"taxonomy":"post_tag","embeddable":true,"href":"https:\/\/www.europesays.com\/ie\/wp-json\/wp\/v2\/tags?post=191233"}],"curies":[{"name":"wp","href":"https:\/\/api.w.org\/{rel}","templated":true}]}}