{"id":191801,"date":"2025-11-21T02:15:13","date_gmt":"2025-11-21T02:15:13","guid":{"rendered":"https:\/\/www.europesays.com\/ie\/191801\/"},"modified":"2025-11-21T02:15:13","modified_gmt":"2025-11-21T02:15:13","slug":"nasa-celebrates-five-years-of-artemis-accords-welcomes-3-new-nations","status":"publish","type":"post","link":"https:\/\/www.europesays.com\/ie\/191801\/","title":{"rendered":"NASA Celebrates Five Years of Artemis Accords, Welcomes 3 New Nations"},"content":{"rendered":"<p>October marked the fifth anniversary of NASA and the original founders signing the Artemis Accords, as well as the recognition of Hungary, Malaysia and the Philippines joining the expanding coalition dedicated to the peaceful exploration of space. The number of countries involved now totals 59.<\/p>\n<p>\u201cNASA welcomes the newest signatories, whose participation strengthens the global commitment to responsible exploration,\u201d said acting NASA Administrator Sean Duffy. \u201cTheir decision to sign the Artemis Accords affirms a shared commitment to safe, transparent, and peaceful exploration \u2014 at a time when others seek to weaponize the final frontier. Together we are building the foundation for the Golden Age of space exploration.\u201d<\/p>\n<p>Both Malaysia and the Philippines signed the Artemis Accords as part of President Trump\u2019s visit to Kuala Lumpur for the annual Association of Southeast Asian Nations Summit. The separate signings were <a href=\"https:\/\/www.whitehouse.gov\/fact-sheets\/2025\/10\/fact-sheet-president-donald-j-trump-secures-peace-and-prosperity-in-malaysia\/\" rel=\"noopener nofollow\" target=\"_blank\">announced<\/a> by the White House on Oct. 26.<\/p>\n<p>Foreign Minister P\u00e9ter Szijj\u00e1rt\u00f3 of Hungary signed the Artemis Accords on Oct. 22 while in Washington during an official visit, in the lead up to President Trump\u2019s meeting with Prime Minister Viktor Orb\u00e1n.<\/p>\n<p>Hungary\u2019s signing came three months after Hungarian to Orbit (HUNOR) astronaut Tibor Kapu <a href=\"https:\/\/www.nasa.gov\/blogs\/spacestation\/2025\/06\/25\/axioms-fourth-private-mission-launches-to-station-aboard-dragon\/\" rel=\"nofollow noopener\" target=\"_blank\">launched to space<\/a> in a mission aboard a SpaceX Dragon spacecraft to the International Space Station. The private astronauts, part of the NASA-supported Axiom Mission 4 crew, spent about two weeks conducting science, outreach, and commercial activities, alongside NASA astronauts. \u00a0<\/p>\n<p><strong>Five years of progress<\/strong><\/p>\n<p>On Oct. 13, 2020, during the first Trump Administration, the United States, led by NASA and the U.S. Department of State, joined with seven other founding nations to establish the Artemis Accords, responding to the growing interest in lunar activities by both governments and private companies.<\/p>\n<p>Since then, the Artemis Accords have grown into an international coalition. What began with a handful of founding nations has multiplied with seven countries signing in 2025 alone. The surge in participation highlights an increased global commitment to shaping a safe, peaceful, and prosperous future in space.<\/p>\n<p>In September, NASA co-chaired the <a href=\"https:\/\/www.nasa.gov\/news-release\/nasa-international-partners-deepen-commitment-to-artemis-accords\/\" rel=\"nofollow noopener\" target=\"_blank\">Artemis Accords Principals\u2019 Meeting in Sydney<\/a> alongside the space agencies of Australia and the United Arab Emirates. The gathering brought together dozens of signatory nations to deepen dialogue and strengthen shared commitments to the sustainable and responsible use of space. Global space leaders discussed the following topics:<\/p>\n<ul class=\"wp-block-list\">\n<li>Non-interference in each other\u2019s space activities, including transparency on expected launch dates, general nature of activities, and landing location<\/li>\n<li>Orbital debris mitigation<\/li>\n<li>Interoperability of systems for safer and more efficient operations<\/li>\n<li>Release of scientific data<\/li>\n<\/ul>\n<p>At the meeting, NASA committed to hosting an Artemis Accords workshop in 2026 for signatories focused on transparency and the sharing of data. The agency has taken additional steps since the accords were established to release more information about lunar missions, promoting openness and preventing harmful interference.<\/p>\n<p>The progress made by signatories, and their continued commitment to implementing the accords\u2019 principles, is essential to advancing sustainable exploration of the Moon under the Artemis campaign, Mars, and beyond. Following a call to Artemis Accords signatories, four CubeSats from South Korea, Saudi Arabia, Argentina, and Germany, <a href=\"https:\/\/www.nasa.gov\/blogs\/missions\/2024\/09\/20\/nasa-to-fly-international-cubesats-aboard-artemis-ii-test-flight\/\" rel=\"nofollow noopener\" target=\"_blank\">will fly<\/a> on Artemis II.<\/p>\n<p>More nations are expected to sign the accords in the months and years ahead, as NASA and its partners continue to advance the principles of the accords.<\/p>\n<p>Learn more about the Artemis Accords at:<\/p>\n<p class=\"has-text-align-center\"><a href=\"https:\/\/www.nasa.gov\/artemis-accords\" rel=\"nofollow noopener\" target=\"_blank\"><strong>https:\/\/www.nasa.gov\/artemis-accords<\/strong><\/a><\/p>\n","protected":false},"excerpt":{"rendered":"October marked the fifth anniversary of NASA and the original founders signing the Artemis Accords, as well as&hellip;\n","protected":false},"author":2,"featured_media":191802,"comment_status":"","ping_status":"","sticky":false,"template":"","format":"standard","meta":{"footnotes":""},"categories":[270],"tags":[8387,4911,18,910,19,17,55745,133,451],"class_list":{"0":"post-191801","1":"post","2":"type-post","3":"status-publish","4":"format-standard","5":"has-post-thumbnail","7":"category-space","8":"tag-artemis-2","9":"tag-artemis-accords","10":"tag-eire","11":"tag-general","12":"tag-ie","13":"tag-ireland","14":"tag-office-of-international-and-interagency-relations-oiir","15":"tag-science","16":"tag-space"},"share_on_mastodon":{"url":"https:\/\/pubeurope.com\/@ie\/115585281116365059","error":""},"_links":{"self":[{"href":"https:\/\/www.europesays.com\/ie\/wp-json\/wp\/v2\/posts\/191801","targetHints":{"allow":["GET"]}}],"collection":[{"href":"https:\/\/www.europesays.com\/ie\/wp-json\/wp\/v2\/posts"}],"about":[{"href":"https:\/\/www.europesays.com\/ie\/wp-json\/wp\/v2\/types\/post"}],"author":[{"embeddable":true,"href":"https:\/\/www.europesays.com\/ie\/wp-json\/wp\/v2\/users\/2"}],"replies":[{"embeddable":true,"href":"https:\/\/www.europesays.com\/ie\/wp-json\/wp\/v2\/comments?post=191801"}],"version-history":[{"count":0,"href":"https:\/\/www.europesays.com\/ie\/wp-json\/wp\/v2\/posts\/191801\/revisions"}],"wp:featuredmedia":[{"embeddable":true,"href":"https:\/\/www.europesays.com\/ie\/wp-json\/wp\/v2\/media\/191802"}],"wp:attachment":[{"href":"https:\/\/www.europesays.com\/ie\/wp-json\/wp\/v2\/media?parent=191801"}],"wp:term":[{"taxonomy":"category","embeddable":true,"href":"https:\/\/www.europesays.com\/ie\/wp-json\/wp\/v2\/categories?post=191801"},{"taxonomy":"post_tag","embeddable":true,"href":"https:\/\/www.europesays.com\/ie\/wp-json\/wp\/v2\/tags?post=191801"}],"curies":[{"name":"wp","href":"https:\/\/api.w.org\/{rel}","templated":true}]}}