{"id":193143,"date":"2025-11-21T20:15:19","date_gmt":"2025-11-21T20:15:19","guid":{"rendered":"https:\/\/www.europesays.com\/ie\/193143\/"},"modified":"2025-11-21T20:15:19","modified_gmt":"2025-11-21T20:15:19","slug":"william-liam-mullane-limericks-live-95","status":"publish","type":"post","link":"https:\/\/www.europesays.com\/ie\/193143\/","title":{"rendered":"William (Liam) Mullane\u00a0 &#8211; Limerick&#8217;s Live 95"},"content":{"rendered":"<p style=\"text-align: center;\"><img decoding=\"async\" alt=\"\" src=\"https:\/\/www.europesays.com\/ie\/wp-content\/uploads\/2025\/11\/69206fb9ba4bc.jpg\" style=\"width: 251.984px; height: 308px;\"\/><\/p>\n<p style=\"text-align: center;\"><strong>Moviddy, Knockaderry, Co. Limerick and Ex Teagasc<\/strong><\/p>\n<p>Liam died peacefully on November 21st 2025, in the loving care of St Ita\u2019s Hospital, Newcastle West. Predeceased by his parents, William and Mary Agnes and his brother Denis.<\/p>\n<p>Beloved husband of Mary Ita, and adored father of Maura (Kennedy), Liam \u00d3g, John and F\u00e9lim.<\/p>\n<p>Liam will be deeply missed and forever loved by his family, cherished grandchildren Saorla, Si\u00fan, and \u00c9adaoin, son-in-law Martin Kennedy, daughters-in-law Sin\u00e9ad (n\u00e9e Mckessy), M\u00e1ir\u00e9ad (n\u00e9e Murphy) and John\u2019s partner Jacinta Mueke, brothers Se\u00e1n, Pat, Fr Tony, sisters Joan and Bridget other relatives, friends and neighbours.<\/p>\n<p>The family would like to thank the staff of the Camellia ward of St Ita\u2019s Hospital for the exceptional care Liam received over the past few months.<\/p>\n<p style=\"text-align: center;\"><strong>May his gentle soul Rest in Peace.<\/strong><\/p>\n<p>Reposing at Riedy\u2019s funeral home, Newcastle West from 6-8pm on Sunday, 23rd of November.\u00a0<\/p>\n<p>Arriving at St. Munchins Church, Knockaderry on Monday morning, November 24th\u00a0for requiem mass at 10.30am. Burial afterwards in the new Cemetery Cloncagh.<\/p>\n<p>House Private.<\/p>\n<p>Family flowers only please. Donations, if desired, to St Ita\u2019s Hospital.<\/p>\n<p>Contact Riedy\u2019s Undertakers on 069 62657<\/p>\n<p>\u00a0<\/p>\n","protected":false},"excerpt":{"rendered":"Moviddy, Knockaderry, Co. Limerick and Ex Teagasc Liam died peacefully on November 21st 2025, in the loving care&hellip;\n","protected":false},"author":2,"featured_media":193144,"comment_status":"","ping_status":"","sticky":false,"template":"","format":"standard","meta":{"footnotes":""},"categories":[75],"tags":[18,117,19,17,3006,3009,3005,3008,3007,3010],"class_list":{"0":"post-193143","1":"post","2":"type-post","3":"status-publish","4":"format-standard","5":"has-post-thumbnail","7":"category-entertainment","8":"tag-eire","9":"tag-entertainment","10":"tag-ie","11":"tag-ireland","12":"tag-limerick-radio","13":"tag-limerick-today","14":"tag-limericks-live95fm","15":"tag-live-95","16":"tag-live95fm","17":"tag-live95fm-homepage"},"share_on_mastodon":{"url":"https:\/\/pubeurope.com\/@ie\/115589528433783901","error":""},"_links":{"self":[{"href":"https:\/\/www.europesays.com\/ie\/wp-json\/wp\/v2\/posts\/193143","targetHints":{"allow":["GET"]}}],"collection":[{"href":"https:\/\/www.europesays.com\/ie\/wp-json\/wp\/v2\/posts"}],"about":[{"href":"https:\/\/www.europesays.com\/ie\/wp-json\/wp\/v2\/types\/post"}],"author":[{"embeddable":true,"href":"https:\/\/www.europesays.com\/ie\/wp-json\/wp\/v2\/users\/2"}],"replies":[{"embeddable":true,"href":"https:\/\/www.europesays.com\/ie\/wp-json\/wp\/v2\/comments?post=193143"}],"version-history":[{"count":0,"href":"https:\/\/www.europesays.com\/ie\/wp-json\/wp\/v2\/posts\/193143\/revisions"}],"wp:featuredmedia":[{"embeddable":true,"href":"https:\/\/www.europesays.com\/ie\/wp-json\/wp\/v2\/media\/193144"}],"wp:attachment":[{"href":"https:\/\/www.europesays.com\/ie\/wp-json\/wp\/v2\/media?parent=193143"}],"wp:term":[{"taxonomy":"category","embeddable":true,"href":"https:\/\/www.europesays.com\/ie\/wp-json\/wp\/v2\/categories?post=193143"},{"taxonomy":"post_tag","embeddable":true,"href":"https:\/\/www.europesays.com\/ie\/wp-json\/wp\/v2\/tags?post=193143"}],"curies":[{"name":"wp","href":"https:\/\/api.w.org\/{rel}","templated":true}]}}