{"id":197551,"date":"2025-11-24T12:15:13","date_gmt":"2025-11-24T12:15:13","guid":{"rendered":"https:\/\/www.europesays.com\/ie\/197551\/"},"modified":"2025-11-24T12:15:13","modified_gmt":"2025-11-24T12:15:13","slug":"back-to-the-belly-of-the-beast-kneecap-announce-biggest-headline-show-to-date","status":"publish","type":"post","link":"https:\/\/www.europesays.com\/ie\/197551\/","title":{"rendered":"\u2018Back to the belly of the beast\u2019 \u2013 Kneecap announce biggest headline show to date"},"content":{"rendered":"<p class=\"indo-ebe0ecc6_root indo-ebe0ecc6_paragraph indo-300db776_none indo-91174671_primary indo-1d70522a_marginbottom5 indo-1d70522a_margintop0 indo-b48c4984_inherit\" style=\"color:var(--color-primary-80)\">The West Belfast trio, consisting of Mo Chara, M\u00f3gla\u00ed Bap, and DJ Pr\u00f3va\u00ed, will perform at the Crystal Palace Park in London on Saturday, June 27, next year.<\/p>\n<p class=\"indo-ebe0ecc6_root indo-ebe0ecc6_paragraph indo-300db776_none indo-91174671_primary indo-1d70522a_marginbottom5 indo-1d70522a_margintop0 indo-b48c4984_inherit\" style=\"color:var(--color-primary-80)\">They will be joined by special guests, including Irish ballad group The Mary Wallopers, English band Fat Dog, Irish rapper Biig Piig, Irish postpunk band Gurriers, and Dublin folk band Madra Salach.<\/p>\n<p class=\"indo-ebe0ecc6_root indo-ebe0ecc6_paragraph indo-300db776_none indo-91174671_primary indo-1d70522a_marginbottom5 indo-1d70522a_margintop0 indo-b48c4984_inherit\" style=\"color:var(--color-primary-80)\">Tickets for the gig will go on general sale at 9am on Friday, November 28, on Ticketmaster.<\/p>\n<p class=\"indo-ebe0ecc6_root indo-ebe0ecc6_paragraph indo-300db776_none indo-91174671_primary indo-1d70522a_marginbottom5 indo-1d70522a_margintop0 indo-b48c4984_inherit\" style=\"color:var(--color-primary-80)\">Meanwhile, fans can also sign up for the artist pre-sale taking place at 9am on Wednesday, November 26, through Kneecap&#8217;s website.<\/p>\n<p><img decoding=\"async\" alt=\"Kneecap will perform at London's Crystal Palace Park next summer\" src=\"https:\/\/www.europesays.com\/ie\/wp-content\/uploads\/2025\/11\/6c1dbe08-47cd-4e63-be53-81e28ac1e7ff.jpg\" loading=\"lazy\" width=\"100%\" data-testid=\"article-image\"  \/><\/p>\n<p class=\"indo-ebe0ecc6_root indo-ebe0ecc6_caption1 indo-300db776_none indo-91174671_secondary indo-66f0fec7_regular indo-1d70522a_marginbottom0 indo-1d70522a_marginleft0 indo-1d70522a_marginright0 indo-1d70522a_margintop3 indo-b48c4984_left\" style=\"color:var(--color-grey-60)\">Kneecap will perform at London&#8217;s Crystal Palace Park next summer<\/p>\n<p class=\"indo-ebe0ecc6_root indo-ebe0ecc6_paragraph indo-300db776_none indo-91174671_primary indo-1d70522a_marginbottom5 indo-1d70522a_margintop0 indo-b48c4984_inherit\" style=\"color:var(--color-primary-80)\">Kneecap said they are \u201cback to the belly of the beast\u201d for their biggest ever headline show.<\/p>\n<p class=\"indo-ebe0ecc6_root indo-ebe0ecc6_paragraph indo-300db776_none indo-91174671_primary indo-1d70522a_marginbottom5 indo-1d70522a_margintop0 indo-b48c4984_inherit\" style=\"color:var(--color-primary-80)\">&#8220;Our last wee venture into London was to beat the government in court\u2026 again. This time it&#8217;ll be even better: 25,000 sound heads in a park together,\u201d they said.<\/p>\n<p class=\"indo-ebe0ecc6_root indo-ebe0ecc6_paragraph indo-300db776_none indo-91174671_primary indo-1d70522a_marginbottom5 indo-1d70522a_margintop0 indo-b48c4984_inherit\" style=\"color:var(--color-primary-80)\">&#8220;We&#8217;re delighted to have some of our best mates and best bands around to join us. This is one we can&#8217;t wait for.\u201d<\/p>\n<p class=\"indo-ebe0ecc6_root indo-ebe0ecc6_paragraph indo-300db776_none indo-91174671_primary indo-1d70522a_marginbottom5 indo-1d70522a_margintop0 indo-b48c4984_inherit\" style=\"color:var(--color-primary-80)\">It comes as the case against Kneecap member Mo Chara was thrown out by the chief magistrate at Woolwich Crown Court in London in September after a technical error in the way the charge against him was brought.<\/p>\n<p class=\"indo-ebe0ecc6_root indo-ebe0ecc6_paragraph indo-300db776_none indo-91174671_primary indo-1d70522a_marginbottom5 indo-1d70522a_margintop0 indo-b48c4984_inherit\" style=\"color:var(--color-primary-80)\">He was accused of displaying a flag in support of the proscribed terror organisation Hezbollah at a gig in north London in November last year.<\/p>\n<p class=\"indo-ebe0ecc6_root indo-ebe0ecc6_paragraph indo-300db776_none indo-91174671_primary indo-1d70522a_marginbottom5 indo-1d70522a_margintop0 indo-b48c4984_inherit\" style=\"color:var(--color-primary-80)\">Crystal Palace Park is London\u2019s original outdoor concert venue, which has previously seen performers such as The Rolling Stones, Bob Marley and Pink Floyd.<\/p>\n<p class=\"indo-ebe0ecc6_root indo-ebe0ecc6_paragraph indo-300db776_none indo-91174671_primary indo-1d70522a_marginbottom5 indo-1d70522a_margintop0 indo-b48c4984_inherit\" style=\"color:var(--color-primary-80)\">Irish rock bands Two Door Cinema Club and Snow Patrol are also set to perform at the venue during the summer next year.<\/p>\n<p class=\"indo-ebe0ecc6_root indo-ebe0ecc6_paragraph indo-300db776_none indo-91174671_primary indo-1d70522a_marginbottom5 indo-1d70522a_margintop0 indo-b48c4984_inherit\" style=\"color:var(--color-primary-80)\">Kneecap is just wrapping up their sold-out UK tour, while recently releasing a new single, No Comment, featuring Sub Focus.<\/p>\n<p class=\"indo-ebe0ecc6_root indo-ebe0ecc6_paragraph indo-300db776_none indo-91174671_primary indo-1d70522a_marginbottom5 indo-1d70522a_margintop0 indo-b48c4984_inherit\" style=\"color:var(--color-primary-80)\">They will soon come to Dublin\u2019s 3Arena on December 16 and 17 for two sold-out shows.<\/p>\n<p class=\"indo-ebe0ecc6_root indo-ebe0ecc6_paragraph indo-300db776_none indo-91174671_primary indo-1d70522a_marginbottom5 indo-1d70522a_margintop0 indo-b48c4984_inherit\" style=\"color:var(--color-primary-80)\">Last year, the band starred in the BAFTA-winning feature film, Kneecap, which was also shortlisted for an Academy Award.<\/p>\n<p class=\"indo-ebe0ecc6_root indo-ebe0ecc6_paragraph indo-300db776_none indo-91174671_primary indo-1d70522a_marginbottom5 indo-1d70522a_margintop0 indo-b48c4984_inherit\" style=\"color:var(--color-primary-80)\">The trio released their debut album 3CAG in 2018, followed by their successful second album Fine Art last year, and amassed 1.4 million monthly listeners on Spotify to date.<\/p>\n<p><img decoding=\"async\" alt=\"West Belfast trio have amassed 1.4 million monthly listeners on Spotify\" src=\"https:\/\/www.europesays.com\/ie\/wp-content\/uploads\/2025\/11\/8aad9de3-41be-4224-9462-cb961da2b6e8.jpg\" loading=\"lazy\" width=\"100%\" data-testid=\"article-image\"  \/><\/p>\n<p class=\"indo-ebe0ecc6_root indo-ebe0ecc6_caption1 indo-300db776_none indo-91174671_secondary indo-66f0fec7_regular indo-1d70522a_marginbottom0 indo-1d70522a_marginleft0 indo-1d70522a_marginright0 indo-1d70522a_margintop3 indo-b48c4984_left\" style=\"color:var(--color-grey-60)\">West Belfast trio have amassed 1.4 million monthly listeners on Spotify<\/p>\n","protected":false},"excerpt":{"rendered":"The West Belfast trio, consisting of Mo Chara, M\u00f3gla\u00ed Bap, and DJ Pr\u00f3va\u00ed, will perform at the Crystal&hellip;\n","protected":false},"author":2,"featured_media":197552,"comment_status":"","ping_status":"","sticky":false,"template":"","format":"standard","meta":{"footnotes":""},"categories":[75],"tags":[7699,18,117,19,17,4066],"class_list":{"0":"post-197551","1":"post","2":"type-post","3":"status-publish","4":"format-standard","5":"has-post-thumbnail","7":"category-entertainment","8":"tag-adrianna-wrona","9":"tag-eire","10":"tag-entertainment","11":"tag-ie","12":"tag-ireland","13":"tag-kneecap"},"share_on_mastodon":{"url":"https:\/\/pubeurope.com\/@ie\/115604628015369148","error":""},"_links":{"self":[{"href":"https:\/\/www.europesays.com\/ie\/wp-json\/wp\/v2\/posts\/197551","targetHints":{"allow":["GET"]}}],"collection":[{"href":"https:\/\/www.europesays.com\/ie\/wp-json\/wp\/v2\/posts"}],"about":[{"href":"https:\/\/www.europesays.com\/ie\/wp-json\/wp\/v2\/types\/post"}],"author":[{"embeddable":true,"href":"https:\/\/www.europesays.com\/ie\/wp-json\/wp\/v2\/users\/2"}],"replies":[{"embeddable":true,"href":"https:\/\/www.europesays.com\/ie\/wp-json\/wp\/v2\/comments?post=197551"}],"version-history":[{"count":0,"href":"https:\/\/www.europesays.com\/ie\/wp-json\/wp\/v2\/posts\/197551\/revisions"}],"wp:featuredmedia":[{"embeddable":true,"href":"https:\/\/www.europesays.com\/ie\/wp-json\/wp\/v2\/media\/197552"}],"wp:attachment":[{"href":"https:\/\/www.europesays.com\/ie\/wp-json\/wp\/v2\/media?parent=197551"}],"wp:term":[{"taxonomy":"category","embeddable":true,"href":"https:\/\/www.europesays.com\/ie\/wp-json\/wp\/v2\/categories?post=197551"},{"taxonomy":"post_tag","embeddable":true,"href":"https:\/\/www.europesays.com\/ie\/wp-json\/wp\/v2\/tags?post=197551"}],"curies":[{"name":"wp","href":"https:\/\/api.w.org\/{rel}","templated":true}]}}