{"id":199177,"date":"2025-11-25T10:44:08","date_gmt":"2025-11-25T10:44:08","guid":{"rendered":"https:\/\/www.europesays.com\/ie\/199177\/"},"modified":"2025-11-25T10:44:08","modified_gmt":"2025-11-25T10:44:08","slug":"patrick-horgan-appointed-as-cork-u20-hurling-selector","status":"publish","type":"post","link":"https:\/\/www.europesays.com\/ie\/199177\/","title":{"rendered":"Patrick Horgan appointed as Cork U20 hurling selector"},"content":{"rendered":"<p class=\"\">Patrick Horgan has been added to Noel Furlong&#8217;s Cork U20 hurling management team for the 2026 season.<\/p>\n<p class=\"\">The Glen Rovers man (37), who retired from senior inter-county hurling in September after an 18-year career in red and white, during which he won four Munster titles and four All-Star Awards, takes over from Vincent Hurley of Courcey Rovers.<\/p>\n<p class=\"\">Horgan and Furlong previously worked together when the Carrigtwohill man was part of Kieran Kingston&#8217;s senior set-up in 2022.<\/p>\n<p class=\"\">The rest of the selection committee, featuring D\u00f3nal \u00d3g Cusack (Cloyne) as coach, Tadhg \u00d3g Murphy (Sarsfields) and Se\u00e1n Guiheen (Na Piarsaigh) remains as it was for Furlong&#8217;s first year in charge.<\/p>\n","protected":false},"excerpt":{"rendered":"Patrick Horgan has been added to Noel Furlong&#8217;s Cork U20 hurling management team for the 2026 season. The&hellip;\n","protected":false},"author":2,"featured_media":199178,"comment_status":"","ping_status":"","sticky":false,"template":"","format":"standard","meta":{"footnotes":""},"categories":[76],"tags":[24,18,19,17,132],"class_list":{"0":"post-199177","1":"post","2":"type-post","3":"status-publish","4":"format-standard","5":"has-post-thumbnail","7":"category-sports","8":"tag-cork-gaa","9":"tag-eire","10":"tag-ie","11":"tag-ireland","12":"tag-sports"},"share_on_mastodon":{"url":"https:\/\/pubeurope.com\/@ie\/115609932050950213","error":""},"_links":{"self":[{"href":"https:\/\/www.europesays.com\/ie\/wp-json\/wp\/v2\/posts\/199177","targetHints":{"allow":["GET"]}}],"collection":[{"href":"https:\/\/www.europesays.com\/ie\/wp-json\/wp\/v2\/posts"}],"about":[{"href":"https:\/\/www.europesays.com\/ie\/wp-json\/wp\/v2\/types\/post"}],"author":[{"embeddable":true,"href":"https:\/\/www.europesays.com\/ie\/wp-json\/wp\/v2\/users\/2"}],"replies":[{"embeddable":true,"href":"https:\/\/www.europesays.com\/ie\/wp-json\/wp\/v2\/comments?post=199177"}],"version-history":[{"count":0,"href":"https:\/\/www.europesays.com\/ie\/wp-json\/wp\/v2\/posts\/199177\/revisions"}],"wp:featuredmedia":[{"embeddable":true,"href":"https:\/\/www.europesays.com\/ie\/wp-json\/wp\/v2\/media\/199178"}],"wp:attachment":[{"href":"https:\/\/www.europesays.com\/ie\/wp-json\/wp\/v2\/media?parent=199177"}],"wp:term":[{"taxonomy":"category","embeddable":true,"href":"https:\/\/www.europesays.com\/ie\/wp-json\/wp\/v2\/categories?post=199177"},{"taxonomy":"post_tag","embeddable":true,"href":"https:\/\/www.europesays.com\/ie\/wp-json\/wp\/v2\/tags?post=199177"}],"curies":[{"name":"wp","href":"https:\/\/api.w.org\/{rel}","templated":true}]}}