{"id":201452,"date":"2025-11-26T16:15:13","date_gmt":"2025-11-26T16:15:13","guid":{"rendered":"https:\/\/www.europesays.com\/ie\/201452\/"},"modified":"2025-11-26T16:15:13","modified_gmt":"2025-11-26T16:15:13","slug":"leading-irish-jewellery-designer-pays-tribute-to-paul-costelloe-a-remarkable-ambassador-for-irish-design","status":"publish","type":"post","link":"https:\/\/www.europesays.com\/ie\/201452\/","title":{"rendered":"Leading Irish jewellery designer pays tribute to Paul Costelloe \u2013 \u2018A remarkable ambassador for Irish design\u2019"},"content":{"rendered":"<p class=\"indo-ebe0ecc6_root indo-ebe0ecc6_paragraph indo-91174671_secondary indo-1d70522a_marginbottom4 indo-1d70522a_marginleft0 indo-1d70522a_marginright0 indo-1d70522a_margintop4\" style=\"color:var(--color-primary-80)\" data-testid=\"title-summary\">Bl\u00e1ith\u00edn Ennis collaborated with the renowned fashion designer for London Fashion Week\n<\/p>\n<p><img decoding=\"async\" alt=\"Bl\u00e1ith\u00edn Ennis worked with Paul Costelloe for six seasons.\" src=\"https:\/\/www.europesays.com\/ie\/wp-content\/uploads\/2025\/11\/f786de31-d188-41f0-ae5f-ca43ffb57254.jpg\" loading=\"eager\" width=\"100%\" data-testid=\"article-image\"  \/><\/p>\n<p class=\"indo-ebe0ecc6_root indo-ebe0ecc6_caption1 indo-300db776_none indo-91174671_secondary indo-66f0fec7_regular indo-1d70522a_marginbottom0 indo-1d70522a_marginleft0 indo-1d70522a_marginright0 indo-1d70522a_margintop3 indo-b48c4984_left\" style=\"color:var(--color-grey-60)\">Bl\u00e1ith\u00edn Ennis worked with Paul Costelloe for six seasons.<\/p>\n<p class=\"indo-ebe0ecc6_root indo-ebe0ecc6_paragraph indo-300db776_none indo-91174671_primary indo-1d70522a_marginbottom0 indo-1d70522a_margintop0 indo-b48c4984_inherit\" style=\"color:var(--color-primary-80)\">There was a shroud of sadness in the fashion community this week as news emerged that internationally acclaimed Irish fashion designer Paul Costelloe passed away following a short illness at the age of 80.<\/p>\n<p class=\"indo-ebe0ecc6_root indo-ebe0ecc6_paragraph indo-300db776_none indo-91174671_primary indo-1d70522a_marginbottom0 indo-1d70522a_margintop0 indo-b48c4984_inherit\" style=\"color:var(--color-primary-80)\">A designer who was renowned for his classic and timeless style, with Princess Diana adorning custom outfits for many years, Paul was also revered as someone who supported other artists, giving them a stage for their talent to shine.<\/p>\n","protected":false},"excerpt":{"rendered":"Bl\u00e1ith\u00edn Ennis collaborated with the renowned fashion designer for London Fashion Week Bl\u00e1ith\u00edn Ennis worked with Paul Costelloe&hellip;\n","protected":false},"author":2,"featured_media":201453,"comment_status":"","ping_status":"","sticky":false,"template":"","format":"standard","meta":{"footnotes":""},"categories":[75],"tags":[18,117,19,17,4751],"class_list":{"0":"post-201452","1":"post","2":"type-post","3":"status-publish","4":"format-standard","5":"has-post-thumbnail","7":"category-entertainment","8":"tag-eire","9":"tag-entertainment","10":"tag-ie","11":"tag-ireland","12":"tag-rachel-cahill"},"share_on_mastodon":{"url":"https:\/\/pubeurope.com\/@ie\/115616896446451750","error":""},"_links":{"self":[{"href":"https:\/\/www.europesays.com\/ie\/wp-json\/wp\/v2\/posts\/201452","targetHints":{"allow":["GET"]}}],"collection":[{"href":"https:\/\/www.europesays.com\/ie\/wp-json\/wp\/v2\/posts"}],"about":[{"href":"https:\/\/www.europesays.com\/ie\/wp-json\/wp\/v2\/types\/post"}],"author":[{"embeddable":true,"href":"https:\/\/www.europesays.com\/ie\/wp-json\/wp\/v2\/users\/2"}],"replies":[{"embeddable":true,"href":"https:\/\/www.europesays.com\/ie\/wp-json\/wp\/v2\/comments?post=201452"}],"version-history":[{"count":0,"href":"https:\/\/www.europesays.com\/ie\/wp-json\/wp\/v2\/posts\/201452\/revisions"}],"wp:featuredmedia":[{"embeddable":true,"href":"https:\/\/www.europesays.com\/ie\/wp-json\/wp\/v2\/media\/201453"}],"wp:attachment":[{"href":"https:\/\/www.europesays.com\/ie\/wp-json\/wp\/v2\/media?parent=201452"}],"wp:term":[{"taxonomy":"category","embeddable":true,"href":"https:\/\/www.europesays.com\/ie\/wp-json\/wp\/v2\/categories?post=201452"},{"taxonomy":"post_tag","embeddable":true,"href":"https:\/\/www.europesays.com\/ie\/wp-json\/wp\/v2\/tags?post=201452"}],"curies":[{"name":"wp","href":"https:\/\/api.w.org\/{rel}","templated":true}]}}