{"id":201761,"date":"2025-11-26T20:09:08","date_gmt":"2025-11-26T20:09:08","guid":{"rendered":"https:\/\/www.europesays.com\/ie\/201761\/"},"modified":"2025-11-26T20:09:08","modified_gmt":"2025-11-26T20:09:08","slug":"glen-of-the-downs-nature-reserve-could-expand-after-npws-acquires-large-parcel-of-forestry-land-the-irish-times","status":"publish","type":"post","link":"https:\/\/www.europesays.com\/ie\/201761\/","title":{"rendered":"Glen of the Downs nature reserve could expand after NPWS acquires large parcel of forestry land \u2013 The Irish Times"},"content":{"rendered":"<p class=\"c-paragraph paywall \">The State has purchased private land adjacent to the <a href=\"https:\/\/www.irishtimes.com\/tags\/glen-of-the-downs\/\" target=\"_blank\" rel=\"noreferrer nofollow noopener\" title=\"https:\/\/www.irishtimes.com\/tags\/glen-of-the-downs\/\">Glen of the Downs in Co Wicklow <\/a>which could lead to the expansion of a large nature reserve in the area. <\/p>\n<p class=\"c-paragraph paywall \">The <a href=\"https:\/\/www.irishtimes.com\/tags\/irish-wildlife-trust\/\" target=\"_blank\" rel=\"noreferrer nofollow noopener\" title=\"https:\/\/www.irishtimes.com\/tags\/irish-wildlife-trust\/\">Irish Wildlife Trust <\/a>(IWT) has welcomed the purchase of 100 acres of forestry land by the <a href=\"https:\/\/www.irishtimes.com\/tags\/national-parks-wildlife-service\/\" target=\"_blank\" rel=\"noreferrer nofollow noopener\" title=\"https:\/\/www.irishtimes.com\/tags\/national-parks-wildlife-service\/\">National Parks &amp; Wildlife Service (NPWS).<\/a> <\/p>\n<p class=\"c-paragraph paywall \">\u201cIt is very encouraging to learn of public funds being used to purchase land for nature restoration,\u201d IWT chief executive Kieran Flood said. <\/p>\n<p class=\"c-paragraph paywall \">\u201cWe hope to see <a href=\"https:\/\/www.irishtimes.com\/tags\/national-parks-wildlife-service\/\" target=\"_blank\" rel=\"noreferrer nofollow noopener\" title=\"https:\/\/www.irishtimes.com\/tags\/national-parks-wildlife-service\/\">the NPWS <\/a>resourcing an ambitious native woodland restoration project at this site, to help Ireland meet its nature restoration goals and to expand the precious old oak woodland habitat of the Glen of the Downs,\u201d he added. <\/p>\n<p class=\"c-paragraph paywall \">The Glen of the Downs is a national nature reserve protecting rare native oak woodland. However, it is cut in half by the N11 dual carriageway \u201cand is hemmed in by monocultures\u201d, he added. <\/p>\n<p class=\"c-paragraph paywall \">\u201cNature restoration protects our natural heritage, restores ecosystems and their wildlife and helps fight climate change. It\u2019s a win for wildlife, people and the planet,\u201d Mr Flood said. <\/p>\n<p class=\"c-paragraph paywall \">Glen of the Downs, near Delgany, was the focus of prolonged protests by environmentalists 25 years ago in response to a proposal to widen the N11 between Kilmacanogue and Kilpedder on the main road from Dublin to Rosslare port in Co Wexford. <\/p>\n<p class=\"c-paragraph paywall \">Protesters camped out for almost three years from May 1997, holding up the road project with a <a href=\"https:\/\/www.irishtimes.com\/tags\/high-court\/\" rel=\"nofollow noopener\" target=\"_blank\">High Court<\/a> judicial review and a subsequent <a href=\"https:\/\/www.irishtimes.com\/tags\/supreme-court\/\" rel=\"nofollow noopener\" target=\"_blank\">Supreme Court<\/a> appeal \u2013 both of which they lost. The dual carriageway was finally completed in 2003 with reduced speed limits of 80km imposed on traffic passing through the glen, which are still applied today. <\/p>\n<p class=\"c-paragraph paywall \">Last year, environmental campaigners and local politicians called for the land to be purchased by <a href=\"https:\/\/www.irishtimes.com\/tags\/national-parks-wildlife-service\/\" target=\"_blank\" rel=\"noreferrer nofollow noopener\" title=\"https:\/\/www.irishtimes.com\/tags\/national-parks-wildlife-service\/\">the NPWS<\/a>. It is understood that it bought half of a 200-acre lot that was for sale for \u20ac6.5 million. <\/p>\n<p class=\"c-paragraph paywall \">In a statement, the <a href=\"https:\/\/www.irishtimes.com\/tags\/department-of-housing\/\" target=\"_blank\" rel=\"noreferrer nofollow noopener\" title=\"https:\/\/www.irishtimes.com\/tags\/department-of-housing\/\">Department of Housing <\/a>which has responsibility for <a href=\"https:\/\/www.irishtimes.com\/tags\/national-parks-wildlife-service\/\" target=\"_blank\" rel=\"noreferrer nofollow noopener\" title=\"https:\/\/www.irishtimes.com\/tags\/national-parks-wildlife-service\/\">the NPWS <\/a>said for commercial reasons it was not in a position to comment on the land sale, but added \u201cthe NPWS occasionally purchases land for strategic and conservation purposes. Such acquisitions are always carefully considered on a case-by-case basis and in line with public procurement requirements.\u201d<\/p>\n<p class=\"c-paragraph paywall \">Under the programme for government, there has been significant acquisition of land by the NPWS to enable expansion of national parks and nature reserves. <\/p>\n<p class=\"c-paragraph paywall \">Significant acquisitions in recent years include the purchase of the World Heritage Dowth Estate in Co Meath in 2023. Along with 552 acres of land, the purchase included historic buildings, walled gardens and other assets. <\/p>\n<p class=\"c-paragraph paywall \">In 2024, the NPWS purchased 1,400 acres of land on the Conor Pass on the Dingle Peninsula, as part of a commitment from the State to protect unique natural heritage sites on the Dingle Peninsula under the newly established P\u00e1irc N\u00e1isi\u00fanta na Mara, Ciarra\u00ed. <\/p>\n<p class=\"c-paragraph paywall \"> The Glen of the Downs acquisition was \u201ca major and long-awaited step that finally secures public ownership of this vital land\u201d, Wicklow TD Jennifer Whitmore told RT\u00c9 News. <\/p>\n<p class=\"c-paragraph paywall \">The Glen of the Downs is \u201cnot only an iconic Wicklow landscape but also a vital ecological corridor\u201d. <\/p>\n<p class=\"c-paragraph paywall \">\u201cOver the past year, the community has been incredibly active and vocal in demanding that this land be protected, restored and placed firmly in public hands. Today\u2019s announcement shows that sustained community pressure works,\u201d she added. <\/p>\n","protected":false},"excerpt":{"rendered":"The State has purchased private land adjacent to the Glen of the Downs in Co Wicklow which could&hellip;\n","protected":false},"author":2,"featured_media":201762,"comment_status":"","ping_status":"","sticky":false,"template":"","format":"standard","meta":{"footnotes":""},"categories":[269],"tags":[1868,442,43386,18,440,5009,19,17,13094,3618,133,946],"class_list":{"0":"post-201761","1":"post","2":"type-post","3":"status-publish","4":"format-standard","5":"has-post-thumbnail","7":"category-environment","8":"tag-biodiversity","9":"tag-climate-change","10":"tag-dingle","11":"tag-eire","12":"tag-environment","13":"tag-forestry","14":"tag-ie","15":"tag-ireland","16":"tag-national-parks-wildlife-service","17":"tag-nature","18":"tag-science","19":"tag-wicklow"},"share_on_mastodon":{"url":"https:\/\/pubeurope.com\/@ie\/115617815885145939","error":""},"_links":{"self":[{"href":"https:\/\/www.europesays.com\/ie\/wp-json\/wp\/v2\/posts\/201761","targetHints":{"allow":["GET"]}}],"collection":[{"href":"https:\/\/www.europesays.com\/ie\/wp-json\/wp\/v2\/posts"}],"about":[{"href":"https:\/\/www.europesays.com\/ie\/wp-json\/wp\/v2\/types\/post"}],"author":[{"embeddable":true,"href":"https:\/\/www.europesays.com\/ie\/wp-json\/wp\/v2\/users\/2"}],"replies":[{"embeddable":true,"href":"https:\/\/www.europesays.com\/ie\/wp-json\/wp\/v2\/comments?post=201761"}],"version-history":[{"count":0,"href":"https:\/\/www.europesays.com\/ie\/wp-json\/wp\/v2\/posts\/201761\/revisions"}],"wp:featuredmedia":[{"embeddable":true,"href":"https:\/\/www.europesays.com\/ie\/wp-json\/wp\/v2\/media\/201762"}],"wp:attachment":[{"href":"https:\/\/www.europesays.com\/ie\/wp-json\/wp\/v2\/media?parent=201761"}],"wp:term":[{"taxonomy":"category","embeddable":true,"href":"https:\/\/www.europesays.com\/ie\/wp-json\/wp\/v2\/categories?post=201761"},{"taxonomy":"post_tag","embeddable":true,"href":"https:\/\/www.europesays.com\/ie\/wp-json\/wp\/v2\/tags?post=201761"}],"curies":[{"name":"wp","href":"https:\/\/api.w.org\/{rel}","templated":true}]}}