{"id":20343,"date":"2025-08-24T14:24:10","date_gmt":"2025-08-24T14:24:10","guid":{"rendered":"https:\/\/www.europesays.com\/ie\/20343\/"},"modified":"2025-08-24T14:24:10","modified_gmt":"2025-08-24T14:24:10","slug":"derry-death-notices-sunday-august-24-2025","status":"publish","type":"post","link":"https:\/\/www.europesays.com\/ie\/20343\/","title":{"rendered":"Derry Death Notices &#8211; Sunday, August 24, 2025"},"content":{"rendered":"<p>The following deaths have occurred:-<\/p>\n<p>\u00a0<\/p>\n<p><strong>\u2022 <a href=\"#textlink\" target=\"_blank\" rel=\"noopener\">Sheila Bradley (n\u00e9e Hutton), Derry<\/a><\/strong><\/p>\n<p><strong>\u2022 <a href=\"#textlink\" target=\"_blank\" rel=\"noopener\">Eileen McCarthy (n\u00e9e Kelly), Derry<\/a><\/strong><\/p>\n<p><strong>\u2022 <a href=\"#textlink\" target=\"_blank\" rel=\"noopener\">Goergina (Georgie) McGlone (n\u00e9e Crossett), 30 Glenelly Villas, Draperstown<\/a><\/strong><\/p>\n<p>\u00a0<\/p>\n<p>\u00a0<\/p>\n<p><strong>Sheila Bradley (n\u00e9e Hutton), Derry<\/strong><\/p>\n<p>The death has taken place of the late Sheila Bradley (n\u00e9e Hutton), August 23 2025, peacefully at Culmore Manor Care Home (formerly of Southway), beloved wife of the late Seamus, loving mother of Shelley, mother-in-law of Shaun, devoted grandmother of Emma, Aine and Lauren, beloved daughter of the late Sadie and Eddie Hutton (20 Blucher Street) dear and loving sister of Jim, Marie, George, Peter, Tony and the late Eddie, John, Ann and Kathleen. Dearly loved and will be sadly missed by the wider family circle and her many friends. Sheila will be reposing at her daughter\u2019s home, 1 Sandbank Park. Family time please from 10:00pm to 11:00am. Funeral leaving 1 Sandbank Park on Monday, August 25 at 11:50am to St. Columba\u2019s Church, Longtower for Requiem Mass at 12:30pm. Interment afterwards in the City Cemetery. Sacred Heart of Jesus have mercy on her soul. Our Lady of Lourdes intercede for her. Sr. Clare pray for her.<\/p>\n<p>\u00a0<\/p>\n<p><strong>Eileen McCarthy (n\u00e9e Kelly), Derry<\/strong><\/p>\n<p>It is with deep regret we announce the passing of Eileen McCarthy (n\u00e9e Kelly), August 22 2025, peacefully at Edenballymore Lodge Care Home, surrounded by her loving family, (formerly of Barry Street), loving wife of the late John, mother of Christine, Mary and Patricia, grandmother and great-grandmother, daughter of the late Jim and Cissie and sister of the late May, Veronica, Kathleen, Olive and James. Sadly missed by the wider family circle. Eileen will be reposing at her daughter Mary\u2019s home, 15 Liscannor Park, Foyle Springs. Family time please from 11:00pm to 11:00am. Funeral leaving 15 Liscannnor Park on Monday, August 25 at 9:20am to St. Patrick\u2019s Church, Pennyburn for Requiem Mass at 10:00am. Interment afterwards in the City Cemetery. Family flowers only please, donations in lieu, if wished, to Residents\u2019 Comfort Fund, Edenballymore Lodge, Northland Road, Derry. Our Lady of Knock pray for her.<\/p>\n<p>\u00a0<\/p>\n<p><strong>Goergina (Georgie) McGlone (n\u00e9e Crossett), 30 Glenelly Villas, Draperstown<\/strong><\/p>\n<p>We regret to inform you of the death of Goergina (Georgie) McGlone (n\u00e9e Crossett), late of 30 Glenelly Villas, Draperstown at Antrim Area Hospital on Friday, August 22 2025. Beloved Wife of the late Paddy, cherished Mother of Helena, Martina (Robert Jeffery), Gina (Sean Campbell), Shauneen (Brendan Duffy) , and of the late Pat (Paddy) and Sinead. Grandmother of Se\u00e1n-Patrick, Sinead, D\u00f3nal, Meadhbh and D\u00e1irine. Daughter of the late Robert and Georgina, sister of Marie Bradley, Madge McCullagh, Patricia Toner, Herbie, Marian Rocks 22 and the late Annie, Evelyn, Philomena, Oliver, Davy and Robbie. Funeral from her late home on Sunday, August 24 at 11:30am for Requiem Mass at 12noon in St.Eugenes Church Moneyneana. Burial in adjoining Cemetery afterwards. St.Pio pray for her.<\/p>\n<p>\u00a0<\/p>\n<p><a href=\"https:\/\/www.derrynow.com\/section\/977\/deaths\" target=\"_blank\" rel=\"noopener nofollow\"><img loading=\"lazy\" decoding=\"async\" src=\"https:\/\/www.europesays.com\/ie\/wp-content\/uploads\/2025\/08\/Click_Here_DN_obits_new-1700067930336.jpg\" width=\"640\" height=\"83\"\/><\/a><\/p>\n<p>ADVERTISEMENT &#8211; CONTINUE READING BELOW<\/p>\n<p>ADVERTISEMENT &#8211; CONTINUE READING BELOW<\/p>\n<p>ADVERTISEMENT &#8211; CONTINUE READING BELOW<\/p>\n<p>ADVERTISEMENT &#8211; CONTINUE READING BELOW<\/p>\n<p>ADVERTISEMENT &#8211; CONTINUE READING BELOW<\/p>\n<p>ADVERTISEMENT &#8211; CONTINUE READING BELOW<\/p>\n<p>ADVERTISEMENT &#8211; CONTINUE READING BELOW<\/p>\n<p>ADVERTISEMENT &#8211; CONTINUE READING BELOW<\/p>\n<p>ADVERTISEMENT &#8211; CONTINUE READING BELOW<\/p>\n","protected":false},"excerpt":{"rendered":"The following deaths have occurred:- \u00a0 \u2022 Sheila Bradley (n\u00e9e Hutton), Derry \u2022 Eileen McCarthy (n\u00e9e Kelly), Derry&hellip;\n","protected":false},"author":2,"featured_media":20344,"comment_status":"","ping_status":"","sticky":false,"template":"","format":"standard","meta":{"footnotes":""},"categories":[41],"tags":[9,10,16249,6020,16250,16252,16251,13,14,6,11,12,15,16,5,7,8,65,66,67],"class_list":{"0":"post-20343","1":"post","2":"type-post","3":"status-publish","4":"format-standard","5":"has-post-thumbnail","7":"category-world","8":"tag-breaking-news","9":"tag-breakingnews","10":"tag-derry-death-notices","11":"tag-derry-news","12":"tag-derry-obituaries","13":"tag-derry-post","14":"tag-derrynow","15":"tag-featured-news","16":"tag-featurednews","17":"tag-headlines","18":"tag-latest-news","19":"tag-latestnews","20":"tag-main-news","21":"tag-mainnews","22":"tag-news","23":"tag-top-stories","24":"tag-topstories","25":"tag-world","26":"tag-world-news","27":"tag-worldnews"},"share_on_mastodon":{"url":"","error":""},"_links":{"self":[{"href":"https:\/\/www.europesays.com\/ie\/wp-json\/wp\/v2\/posts\/20343","targetHints":{"allow":["GET"]}}],"collection":[{"href":"https:\/\/www.europesays.com\/ie\/wp-json\/wp\/v2\/posts"}],"about":[{"href":"https:\/\/www.europesays.com\/ie\/wp-json\/wp\/v2\/types\/post"}],"author":[{"embeddable":true,"href":"https:\/\/www.europesays.com\/ie\/wp-json\/wp\/v2\/users\/2"}],"replies":[{"embeddable":true,"href":"https:\/\/www.europesays.com\/ie\/wp-json\/wp\/v2\/comments?post=20343"}],"version-history":[{"count":0,"href":"https:\/\/www.europesays.com\/ie\/wp-json\/wp\/v2\/posts\/20343\/revisions"}],"wp:featuredmedia":[{"embeddable":true,"href":"https:\/\/www.europesays.com\/ie\/wp-json\/wp\/v2\/media\/20344"}],"wp:attachment":[{"href":"https:\/\/www.europesays.com\/ie\/wp-json\/wp\/v2\/media?parent=20343"}],"wp:term":[{"taxonomy":"category","embeddable":true,"href":"https:\/\/www.europesays.com\/ie\/wp-json\/wp\/v2\/categories?post=20343"},{"taxonomy":"post_tag","embeddable":true,"href":"https:\/\/www.europesays.com\/ie\/wp-json\/wp\/v2\/tags?post=20343"}],"curies":[{"name":"wp","href":"https:\/\/api.w.org\/{rel}","templated":true}]}}