{"id":204142,"date":"2025-11-28T03:34:11","date_gmt":"2025-11-28T03:34:11","guid":{"rendered":"https:\/\/www.europesays.com\/ie\/204142\/"},"modified":"2025-11-28T03:34:11","modified_gmt":"2025-11-28T03:34:11","slug":"dolly-catherine-omalley-nee-griffin","status":"publish","type":"post","link":"https:\/\/www.europesays.com\/ie\/204142\/","title":{"rendered":"Dolly (Catherine) O\u2019Malley (N\u00e8e Griffin)"},"content":{"rendered":"<p style=\"text-align: center;\"><img decoding=\"async\" alt=\"\" src=\"https:\/\/www.europesays.com\/ie\/wp-content\/uploads\/2025\/11\/692887119a755.jpg\" style=\"\"\/><\/p>\n<p style=\"text-align: center;\">Loughill West, Co. Limerick.<\/p>\n<p>Peacefully on November 27th 2025 at home surrounded by her loving family. Predeceased by her husband Frank, her son Brian, brother Tommy and parents Tom &amp; Bridie Griffin.<\/p>\n<p>Dolly will be sadly missed and lovingly remembered by her daughters Grace &amp; Rose (Dooley), daughter in law Sin\u00e8ad, son in law Tom, grandchildren Lauren, Muireann, Ro\u00ecs\u00ecn &amp; Rowan, brothers, sisters, brothers in law, sisters in law, nephews, nieces, relatives, friends &amp; neighbours.<\/p>\n<p>May Her Gentle Soul Rest In Peace<\/p>\n<p>Reposing at Madigan\u2019s Funeral Home, Shanagolden on Friday evening November 28th from 6pm to 8pm.<\/p>\n<p>Funeral cortege will arrive at The Church of the Assumption, Loughill West on Saturday with Mass being celebrated at 1pm followed by burial afterwards in Robertstown cemetery, Foynes, Co. Limerick.<\/p>\n<p>Family flowers only please. Donations if desired to Milford Hospice.<\/p>\n<p><a href=\"https:\/\/eventmaster.ie\/fundraising\/pages\/DN70533545\/donate.html\" rel=\"nofollow noopener\" target=\"_blank\">Donations in lieu of flowers to Milford Care Centre in Memory of Dolly O&#8217;Malley (n\u00e9e Griffin)<\/a><br \/>\u00a0<\/p>\n","protected":false},"excerpt":{"rendered":"Loughill West, Co. Limerick. Peacefully on November 27th 2025 at home surrounded by her loving family. Predeceased by&hellip;\n","protected":false},"author":2,"featured_media":204143,"comment_status":"","ping_status":"","sticky":false,"template":"","format":"standard","meta":{"footnotes":""},"categories":[40],"tags":[9,10,18,13,14,6,19,17,11,12,3006,3009,3005,3008,3007,3010,15,16,5,7,8],"class_list":{"0":"post-204142","1":"post","2":"type-post","3":"status-publish","4":"format-standard","5":"has-post-thumbnail","7":"category-ireland","8":"tag-breaking-news","9":"tag-breakingnews","10":"tag-eire","11":"tag-featured-news","12":"tag-featurednews","13":"tag-headlines","14":"tag-ie","15":"tag-ireland","16":"tag-latest-news","17":"tag-latestnews","18":"tag-limerick-radio","19":"tag-limerick-today","20":"tag-limericks-live95fm","21":"tag-live-95","22":"tag-live95fm","23":"tag-live95fm-homepage","24":"tag-main-news","25":"tag-mainnews","26":"tag-news","27":"tag-top-stories","28":"tag-topstories"},"share_on_mastodon":{"url":"https:\/\/pubeurope.com\/@ie\/115625228169923952","error":""},"_links":{"self":[{"href":"https:\/\/www.europesays.com\/ie\/wp-json\/wp\/v2\/posts\/204142","targetHints":{"allow":["GET"]}}],"collection":[{"href":"https:\/\/www.europesays.com\/ie\/wp-json\/wp\/v2\/posts"}],"about":[{"href":"https:\/\/www.europesays.com\/ie\/wp-json\/wp\/v2\/types\/post"}],"author":[{"embeddable":true,"href":"https:\/\/www.europesays.com\/ie\/wp-json\/wp\/v2\/users\/2"}],"replies":[{"embeddable":true,"href":"https:\/\/www.europesays.com\/ie\/wp-json\/wp\/v2\/comments?post=204142"}],"version-history":[{"count":0,"href":"https:\/\/www.europesays.com\/ie\/wp-json\/wp\/v2\/posts\/204142\/revisions"}],"wp:featuredmedia":[{"embeddable":true,"href":"https:\/\/www.europesays.com\/ie\/wp-json\/wp\/v2\/media\/204143"}],"wp:attachment":[{"href":"https:\/\/www.europesays.com\/ie\/wp-json\/wp\/v2\/media?parent=204142"}],"wp:term":[{"taxonomy":"category","embeddable":true,"href":"https:\/\/www.europesays.com\/ie\/wp-json\/wp\/v2\/categories?post=204142"},{"taxonomy":"post_tag","embeddable":true,"href":"https:\/\/www.europesays.com\/ie\/wp-json\/wp\/v2\/tags?post=204142"}],"curies":[{"name":"wp","href":"https:\/\/api.w.org\/{rel}","templated":true}]}}