{"id":209659,"date":"2025-12-01T13:30:11","date_gmt":"2025-12-01T13:30:11","guid":{"rendered":"https:\/\/www.europesays.com\/ie\/209659\/"},"modified":"2025-12-01T13:30:11","modified_gmt":"2025-12-01T13:30:11","slug":"rte-set-to-unveil-its-christmas-tv-schedule-soon-heres-some-of-whats-coming-up-this-month-the-journal","status":"publish","type":"post","link":"https:\/\/www.europesays.com\/ie\/209659\/","title":{"rendered":"RT\u00c9 set to unveil its Christmas TV schedule soon &#8211; here\u2019s some of what\u2019s coming up this month &#8211; The Journal"},"content":{"rendered":"<ol>\n<li><a href=\"https:\/\/news.google.com\/rss\/articles\/CBMiiwFBVV95cUxPbW9qdEowWmgtODRPakhocmI2cVk5LXh4R3FPVW1QWnB2RWRBU21YanFseDA4emVvMjFOWTI5alRCTHRNdWJDRVE3bjByRTY5a2tCZlRHSmhuNmR5MVgyallMNUFOZ2ZvNHJmb1NnVHBIalR2VmladnRQUm5XeEhLSW1KX1JveTNBSkJz?oc=5\" target=\"_blank\" rel=\"nofollow noopener\">RT\u00c9 set to unveil its Christmas TV schedule soon &#8211; here\u2019s some of what\u2019s coming up this month<\/a>&nbsp;&nbsp;The Journal<\/li>\n<li><a href=\"https:\/\/news.google.com\/rss\/articles\/CBMiqgFBVV95cUxOalpveXF1bm5fT2FwMi1IeTdzdEhHd1VveU4yRkFmemxVUlVNd25QckYydnNfMXVDajdQZGV5LXI4SEdvaGlJLVFtbklyZTNUVUpZUXZOZUVBWmJKaVg5Q1dUV3dRYmcxeVJIaHhmSkRyeGdyR25JdDcyTkE5OHNqR2pjVElJMGRjMVNvNHJtbTBnSDlBdEZ0aENjWGw5V0tOUFRTdnJVa05jQQ?oc=5\" target=\"_blank\" rel=\"nofollow noopener\">Something for everyone as RT\u00c9 reveals Christmas treats<\/a>&nbsp;&nbsp;RTE.ie<\/li>\n<li><a href=\"https:\/\/news.google.com\/rss\/articles\/CBMihgJBVV95cUxOeXNRZzFvVlFQM25jbW5YalZpaXJWc0JqSENNZ1Yzc3pMTFRzRVJaT2R3VktMVWdSOEdDdHA4amg2ckNQUTdfZm1Nci1nRi15NHR4NzdlSGNWWEoyNzZ4ellmV0RHRWpJdlJCeWplU3hYWVNOQnQ2XzVtM0x5aEtmLVpGd0NLaUI3a25QSlRmeVM2TFhHV2ZzTGJQS2dEbk1xekFjbzJaeXBhVzRPcUc1U1ZiQTZtWjhnZVJGY1ZjWjhXWFFhZWxfamNOZnd0dHBzMFlPeEJLNWV2WFBsLVM2aUl6Y2FBckk5bEhJWEhfNmIyZ2VqQVR5SHpyTWFWNFJBUkc0TWhB?oc=5\" target=\"_blank\" rel=\"nofollow noopener\">Pat Stacey: RT\u00c9\u2019s Christmas schedule shows a startling lack of imagination and ambition once again<\/a>&nbsp;&nbsp;The Irish Independent<\/li>\n<li><a href=\"https:\/\/news.google.com\/rss\/articles\/CBMihwFBVV95cUxPQ3JxdWdoYnB5eXNJOVFlQVVKTU1YZmNIZzhmMWVXUTh1UGREcHpvZzN0SDZBdGtlODJ5bzlWcURVLTZUSmJEQ3QxLUotbnBsRjU0UjZ0OVJZMEl1QlY4RDZ4Q2xIVkRoU0VIdmtFM3I3Nkpseld1SU56Q0RQYmNza3hxYXhwOTTSAYwBQVVfeXFMTjdjbkt5ZFhuSEQ0bTF0cVAybXgyY2dRVjBMUFJPem1Lcm5EaFdjazlDWjZCbzJKQVAzTGREMko0Wm8xOVBqWTRfcFlHRmRXaVZfdmZCMFpsX3luSGRTa05vaGJiWjAzZmpEMy1KZ05qQ1FPb3ZqbWlxU3VsX0QwZ015VkFvbUtjX3B3UDM?oc=5\" target=\"_blank\" rel=\"nofollow noopener\">RTE unveil huge Christmas schedule with new Mrs Brown&#8217;s Boys, festive specials and more<\/a>&nbsp;&nbsp;RSVP Live<\/li>\n<li><a href=\"https:\/\/news.google.com\/rss\/articles\/CBMinAFBVV95cUxNUEZYbnJqbEJQblh3RjJfemZWRlRLeE4wRnJLc0pJNUtvUjBsaTVpZU90ZzdablN5N2FObVVZREZPeGE3WDVoeF9Tc3Y4YWRfU3RyOWtkR1RCSmJNM0gtS3VVNmJKOXhRUTg5cDduZnluSjVONzZPNmRXSHJZeWI1NGVaWUlvdmpveUpVQ3luTWVyLUItQzFwRFpUdjQ?oc=5\" target=\"_blank\" rel=\"nofollow noopener\">Lights, Camera, Christmas: RT\u00c9 rings in the Season S\u00ed an Nollaig \u00ed<\/a>&nbsp;&nbsp;RTE.ie<\/li>\n<\/ol>\n","protected":false},"excerpt":{"rendered":"RT\u00c9 set to unveil its Christmas TV schedule soon &#8211; here\u2019s some of what\u2019s coming up this month&nbsp;&nbsp;The&hellip;\n","protected":false},"author":2,"featured_media":209660,"comment_status":"","ping_status":"","sticky":false,"template":"","format":"standard","meta":{"footnotes":""},"categories":[75],"tags":[16838,18,117,19,17,1181,114824,12844],"class_list":{"0":"post-209659","1":"post","2":"type-post","3":"status-publish","4":"format-standard","5":"has-post-thumbnail","7":"category-entertainment","8":"tag-christmas","9":"tag-eire","10":"tag-entertainment","11":"tag-ie","12":"tag-ireland","13":"tag-rte","14":"tag-rte-one","15":"tag-tv-guide"},"share_on_mastodon":{"url":"https:\/\/pubeurope.com\/@ie\/115644558711059417","error":""},"_links":{"self":[{"href":"https:\/\/www.europesays.com\/ie\/wp-json\/wp\/v2\/posts\/209659","targetHints":{"allow":["GET"]}}],"collection":[{"href":"https:\/\/www.europesays.com\/ie\/wp-json\/wp\/v2\/posts"}],"about":[{"href":"https:\/\/www.europesays.com\/ie\/wp-json\/wp\/v2\/types\/post"}],"author":[{"embeddable":true,"href":"https:\/\/www.europesays.com\/ie\/wp-json\/wp\/v2\/users\/2"}],"replies":[{"embeddable":true,"href":"https:\/\/www.europesays.com\/ie\/wp-json\/wp\/v2\/comments?post=209659"}],"version-history":[{"count":0,"href":"https:\/\/www.europesays.com\/ie\/wp-json\/wp\/v2\/posts\/209659\/revisions"}],"wp:featuredmedia":[{"embeddable":true,"href":"https:\/\/www.europesays.com\/ie\/wp-json\/wp\/v2\/media\/209660"}],"wp:attachment":[{"href":"https:\/\/www.europesays.com\/ie\/wp-json\/wp\/v2\/media?parent=209659"}],"wp:term":[{"taxonomy":"category","embeddable":true,"href":"https:\/\/www.europesays.com\/ie\/wp-json\/wp\/v2\/categories?post=209659"},{"taxonomy":"post_tag","embeddable":true,"href":"https:\/\/www.europesays.com\/ie\/wp-json\/wp\/v2\/tags?post=209659"}],"curies":[{"name":"wp","href":"https:\/\/api.w.org\/{rel}","templated":true}]}}