{"id":211012,"date":"2025-12-02T07:58:11","date_gmt":"2025-12-02T07:58:11","guid":{"rendered":"https:\/\/www.europesays.com\/ie\/211012\/"},"modified":"2025-12-02T07:58:11","modified_gmt":"2025-12-02T07:58:11","slug":"regulator-wants-rte-and-tg4-to-get-more-money-from-taxpayers","status":"publish","type":"post","link":"https:\/\/www.europesays.com\/ie\/211012\/","title":{"rendered":"Regulator wants RT\u00c9 and TG4 to get more money from taxpayers"},"content":{"rendered":"<p class=\"indo-ebe0ecc6_root indo-ebe0ecc6_paragraph indo-91174671_secondary indo-1d70522a_marginbottom4 indo-1d70522a_marginleft0 indo-1d70522a_marginright0 indo-1d70522a_margintop4\" style=\"color:var(--color-primary-80)\" data-testid=\"title-summary\">It warns that broadcasters will become an increasing drain on public purse\n<\/p>\n<p><img decoding=\"async\" alt=\"The national broadcaster has been rocked by a series of financial scandals. Photo: Gareth Chaney\" src=\"https:\/\/www.europesays.com\/ie\/wp-content\/uploads\/2025\/12\/527f8866-7e8f-4d04-9f01-b904fc10064c.jpg\" loading=\"eager\" width=\"100%\" data-testid=\"article-image\"  \/><\/p>\n<p class=\"indo-ebe0ecc6_root indo-ebe0ecc6_caption1 indo-300db776_none indo-91174671_secondary indo-66f0fec7_regular indo-1d70522a_marginbottom0 indo-1d70522a_marginleft0 indo-1d70522a_marginright0 indo-1d70522a_margintop3 indo-b48c4984_left\" style=\"color:var(--color-grey-60)\">The national broadcaster has been rocked by a series of financial scandals. Photo: Gareth Chaney<\/p>\n<p>John Burns and Senan Molony<\/p>\n<p>Today at 06:30<\/p>\n<p class=\"indo-ebe0ecc6_root indo-ebe0ecc6_paragraph indo-300db776_none indo-91174671_primary indo-1d70522a_marginbottom0 indo-1d70522a_margintop0 indo-b48c4984_inherit\" style=\"color:var(--color-primary-80)\">Coimisi\u00fan na Me\u00e1n has recommended that both RT\u00c9 and TG4 be given millions of euro extra to help them meet their public service obligations.<\/p>\n<p class=\"indo-ebe0ecc6_root indo-ebe0ecc6_paragraph indo-300db776_none indo-91174671_primary indo-1d70522a_marginbottom0 indo-1d70522a_margintop0 indo-b48c4984_inherit\" style=\"color:var(--color-primary-80)\">The conclusion of its five-year review of funding for the two stations is that RT\u00c9 should be allocated \u20ac255m in 2026, and \u20ac275m in 2027.<\/p>\n","protected":false},"excerpt":{"rendered":"It warns that broadcasters will become an increasing drain on public purse The national broadcaster has been rocked&hellip;\n","protected":false},"author":2,"featured_media":211013,"comment_status":"","ping_status":"","sticky":false,"template":"","format":"standard","meta":{"footnotes":""},"categories":[3],"tags":[9,10,18,13,14,6,19,17,6501,11,12,15,16,5,4574,1181,34340,8336,7,8],"class_list":{"0":"post-211012","1":"post","2":"type-post","3":"status-publish","4":"format-standard","5":"has-post-thumbnail","7":"category-headlines","8":"tag-breaking-news","9":"tag-breakingnews","10":"tag-eire","11":"tag-featured-news","12":"tag-featurednews","13":"tag-headlines","14":"tag-ie","15":"tag-ireland","16":"tag-john-burns","17":"tag-latest-news","18":"tag-latestnews","19":"tag-main-news","20":"tag-mainnews","21":"tag-news","22":"tag-patrick-odonovan","23":"tag-rte","24":"tag-senan-molony","25":"tag-tg4","26":"tag-top-stories","27":"tag-topstories"},"share_on_mastodon":{"url":"https:\/\/pubeurope.com\/@ie\/115648915701193536","error":""},"_links":{"self":[{"href":"https:\/\/www.europesays.com\/ie\/wp-json\/wp\/v2\/posts\/211012","targetHints":{"allow":["GET"]}}],"collection":[{"href":"https:\/\/www.europesays.com\/ie\/wp-json\/wp\/v2\/posts"}],"about":[{"href":"https:\/\/www.europesays.com\/ie\/wp-json\/wp\/v2\/types\/post"}],"author":[{"embeddable":true,"href":"https:\/\/www.europesays.com\/ie\/wp-json\/wp\/v2\/users\/2"}],"replies":[{"embeddable":true,"href":"https:\/\/www.europesays.com\/ie\/wp-json\/wp\/v2\/comments?post=211012"}],"version-history":[{"count":0,"href":"https:\/\/www.europesays.com\/ie\/wp-json\/wp\/v2\/posts\/211012\/revisions"}],"wp:featuredmedia":[{"embeddable":true,"href":"https:\/\/www.europesays.com\/ie\/wp-json\/wp\/v2\/media\/211013"}],"wp:attachment":[{"href":"https:\/\/www.europesays.com\/ie\/wp-json\/wp\/v2\/media?parent=211012"}],"wp:term":[{"taxonomy":"category","embeddable":true,"href":"https:\/\/www.europesays.com\/ie\/wp-json\/wp\/v2\/categories?post=211012"},{"taxonomy":"post_tag","embeddable":true,"href":"https:\/\/www.europesays.com\/ie\/wp-json\/wp\/v2\/tags?post=211012"}],"curies":[{"name":"wp","href":"https:\/\/api.w.org\/{rel}","templated":true}]}}