{"id":211352,"date":"2025-12-02T12:44:08","date_gmt":"2025-12-02T12:44:08","guid":{"rendered":"https:\/\/www.europesays.com\/ie\/211352\/"},"modified":"2025-12-02T12:44:08","modified_gmt":"2025-12-02T12:44:08","slug":"buckley-and-teahan-move-to-dundalk","status":"publish","type":"post","link":"https:\/\/www.europesays.com\/ie\/211352\/","title":{"rendered":"Buckley and Teahan move to Dundalk"},"content":{"rendered":"<p>Experienced midfielder Keith Buckley has signed for Dundalk after departing Bohemians, while Kerry FC&#8217;s Ronan Teehan has also moved to Oriel Park.<\/p>\n<p>The newly-promoted Lilywhites have been seeking to add Premier Division nous to their squad, with veteran Buckley the first top-flight player to sign up.<\/p>\n<p>Buckley said he can&#8217;t wait to get started.<\/p>\n<p>The 34-year-old stated: &#8220;I can\u2019t wait now to get started in a week or two. It\u2019s a fresh start and a new challenge for me. I\u2019m looking forward to it and really excited to get going.&#8221;<\/p>\n<p>Speaking about his exit from Dalymount, having made 379 appearances for the Gypsies in all competitions, he added: &#8220;Football is a game of opinions. I have to respect that. Managers have their own opinions, I have mine, that&#8217;s football. You can&#8217;t always be a favourite to every manager that comes in the door and that is the way it goes.<\/p>\n<p>&#8220;It will be a different challenge here. It&#8217;s a young squad so there&#8217;ll be a lot of learning for them. It&#8217;s a big step up but we&#8217;ll be ready.<\/p>\n<p>&#8220;I&#8217;m buzzing. I&#8217;ve been out a year or so really, not injury-wise but game time. I&#8217;m itching to get going and getting on the pitch to be competing.&#8221;<\/p>\n<p>Teehan, 21, came through the Kerry academy to become an established player under Colin Healy.<\/p>\n<p>He impressed manager Ciaran Kilduff during the 2025 season to earn a move to Louth.<\/p>\n<p>&#8220;It didn&#8217;t take much convincing.&#8221; said Teahan. &#8220;It\u2019s a huge club here, and there\u2019s a really good squad. It was really easy for me to make up my mind.&#8221;<\/p>\n<p>Defender Harvey Warren has already also joined from Bray Wanderers.<\/p>\n<p><b>Watch the draw for the FIFA World Cup 2026 on Friday from 5pm on RT\u00c92 and RT\u00c9 Player. Follow a live blog on the RT\u00c9 News App and on rte.ie\/sport<\/b><\/p>\n","protected":false},"excerpt":{"rendered":"Experienced midfielder Keith Buckley has signed for Dundalk after departing Bohemians, while Kerry FC&#8217;s Ronan Teehan has also&hellip;\n","protected":false},"author":2,"featured_media":211353,"comment_status":"","ping_status":"","sticky":false,"template":"","format":"standard","meta":{"footnotes":""},"categories":[76],"tags":[18,19,17,132],"class_list":{"0":"post-211352","1":"post","2":"type-post","3":"status-publish","4":"format-standard","5":"has-post-thumbnail","7":"category-sports","8":"tag-eire","9":"tag-ie","10":"tag-ireland","11":"tag-sports"},"share_on_mastodon":{"url":"https:\/\/pubeurope.com\/@ie\/115650039979850677","error":""},"_links":{"self":[{"href":"https:\/\/www.europesays.com\/ie\/wp-json\/wp\/v2\/posts\/211352","targetHints":{"allow":["GET"]}}],"collection":[{"href":"https:\/\/www.europesays.com\/ie\/wp-json\/wp\/v2\/posts"}],"about":[{"href":"https:\/\/www.europesays.com\/ie\/wp-json\/wp\/v2\/types\/post"}],"author":[{"embeddable":true,"href":"https:\/\/www.europesays.com\/ie\/wp-json\/wp\/v2\/users\/2"}],"replies":[{"embeddable":true,"href":"https:\/\/www.europesays.com\/ie\/wp-json\/wp\/v2\/comments?post=211352"}],"version-history":[{"count":0,"href":"https:\/\/www.europesays.com\/ie\/wp-json\/wp\/v2\/posts\/211352\/revisions"}],"wp:featuredmedia":[{"embeddable":true,"href":"https:\/\/www.europesays.com\/ie\/wp-json\/wp\/v2\/media\/211353"}],"wp:attachment":[{"href":"https:\/\/www.europesays.com\/ie\/wp-json\/wp\/v2\/media?parent=211352"}],"wp:term":[{"taxonomy":"category","embeddable":true,"href":"https:\/\/www.europesays.com\/ie\/wp-json\/wp\/v2\/categories?post=211352"},{"taxonomy":"post_tag","embeddable":true,"href":"https:\/\/www.europesays.com\/ie\/wp-json\/wp\/v2\/tags?post=211352"}],"curies":[{"name":"wp","href":"https:\/\/api.w.org\/{rel}","templated":true}]}}