{"id":211844,"date":"2025-12-02T19:08:17","date_gmt":"2025-12-02T19:08:17","guid":{"rendered":"https:\/\/www.europesays.com\/ie\/211844\/"},"modified":"2025-12-02T19:08:17","modified_gmt":"2025-12-02T19:08:17","slug":"storyland-returns-with-four-new-dramas-this-december","status":"publish","type":"post","link":"https:\/\/www.europesays.com\/ie\/211844\/","title":{"rendered":"Storyland returns with four new dramas this December"},"content":{"rendered":"<p>RT\u00c9 and F\u00eds \u00c9ireann\/Screen Ireland have announced details of four new Storyland dramas premiering this December on RT\u00c92 and RT\u00c9 Player, including the first Irish language Storyland.<\/p>\n<p>Since its inception in 2009, Storyland has acted as a launchpad for Irish writing, directing, producing, and acting talent throughout Ireland to develop and further their careers.<\/p>\n<p><b>The Ick<\/b><\/p>\n<p><img decoding=\"async\" alt=\"Sofie Vavasseur in the Storyland drama The Ick\" src=\"https:\/\/www.europesays.com\/ie\/wp-content\/uploads\/2025\/12\/00239101-614.jpg\"\/><\/p>\n<p>First up is The Ick, airing Monday, 8 December on RT\u00c92 and RT\u00c9 Player at 9:30pm. When an image-obsessed dater contracts a mysterious condition that causes her to embody the worst traits of her romantic rejections, she&#8217;s forced to confront her own superficiality before the &#8220;ick&#8221; consumes her, or someone else. Starring Sophie Vavasseur, Hannah Mamalis and Jack Hickey. Produced by Aaron Chalke and written and directed by Jason Branagan for Playbook Media.<\/p>\n<p><b>D\u00fairt Bean Liom<\/b><\/p>\n<p><img decoding=\"async\" alt=\"A still image from the Storyland drama D\u00fairt Bean Liom\" src=\"https:\/\/www.europesays.com\/ie\/wp-content\/uploads\/2025\/12\/00239105-614.jpg\"\/><\/p>\n<p>Next is D\u00fairt Bean Liom, airing Thursday, 11 December on RT\u00c92 and RT\u00c9 Player. In a quiet Gaeltacht town, a Kurdish family&#8217;s attempt to seek justice following an altercation with local teens sets off a chain reaction based on fear and misunderstanding. A misread encounter becomes twisted through word of mouth into something more sinister and as rumours spread like wildfire, a town is gripped by panic, culminating in a volatile showdown. Starring Danny Mac Eachmharcaigh, Seroosh Max Salimi, Zak Moradi, Tim Creed, Megan Armitage and Gina Goda. Produced by Lia Campbell and directed and co-written by Daniel Butler, co-written by Matthew Roache for Escape Pod Media.<\/p>\n<p><b>Grace<\/b><\/p>\n<p><img decoding=\"async\" alt=\"A still from the Storyland drama Grace starring Fiadhnait Canning and Luca Malocco Mulville\" src=\"https:\/\/www.europesays.com\/ie\/wp-content\/uploads\/2025\/12\/00239109-614.jpg\"\/><\/p>\n<p>The coming-of-age drama Grace will premiere on RT\u00c92 and RT\u00c9 Player on Monday, 15 December. Grace, a young woman with Down Syndrome, and her boyfriend&#8217;s love story is upended as others make decisions on her behalf, forcing her to fight for her independence, her relationship and her right to be heard. Filmed entirely from Grace&#8217;s perspective, conversations about her life are overheard through door cracks, over banisters, or from the next room, immersing the audience in her world. Starring Fiadhnait Canning, Luca Malocco Mulville, Carrie Crowley, Jeanne Nicole N\u00ed \u00c1inle, Deirdre Morley, Ally N\u00ed Chiar\u00e1in and others. Produced by Nuala Carr, Executive Producer is Zlata Filipovic and written and directed by Anna Rodgers for Invisible Thread.<\/p>\n<p><b>Collision<\/b><\/p>\n<p><img decoding=\"async\" alt=\"A still from the Storyland drama Collision starring Cillian Cuan Hosty Blaney\" src=\"https:\/\/www.europesays.com\/ie\/wp-content\/uploads\/2025\/12\/0023910b-614.jpg\"\/><\/p>\n<p>Finally, Collision will air on Thursday, 18 December on RT\u00c92 and RT\u00c9 Player. Two schoolmates go on the run after causing a deadly car crash. As justice edges closer, the boys confront their feelings. The project was filmed on location in Westport, Co. Mayo. Starring C\u00fa\u00e1n Hosty Blaney and Cameron Brady. Written and directed by Michael Carolan and produced by Emer Durcan and cinematographer Brian Durcan for Western Front Studios.<\/p>\n<p>David Crean, Head of Drama, RT\u00c9 said: &#8220;It&#8217;s always so exciting to introduce a new series of Storyland dramas to audiences on RT\u00c92 and RT\u00c9 Player. The joy of Storyland is being able to champion fresh Irish storytelling and bring new voices with original stories to television.<\/p>\n<p>&#8220;This year, with four brand-new dramas, including our first-ever Irish language Storyland, we\u2019re thrilled to showcase emerging talent that reflects a modern, diverse Ireland. We\u2019re delighted to continue our work with our partners in F\u00eds \u00c9ireann\/Screen Ireland.<\/p>\n<p>&#8220;Together, we are ensuring a strong pipeline for talent and new entrants into the drama sector, strengthening a creative industry that continues to punch far above its weight at home and on the international stage.&#8221;<\/p>\n<p>Kate McColgan Head of Television F\u00eds \u00c9ireann\/Screen Ireland said: &#8220;Once again, we are amazed with the quality of the work produced for the Storyland initiative. These four films represent the best of new film making in Ireland today and we are incredibly proud of the talent both in front and behind the camera.<\/p>\n<p>&#8220;As always F\u00eds \u00c9ireann\/Screen Ireland is delighted to once again work closely with our colleagues in RT\u00c9 on this wonderful opportunity to support some of Ireland&#8217;s new film makers.&#8221;<\/p>\n<p><b><a href=\"https:\/\/www.rte.ie\/entertainment\/television\/\" target=\"_blank\" rel=\"nofollow noopener\">For more television news click here<\/a><\/b><\/p>\n","protected":false},"excerpt":{"rendered":"RT\u00c9 and F\u00eds \u00c9ireann\/Screen Ireland have announced details of four new Storyland dramas premiering this December on RT\u00c92&hellip;\n","protected":false},"author":2,"featured_media":211845,"comment_status":"","ping_status":"","sticky":false,"template":"","format":"standard","meta":{"footnotes":""},"categories":[265],"tags":[18,117,19,17,128],"class_list":{"0":"post-211844","1":"post","2":"type-post","3":"status-publish","4":"format-standard","5":"has-post-thumbnail","7":"category-tv","8":"tag-eire","9":"tag-entertainment","10":"tag-ie","11":"tag-ireland","12":"tag-tv"},"share_on_mastodon":{"url":"https:\/\/pubeurope.com\/@ie\/115651550422906930","error":""},"_links":{"self":[{"href":"https:\/\/www.europesays.com\/ie\/wp-json\/wp\/v2\/posts\/211844","targetHints":{"allow":["GET"]}}],"collection":[{"href":"https:\/\/www.europesays.com\/ie\/wp-json\/wp\/v2\/posts"}],"about":[{"href":"https:\/\/www.europesays.com\/ie\/wp-json\/wp\/v2\/types\/post"}],"author":[{"embeddable":true,"href":"https:\/\/www.europesays.com\/ie\/wp-json\/wp\/v2\/users\/2"}],"replies":[{"embeddable":true,"href":"https:\/\/www.europesays.com\/ie\/wp-json\/wp\/v2\/comments?post=211844"}],"version-history":[{"count":0,"href":"https:\/\/www.europesays.com\/ie\/wp-json\/wp\/v2\/posts\/211844\/revisions"}],"wp:featuredmedia":[{"embeddable":true,"href":"https:\/\/www.europesays.com\/ie\/wp-json\/wp\/v2\/media\/211845"}],"wp:attachment":[{"href":"https:\/\/www.europesays.com\/ie\/wp-json\/wp\/v2\/media?parent=211844"}],"wp:term":[{"taxonomy":"category","embeddable":true,"href":"https:\/\/www.europesays.com\/ie\/wp-json\/wp\/v2\/categories?post=211844"},{"taxonomy":"post_tag","embeddable":true,"href":"https:\/\/www.europesays.com\/ie\/wp-json\/wp\/v2\/tags?post=211844"}],"curies":[{"name":"wp","href":"https:\/\/api.w.org\/{rel}","templated":true}]}}