{"id":212921,"date":"2025-12-03T09:27:08","date_gmt":"2025-12-03T09:27:08","guid":{"rendered":"https:\/\/www.europesays.com\/ie\/212921\/"},"modified":"2025-12-03T09:27:08","modified_gmt":"2025-12-03T09:27:08","slug":"red-carpet-treatment-as-packed-dail-chamber-gathers-to-hear-zelenskiy-the-irish-times","status":"publish","type":"post","link":"https:\/\/www.europesays.com\/ie\/212921\/","title":{"rendered":"Red-carpet treatment as packed D\u00e1il chamber gathers to hear Zelenskiy \u2013 The Irish Times"},"content":{"rendered":"<p class=\"c-paragraph paywall \">This time, they didn\u2019t hang out their brightest colours. <\/p>\n<p class=\"c-paragraph paywall \">The time for tears has passed too. <\/p>\n<p class=\"c-paragraph paywall \">And while there was no mistaking the deep sense of solidarity and welcome in the heartfelt applause for <a href=\"https:\/\/www.irishtimes.com\/tags\/volodymyr-zelenskiy\/\" target=\"_blank\" rel=\"noreferrer nofollow noopener\" title=\"https:\/\/www.irishtimes.com\/tags\/volodymyr-zelenskiy\/\">Volodymyr Zelenskiy<\/a> on Tuesday, the Ukrainian president\u2019s second address to the joint Houses of the <a href=\"https:\/\/www.irishtimes.com\/tags\/oireachtas\" target=\"_blank\" rel=\"noreferrer nofollow noopener\" title=\"https:\/\/www.irishtimes.com\/tags\/oireachtas\">Oireachtas<\/a> felt so much different from the first.<\/p>\n<p class=\"c-paragraph paywall \">His message was more or the less the same, barely tempered by the three-and-a-half year interval since he last spoke directly to the <a href=\"https:\/\/www.irishtimes.com\/tags\/dail-eireann\" target=\"_blank\" rel=\"noreferrer nofollow noopener\" title=\"https:\/\/www.irishtimes.com\/tags\/dail-eireann\">D\u00e1il<\/a> and <a href=\"https:\/\/www.irishtimes.com\/tags\/seanad-eireann\" target=\"_blank\" rel=\"noreferrer nofollow noopener\" title=\"https:\/\/www.irishtimes.com\/tags\/seanad-eireann\">Seanad<\/a> via a crackly video-link from Kyiv.<\/p>\n<p class=\"c-paragraph paywall \">Back then, people were still in shock over <a href=\"https:\/\/www.irishtimes.com\/tags\/russia\" target=\"_blank\" rel=\"noreferrer nofollow noopener\" title=\"https:\/\/www.irishtimes.com\/tags\/russia\">Russia<\/a>\u2019s invasion of Ukraine. <\/p>\n<p class=\"c-paragraph paywall \">Scenes of the fighting, and families fleeing the fighting, filled our television screens night after night.<\/p>\n<p><img decoding=\"async\" data-chromatic=\"ignore\" alt=\"Members of the Oireachtas applaud Zelenskiy in the D&#xE1;il on Tuesday. Photograph: Tony Maxwell\/Pool\/AFP via Getty\" class=\"c-image\" loading=\"lazy\" src=\"https:\/\/www.europesays.com\/ie\/wp-content\/uploads\/2025\/12\/N7H55LXVVAVLI7DMJNWR6AIJYM.jpg\"   width=\"800\" height=\"533\"\/>Members of the Oireachtas applaud Zelenskiy in the D\u00e1il on Tuesday. Photograph: Tony Maxwell\/Pool\/AFP via Getty <\/p>\n<p class=\"c-paragraph paywall \">It was frightening. War had broken out in Europe and we could scarcely believe it.<\/p>\n<p class=\"c-paragraph paywall \">And then this man Volodymyr Zelenskiy emerged: an unlikely (as is often the way) wartime leader who stepped up for his country against the imperial might of Russia with courage, dignity and determination. <\/p>\n<p class=\"c-paragraph paywall \">Just six weeks into the war, TDs and Senators gathered in Leinster House to hear Zelenskiy speak. <\/p>\n<p class=\"c-paragraph paywall \">The chamber was packed. People wore blue and yellow to signify their support for the people of Ukraine and their president. Members of the diplomatic corps filled the public gallery along with members of the Ukrainian community in Ireland. <\/p>\n<p class=\"c-paragraph paywall \">It was an emotional gathering. <\/p>\n<p class=\"c-paragraph paywall \">There was energy in the air \u2013 a mixture of empathy, anger, solidarity and sorrow. The sight of Zelenskiy, in his trademark military fatigues, crystallised those feelings. <\/p>\n<p class=\"c-paragraph paywall \">When he spoke, he told them straight about the atrocities being committed in his county and appealed for help. He finished to huge applause and a standing ovation. <\/p>\n<p class=\"c-paragraph paywall \">Was there hope? Perhaps. The plight of Ukraine was on everyone\u2019s lips. It was early days. <\/p>\n<p class=\"c-paragraph paywall \">That was in April of 2022.<\/p>\n<p class=\"c-paragraph b-it-article-body__interstitial-link\">[\u00a0<a aria-label=\"Open related story\" class=\"c-link\" href=\"https:\/\/www.irishtimes.com\/politics\/2025\/12\/02\/zelenskiy-appeals-for-support-from-community-of-nations-during-irish-visit\/\" rel=\"noreferrer nofollow noopener\" target=\"_blank\">Zelenskiy appeals for support from \u2018community of nations\u2019 during Irish visitOpens in new window<\/a>\u00a0]<\/p>\n<p class=\"c-paragraph paywall \">It\u2019s November 2025 and Zelenskiy still desperately needs outside all the support he can get from Europe. <\/p>\n<p class=\"c-paragraph paywall \">A video link isn\u2019t enough any more. He addressed the D\u00e1il in person this time. <\/p>\n<p class=\"c-paragraph paywall \">Such is the security around the president, the Irish authorities would only refer to \u201ca high-level visit\u201d when giving the media advance notice of this major story. His name was not officially revealed until the day of his arrival. <\/p>\n<p class=\"c-paragraph paywall \">After paying a courtesy visit to President Catherine Connolly in a festively twinkling \u00c1ras an Uachtar\u00e1in,  Zelenskiy moved to Government Buildings for a meeting with Taoiseach Miche\u00e1l Martin.<\/p>\n<p class=\"c-paragraph paywall \">He got the red carpet treatment. The Army Band played and the Honour Guard was drawn from Finner Camp in Donegal. <\/p>\n<p class=\"c-paragraph paywall \">Miche\u00e1l waited in the biting cold on the entrance steps as his guest\u2019s motorcade swept in. It included a hulking garda armoured vehicle among a long line of Volvo SUVs. Zelenskiy arrived in a BMW. He was dressed entirely in black. <\/p>\n<p><img decoding=\"async\" data-chromatic=\"ignore\" alt=\"02\/12\/2025 - NEWS - A new Garda Tactical Vehicle part of a convoy protecting Ukrainian president Volodymyr Zelensky during a courtesy call to President Catherine Connolly, accompanied by Ukraine&#x2019;s first lady Olena Zelenska, at &#xC1;ras an Uachtar&#xE1;in before travelling to Government Buildings for a bilateral meeting with Taoiseach Miche&#xE1;l Martin.&#13;Photograph: Alan Betson \/ The Irish Times&#13;&#13;\" class=\"c-image\" loading=\"lazy\" src=\"https:\/\/www.europesays.com\/ie\/wp-content\/uploads\/2025\/12\/5IDYVT7ZJZF4HNYVCATMJ6UN3I.JPG\"   width=\"800\" height=\"533\"\/>02\/12\/2025 &#8211; NEWS &#8211; A new Garda Tactical Vehicle part of a convoy protecting Ukrainian president Volodymyr Zelensky during a courtesy call to President Catherine Connolly, accompanied by Ukraine\u2019s first lady Olena Zelenska, at \u00c1ras an Uachtar\u00e1in before travelling to Government Buildings for a bilateral meeting with Taoiseach Miche\u00e1l Martin.&#13;Photograph: Alan Betson \/ The Irish Times&#13;&#13; <\/p>\n<p class=\"c-paragraph paywall \">His protection officers also stood out, burly men also in black, eyeing the scene, two of them carrying large leather briefcases. <\/p>\n<p class=\"c-paragraph paywall \">After their brief press conference, the two men and their teams enjoyed a working lunch. <\/p>\n<p class=\"c-paragraph paywall \">The starter was a choice of Serrano ham, watermelon, whipped goats cheese, savoury oat and hazelnut granola or Howth Harbour seafood chowder with Guinness soda bread. <\/p>\n<p class=\"c-paragraph paywall \">Main course was either a 12-hour braised beef feather blade with organic extra virgin olive oil mash, glazed king oyster and charred spring onion or pan seared hake with baby potatoes, wilted lemon greens and shichimi beurre blanc.<\/p>\n<p class=\"c-paragraph paywall \">The dessert offering was a dark chocolate brownie with popcorn infused Chantilly, caramelised buttered popcorn and vanilla cream or a passion fruit posset with mango gel, roasted coconut and hazelnut sable. <\/p>\n<blockquote cite=\"\" class=\"c-stack b-it-article-body__pullquote\" data-style-direction=\"vertical\" data-style-justification=\"start\" data-style-alignment=\"unset\" data-style-inline=\"false\" data-style-wrap=\"nowrap\">\n<p class=\"c-paragraph\">The politicians responded warmly to Zelenskiy, but with less energy than before<\/p>\n<\/blockquote>\n<p class=\"c-paragraph paywall \">Once they were fed and watered, the action switched to Leinster House.<\/p>\n<p class=\"c-paragraph paywall \">Ceann Comhairle Verona Murphy greeted Zelenskiy and his wife Olena at the Leinster Lawn entrance. Once inside, she took them through a receiving line made up of the party leaders and various Oireachtas group leaders.<\/p>\n<p class=\"c-paragraph paywall \">Back in the chamber, TDs and Senators watched the action on two big screens. They watched their fellow politicians with great interest, rather in the way babies are always fascinated by other babies. <\/p>\n<p class=\"c-paragraph paywall \">For this occasion, Senators were scattered among TDs in the chamber. This was very confusing as it was hard to work out who some of them were. <\/p>\n<p class=\"c-paragraph paywall \">Up in the far corner, Danny Healy-Rae was reading a newspaper before he appeared to nod off. <\/p>\n<p class=\"c-paragraph paywall \">Vases of yellow and blue flowers were placed at intervals along the ceremonial staircase to the chamber as the Ceann Comhairle \u2013 wearing her new robe \u2013 led her honoured guest to the double doors. <\/p>\n<p class=\"c-paragraph paywall \">Inside, the Taoiseach\u2019s wife Mary was seated beside Olena Zelenskiy, Ukraine\u2019s first lady. When she arrived with her entourage, the chamber gave them a standing ovation. (Except for Paul Murphy and Richard Boyd Barrett, although the two People Before Profit TDs stood for her husband when he arrived but they didn\u2019t applaud.)<\/p>\n<p class=\"c-paragraph paywall \">The Taoiseach and T\u00e1naiste barrelled in together \u2013 the pair of them nearly got wedged in the narrow opening in the rail leading to the steps down. The Attorney General Rossa Fanning sat inside the chamber but in the curved corridor above the benches. <\/p>\n<p class=\"c-paragraph paywall \">And Michael Lowry, who got so annoyed earlier this year when Paul Murphy was filming his independent group during the ructions over D\u00e1il rights, was on his feet with his phone aloft, enthusiastically videoing the occasion.<\/p>\n<p><img decoding=\"async\" data-chromatic=\"ignore\" alt=\"Zelenskiy and Martin at Government Buildings on Tuesday. Photograph: Alan Betson\" class=\"c-image\" loading=\"lazy\" src=\"https:\/\/www.europesays.com\/ie\/wp-content\/uploads\/2025\/12\/MGN3KR6G4REIJAE6KVSJYPSLC4.JPG\"   width=\"800\" height=\"526\"\/>Zelenskiy and Martin at Government Buildings on Tuesday. Photograph: Alan Betson <\/p>\n<p class=\"c-paragraph paywall \">Fine Gael backbencher, Maeve O\u2019Connoll wore a blue dress with a yellow shawl draped over one shoulder while Labour Leader, Ivana Bacik, also combined the two colours. <\/p>\n<p class=\"c-paragraph paywall \">But it was nothing like 2022 when the place was awash with the blue and yellow.<\/p>\n<p class=\"c-paragraph paywall \">The Ceann Comhairle introduced Zelenskiy and his wife. Mark Daly, the Cathaoirleach of the Seanad would do the honours at the other end of the proceedings. <\/p>\n<p class=\"c-paragraph paywall \">The visitor arrived to a huge ovation, TDs and senators stretching out to shake his hand as he passed.<\/p>\n<p class=\"c-paragraph paywall \">And yet, the atmosphere was not the same as before. Three and a half years of grim reality saw to that. <\/p>\n<p class=\"c-paragraph paywall \">But Volodymyr had a job to do. The same as before: Stand by us, stick with us, don\u2019t lose the faith and don\u2019t let Russia away with its crimes. <\/p>\n<p class=\"c-paragraph paywall \">Remember that Ukraine and Ireland have similar histories when it comes to oppressors, he said. Remember our shared values. <\/p>\n<p class=\"c-paragraph paywall \">He looked tired \u2013 more tired than he did last time, and he looked exhausted then.<\/p>\n<p class=\"c-paragraph b-it-article-body__interstitial-link\">[\u00a0<a aria-label=\"Open related story\" class=\"c-link\" href=\"https:\/\/www.irishtimes.com\/politics\/oireachtas\/2025\/12\/02\/zelenskiy-tells-oireachtas-it-cannot-be-business-as-usual-not-appeasement-of-killers\/\" rel=\"noreferrer nofollow noopener\" target=\"_blank\">Zelenskiy tells Oireachtas it cannot be \u2018business as usual, not appeasement of killers\u2019Opens in new window<\/a>\u00a0]<\/p>\n<p class=\"c-paragraph paywall \">There was a smattering of applause during his address, delivered in those familiar, gravelly tones. <\/p>\n<p class=\"c-paragraph paywall \">He must be so weary of having to travel the world, saying thank you all the time and pleading for the solidarity and support to continue. Urging people not to lose heart, or interest. <\/p>\n<p class=\"c-paragraph paywall \">\u201cThank you for providing home and protection to our people when they needed it most once the war broke out back home, while in some societies, the fatigue from news about the war is growing\u201d he said. <\/p>\n<p class=\"c-paragraph paywall \">Earlier, the Taoiseach said Ireland will continue to support the people of Ukraine for \u201cas long as it takes\u201d. <\/p>\n<p class=\"c-paragraph paywall \">Peace will come to Ukraine, he said. \u201cI profoundly hope that day will be soon\u201d<\/p>\n<p class=\"c-paragraph paywall \">Zelenskiy stressed it must be a just peace. \u201cA just peace.\u201d One where Russia, the aggressor, will be held to account.<\/p>\n<p class=\"c-paragraph paywall \">\u201cWe need real peace. Help us achieve it and never lose your faith in Ukraine.\u201d<\/p>\n<p class=\"c-paragraph paywall \">The politicians responded warmly, but with less energy than before. <\/p>\n<p class=\"c-paragraph paywall \">The mood, if not the desire to help, somewhat dispirited at this stage. <\/p>\n<p class=\"c-paragraph paywall \">But Volodymyr Zelenskiy will persevere. <\/p>\n<p class=\"c-paragraph paywall \">\u201cThank you. Thank you, Ireland.\u201d<\/p>\n<p class=\"c-paragraph paywall \">And he was gone. In the air within a couple of hours, continuing the fight. <\/p>\n","protected":false},"excerpt":{"rendered":"This time, they didn\u2019t hang out their brightest colours. The time for tears has passed too. And while&hellip;\n","protected":false},"author":2,"featured_media":212922,"comment_status":"","ping_status":"","sticky":false,"template":"","format":"standard","meta":{"footnotes":""},"categories":[40],"tags":[9,10,4767,18,13,14,6,19,17,11,12,15,16,5765,55915,5,4766,550,44,7,8,2264,2267],"class_list":{"0":"post-212921","1":"post","2":"type-post","3":"status-publish","4":"format-standard","5":"has-post-thumbnail","7":"category-ireland","8":"tag-breaking-news","9":"tag-breakingnews","10":"tag-dail-eireann","11":"tag-eire","12":"tag-featured-news","13":"tag-featurednews","14":"tag-headlines","15":"tag-ie","16":"tag-ireland","17":"tag-latest-news","18":"tag-latestnews","19":"tag-main-news","20":"tag-mainnews","21":"tag-micheal-martin","22":"tag-miriam-lord","23":"tag-news","24":"tag-oireachtas","25":"tag-russia","26":"tag-simon-harris","27":"tag-top-stories","28":"tag-topstories","29":"tag-ukraine-crisis","30":"tag-volodymyr-zelenskiy"},"share_on_mastodon":{"url":"https:\/\/pubeurope.com\/@ie\/115654928188331550","error":""},"_links":{"self":[{"href":"https:\/\/www.europesays.com\/ie\/wp-json\/wp\/v2\/posts\/212921","targetHints":{"allow":["GET"]}}],"collection":[{"href":"https:\/\/www.europesays.com\/ie\/wp-json\/wp\/v2\/posts"}],"about":[{"href":"https:\/\/www.europesays.com\/ie\/wp-json\/wp\/v2\/types\/post"}],"author":[{"embeddable":true,"href":"https:\/\/www.europesays.com\/ie\/wp-json\/wp\/v2\/users\/2"}],"replies":[{"embeddable":true,"href":"https:\/\/www.europesays.com\/ie\/wp-json\/wp\/v2\/comments?post=212921"}],"version-history":[{"count":0,"href":"https:\/\/www.europesays.com\/ie\/wp-json\/wp\/v2\/posts\/212921\/revisions"}],"wp:featuredmedia":[{"embeddable":true,"href":"https:\/\/www.europesays.com\/ie\/wp-json\/wp\/v2\/media\/212922"}],"wp:attachment":[{"href":"https:\/\/www.europesays.com\/ie\/wp-json\/wp\/v2\/media?parent=212921"}],"wp:term":[{"taxonomy":"category","embeddable":true,"href":"https:\/\/www.europesays.com\/ie\/wp-json\/wp\/v2\/categories?post=212921"},{"taxonomy":"post_tag","embeddable":true,"href":"https:\/\/www.europesays.com\/ie\/wp-json\/wp\/v2\/tags?post=212921"}],"curies":[{"name":"wp","href":"https:\/\/api.w.org\/{rel}","templated":true}]}}