{"id":213358,"date":"2025-12-03T15:04:18","date_gmt":"2025-12-03T15:04:18","guid":{"rendered":"https:\/\/www.europesays.com\/ie\/213358\/"},"modified":"2025-12-03T15:04:18","modified_gmt":"2025-12-03T15:04:18","slug":"the-top-10-home-interiors-of-2025","status":"publish","type":"post","link":"https:\/\/www.europesays.com\/ie\/213358\/","title":{"rendered":"The top 10 home interiors of 2025"},"content":{"rendered":"<p>For our <a href=\"https:\/\/www.dezeen.com\/tag\/2025-review\/\" rel=\"nofollow noopener\" target=\"_blank\">2025 review,<\/a> we explore the best <a href=\"https:\/\/www.dezeen.com\/tag\/residential\/\" rel=\"nofollow noopener\" target=\"_blank\">residential interiors<\/a> on Dezeen this year, ranging from an all-timber London flat to a Singapore apartment that drew inspiration from the city&#8217;s parks.<\/p>\n<p>Among the common themes this year were a focus on craftsmanship, with designers also turning to calming hues and <a href=\"https:\/\/www.dezeen.com\/interiors\/\" rel=\"nofollow noopener\" target=\"_blank\">interiors<\/a> that reference nature.<\/p>\n<p>Organic materials and sculptural furniture were used in many of these 10 projects, which represent the top home interiors published on Dezeen this year.<\/p>\n<p>With locations spread across the globe, they provide an interesting snapshot of what was hot in interiors in 2025 \u2013 and what to carry through into 2026.<\/p>\n<p>Read on for Dezeen&#8217;s top 10 home interiors of 2025:<\/p>\n<p><a href=\"https:\/\/www.dezeen.com\/2025\/01\/23\/child-studio-belgravia-townhouse-modernist-villas\/\" rel=\"nofollow noopener\" target=\"_blank\"><img loading=\"lazy\" decoding=\"async\" class=\"wp-image-2163351 size-full\" src=\"https:\/\/www.europesays.com\/ie\/wp-content\/uploads\/2025\/12\/child-studio-belgravia-townhouse_dezeen_2364_col_sq5-852x852.jpg\" alt=\"Wooden shelving and cream plaster walls\" width=\"2364\" height=\"2364\"  \/><\/a>Photo is by Helen Cathcart<\/p>\n<p><a href=\"https:\/\/www.dezeen.com\/2025\/01\/23\/child-studio-belgravia-townhouse-modernist-villas\/\" rel=\"nofollow noopener\" target=\"_blank\"><strong>Belgravia townhouse, UK, by Child Studio<\/strong><\/a><\/p>\n<p>This townhouse in London&#8217;s upmarket Belgravia neighbourhood was designed by local firm <a href=\"https:\/\/www.dezeen.com\/tag\/child-studio\/\" rel=\"nofollow noopener\" target=\"_blank\">Child Studio<\/a>, which drew on the designs of modernist European villas for its interior.<\/p>\n<p>Stand-out details include a mezzanine floor connecting the living room with an outdoor roof terrace via a cast-iron <a href=\"https:\/\/www.dezeen.com\/tag\/spiral-staircases\/\" rel=\"nofollow noopener\" target=\"_blank\">spiral staircase<\/a>, as well as five-metre-tall mahogany wooden shelves.<\/p>\n<p>The colour palette was kept neutral, with elegant dark wood contrasting against pale plaster and light beige and grey hues.<\/p>\n<p><a href=\"https:\/\/www.dezeen.com\/2025\/01\/23\/child-studio-belgravia-townhouse-modernist-villas\/\" rel=\"nofollow noopener\" target=\"_blank\">Find out more about Belgravia townhouse \u203a<\/a><\/p>\n<p><a href=\"https:\/\/www.dezeen.com\/2025\/02\/14\/multitude-of-sins-chennai-home-indian-craftsmanship\/\" rel=\"nofollow noopener\" target=\"_blank\"><img loading=\"lazy\" decoding=\"async\" class=\"wp-image-2170938 size-full\" src=\"https:\/\/www.europesays.com\/ie\/wp-content\/uploads\/2025\/12\/pennyroyal-tea-multitude-of-sins-sq2-852x852.jpg\" alt=\"Pennyroyal Tea by Multitude of Sins\" width=\"2364\" height=\"2364\"  \/><\/a>Photo is by Ishita Sitwala<\/p>\n<p><a href=\"https:\/\/www.dezeen.com\/2025\/02\/14\/multitude-of-sins-chennai-home-indian-craftsmanship\/\" rel=\"nofollow noopener\" target=\"_blank\"><strong>Pennyroyal Tea, India, by Multitude of Sins<\/strong><\/a><\/p>\n<p>Located in Chennai, this <a href=\"https:\/\/www.dezeen.com\/tag\/indian-houses\/\" rel=\"nofollow noopener\" target=\"_blank\">Indian house<\/a> was designed by Bengaluru studio <a href=\"https:\/\/www.dezeen.com\/tag\/multitude-of-sins\/\" rel=\"nofollow noopener\" target=\"_blank\">Multitude of Sins<\/a>.<\/p>\n<p>The home &#8220;not only highlights the richness of Indian craftsmanship but also tells a story through the skills and backgrounds of the artisans involved,&#8221; studio founder Smita Thomas told Dezeen.<\/p>\n<p>Inside, the home features a double-height foyer with marble floors and custom-made lighting designs, as well as many other artisanal touches.<\/p>\n<p><a href=\"https:\/\/www.dezeen.com\/2025\/02\/14\/multitude-of-sins-chennai-home-indian-craftsmanship\/\" rel=\"nofollow noopener\" target=\"_blank\">Find out more about Pennyroyal Tea \u203a<\/a><\/p>\n<p><a href=\"https:\/\/www.dezeen.com\/2025\/02\/21\/daddy-cool-sydney-home-renovation-pattern-studio\/\" rel=\"nofollow noopener\" target=\"_blank\"><img loading=\"lazy\" decoding=\"async\" class=\"wp-image-2174720 size-full\" src=\"https:\/\/www.europesays.com\/ie\/wp-content\/uploads\/2025\/12\/daddy-cool-pattern-studio-sq3-852x852.jpg\" alt=\"Daddy Cool by Pattern Studio\" width=\"2364\" height=\"2364\"  \/><\/a>Photo is courtesy of Pattern Studio<\/p>\n<p><a href=\"https:\/\/www.dezeen.com\/2025\/02\/21\/daddy-cool-sydney-home-renovation-pattern-studio\/\" rel=\"nofollow noopener\" target=\"_blank\"><strong>Daddy Cool, Australia, by Pattern Studio<\/strong><\/a><\/p>\n<p>Nicknamed Daddy Cool, this <a href=\"https:\/\/www.dezeen.com\/tag\/sydney\/\" rel=\"nofollow noopener\" target=\"_blank\">Sydney<\/a> home by Pattern Studio lives up to its name and was designed for the client to cohabitate with his two adult children.<\/p>\n<p>The house has an intriguing material palette, which includes oversized stone, cherry burl and butter-soft <a href=\"https:\/\/www.dezeen.com\/tag\/douglas-fir\/\" rel=\"nofollow noopener\" target=\"_blank\">Douglas fir<\/a>.<\/p>\n<p>A veiny stone island in the kitchen is contrasted against stainless-steel kitchen units, while colours were kept warm and muted.<\/p>\n<p><a href=\"https:\/\/www.dezeen.com\/2025\/02\/21\/daddy-cool-sydney-home-renovation-pattern-studio\/\" rel=\"nofollow noopener\" target=\"_blank\">Find out more about Daddy Cool \u203a<\/a><\/p>\n<p><img loading=\"lazy\" decoding=\"async\" class=\"size-full wp-image-2223544\" src=\"https:\/\/www.europesays.com\/ie\/wp-content\/uploads\/2025\/12\/house-renovation-longlist_dezeen_2364_col_5-852x852.jpg\" alt=\"Glass Ridge House by OWIU\" width=\"2364\" height=\"2364\"  \/>Photo by Pablo Veiga<\/p>\n<p><strong><a href=\"https:\/\/www.dezeen.com\/2025\/05\/11\/glass-ridge-house-renovation-owiu-design-los-angeles\/\" rel=\"nofollow noopener\" target=\"_blank\">Glass Ridge House, US, by OWIU<\/a><\/strong><\/p>\n<p>The co-founders of California studio <a href=\"https:\/\/www.dezeen.com\/tag\/owiu\/\" rel=\"nofollow noopener\" target=\"_blank\">OWIU Design<\/a> renovated this house, originally designed by <a href=\"https:\/\/www.dezeen.com\/tag\/sci-arc\/\" rel=\"nofollow noopener\" target=\"_blank\">SCI-Arc<\/a> co-founder Ray Kappe, for themselves to live in.<\/p>\n<p>Their design practice prioritises the connection between architecture and landscape, which can be seen clearly in Glass Ridge House&#8217;s interior.<\/p>\n<p>The home features plenty of water details, including a koi pond at the entrance and a sun room with an indoor stream.<\/p>\n<p><a href=\"https:\/\/www.dezeen.com\/2025\/05\/11\/glass-ridge-house-renovation-owiu-design-los-angeles\/\" rel=\"nofollow noopener\" target=\"_blank\">Find out more about Glass Ridge House \u203a<\/a><\/p>\n<p><img loading=\"lazy\" decoding=\"async\" class=\"alignnone size-full wp-image-2222884\" src=\"https:\/\/www.europesays.com\/ie\/wp-content\/uploads\/2025\/12\/hero-piso-barceloneta-isern-serra_dezeen_2364_col_0-852x852.jpg\" alt=\"Piso Barceloneta by Isern Serra\" width=\"2364\" height=\"2364\"  \/><\/p>\n<p><strong><a href=\"https:\/\/www.dezeen.com\/2025\/07\/08\/isern-serra-piso-barceloneta-apartment\/\" rel=\"nofollow noopener\" target=\"_blank\">Piso Barceloneta, Spain, by Isern Serra<\/a><\/strong><\/p>\n<p>Beautifully sculptural pieces fill this <a href=\"https:\/\/www.dezeen.com\/tag\/barcelona-apartments\/\" rel=\"nofollow noopener\" target=\"_blank\">Barcelona apartment<\/a>, designed by local studio <a href=\"https:\/\/www.dezeen.com\/tag\/isern-serra\/\" rel=\"nofollow noopener\" target=\"_blank\">Isern Serra<\/a> to have a gallery-like atmosphere.<\/p>\n<p>Collectible design furniture, such as the striking metal table in the living room, and the choice to use micro-cement for both floors, walls and ceilings, underline the gallery feel.<\/p>\n<p>&#8220;We wanted to create a sense of continuity \u2013 a material language that flows through the entire space,&#8221; studio founder Isern Serra explained.<\/p>\n<p><a href=\"https:\/\/www.dezeen.com\/2025\/07\/08\/isern-serra-piso-barceloneta-apartment\/\" rel=\"nofollow noopener\" target=\"_blank\">Find out more about Piso Barceloneta \u203a<\/a><\/p>\n<p><a href=\"https:\/\/www.dezeen.com\/2025\/11\/21\/l-architects-double-bullnose-bricks-singapore-flat\/\" rel=\"nofollow noopener\" target=\"_blank\"><img loading=\"lazy\" decoding=\"async\" class=\"wp-image-2275721 size-full\" src=\"https:\/\/www.europesays.com\/ie\/wp-content\/uploads\/2025\/12\/in-a-park-l-architects-apartment-renovation-singapore-interiors_dezeen_2364_col_hero-1-852x852.jpg\" alt=\"Singapore flat\" width=\"2364\" height=\"2364\"  \/><\/a>Photo is by Jovian Lim<\/p>\n<p><strong><a href=\"https:\/\/www.dezeen.com\/2025\/11\/21\/l-architects-double-bullnose-bricks-singapore-flat\/\" rel=\"nofollow noopener\" target=\"_blank\">In a Park, Singapore, by L Architects<\/a><\/strong><\/p>\n<p>The double-bullnose bricks used for outdoor benches, walkway edges and planters in <a href=\"https:\/\/www.dezeen.com\/tag\/singapore\/\" rel=\"nofollow noopener\" target=\"_blank\">Singapore<\/a>\u00a0influenced the design of this flat in the city&#8217;s Hougang neighbourhood.<\/p>\n<p>Created for a couple who wanted to refresh their home to accommodate an expanding collection of plants, In A Park features brick benches and partitioned walls.<\/p>\n<p>The warm, rust-red colour complements the wooden kitchen and forms the perfect background for the apartment&#8217;s many <a href=\"https:\/\/www.dezeen.com\/tag\/plants\/\" rel=\"nofollow noopener\" target=\"_blank\">green plants<\/a>.<\/p>\n<p><a href=\"https:\/\/www.dezeen.com\/2025\/11\/21\/l-architects-double-bullnose-bricks-singapore-flat\/\" rel=\"nofollow noopener\" target=\"_blank\">Find out more about In a Park \u203a<\/a><\/p>\n<p><a href=\"https:\/\/www.dezeen.com\/2025\/03\/22\/pine-island-cottage-ontartio-bureau-tempo-thom-fougere\/\" rel=\"nofollow noopener\" target=\"_blank\"><img loading=\"lazy\" decoding=\"async\" class=\"wp-image-2184493 size-full\" src=\"https:\/\/www.europesays.com\/ie\/wp-content\/uploads\/2025\/12\/pine-island-cottage_bureau-tempo_thom-fougere_dezeen_sq1-852x852.jpg\" alt=\"Pine Island Cottage by Bureau Tempo and Thom Fougere\" width=\"2364\" height=\"2364\"  \/><\/a>Photo is by Alex Lesage<\/p>\n<p><a href=\"https:\/\/www.dezeen.com\/2025\/03\/22\/pine-island-cottage-ontartio-bureau-tempo-thom-fougere\/\" rel=\"nofollow noopener\" target=\"_blank\"><strong>Pine Island Cottage, Canada, by Bureau Tempo and Thom Fougere<\/strong><\/a><\/p>\n<p>Canadian studios Bureau Tempo and Thom Fougere designed Pine Island Cottage as a family <a href=\"https:\/\/www.dezeen.com\/tag\/holiday-homes\/\" rel=\"nofollow noopener\" target=\"_blank\">holiday home<\/a> in Georgian Bay, <a href=\"https:\/\/www.dezeen.com\/tag\/ontario\/\" rel=\"nofollow noopener\" target=\"_blank\">Ontario<\/a>.<\/p>\n<p>The interiors were intended to reflect the rugged yet serene landscape that surrounds the house, and feature nature-inspired details such as pebble-shaped wooden door handles and a kitchen island made from fieldstones.<\/p>\n<p>In the main living area, large glass windows and a skylight let in plenty of light and show off the impressive lake view.<\/p>\n<p><a href=\"https:\/\/www.dezeen.com\/2025\/03\/22\/pine-island-cottage-ontartio-bureau-tempo-thom-fougere\/\" rel=\"nofollow noopener\" target=\"_blank\">Find out more about Pine Island Cottage \u203a<\/a><\/p>\n<p><a href=\"https:\/\/www.dezeen.com\/2025\/05\/03\/copan-apartment-renovation-oscar-niemeyer-estudio-bra\/\" rel=\"nofollow noopener\" target=\"_blank\"><img loading=\"lazy\" decoding=\"async\" class=\"wp-image-2199917 size-full\" src=\"https:\/\/www.europesays.com\/ie\/wp-content\/uploads\/2025\/12\/copan-apartment_estudio-bra_dezeen_sq2-852x852.jpg\" alt=\"\" width=\"1878\" height=\"1878\"  \/><\/a>Photo is by Mai\u0301ra Acayaba<\/p>\n<p><strong><a href=\"https:\/\/www.dezeen.com\/2025\/05\/03\/copan-apartment-renovation-oscar-niemeyer-estudio-bra\/\" rel=\"nofollow noopener\" target=\"_blank\">Copan apartment, Brazil, by Est\u00fadio BRA<\/a><\/strong><\/p>\n<p>Located inside the\u00a0<a href=\"https:\/\/www.dezeen.com\/tag\/oscar-niemeyer\/\" rel=\"nofollow noopener\" target=\"_blank\">Oscar Niemeyer<\/a>-designed Copan building in <a href=\"https:\/\/www.dezeen.com\/tag\/sao-paulo\" rel=\"nofollow noopener\" target=\"_blank\">S\u00e3o Paulo<\/a>, this apartment was redesigned by Est\u00fadio BRA to highlight its architectural features.<\/p>\n<p>&#8220;We designed the layout to highlight the view from the 19th floor, where, between the concrete brises, you can&#8217;t see cars or sidewalks \u2014 just the sky, buildings from different eras, and the Cantareira Mountain range,&#8221; said Est\u00fadio BRA founders Andr\u00e9 di Gregorio and Rodrigo Ma\u00e7onilio.<\/p>\n<p>Throughout the home, the building&#8217;s concrete structure was expressed as partitions.<\/p>\n<p><a href=\"https:\/\/www.dezeen.com\/2025\/05\/03\/copan-apartment-renovation-oscar-niemeyer-estudio-bra\/\" rel=\"nofollow noopener\" target=\"_blank\">Find out more about Copan apartment \u203a<\/a><\/p>\n<p><a href=\"https:\/\/www.dezeen.com\/2025\/07\/21\/gisbert-poppler-transformation-historic-german-home\/\" rel=\"nofollow noopener\" target=\"_blank\"><img loading=\"lazy\" decoding=\"async\" class=\"wp-image-2227153 size-full\" src=\"https:\/\/www.europesays.com\/ie\/wp-content\/uploads\/2025\/12\/garden-home-gisbert-poppler_dezeen_2364_col_sq4-852x852.jpg\" alt=\"Colourful library in German home\" width=\"1576\" height=\"1576\"  \/><\/a>Photo is by Ollie Tomlinson<\/p>\n<p><a href=\"https:\/\/www.dezeen.com\/2025\/07\/21\/gisbert-poppler-transformation-historic-german-home\/\" rel=\"nofollow noopener\" target=\"_blank\"><strong>Garden home, Germany, by Gisbert P\u00f6ppler<\/strong><\/a><\/p>\n<p>One of the most colourful home interiors this year was this 1920s villa in <a href=\"https:\/\/www.dezeen.com\/tag\/germany\/\" rel=\"nofollow noopener\" target=\"_blank\">Germany<\/a>&#8216;s Ruhr region, which interior design studio <a href=\"https:\/\/www.dezeen.com\/tag\/gisbert-poeppler\/\" rel=\"nofollow noopener\" target=\"_blank\">Gisbert P\u00f6ppler<\/a> gave a modern update.<\/p>\n<p>The studio drew on the villa&#8217;s association with the Deutscher Werkbund movement when designing the interior, focusing on vibrant colours and artisanal and craft details.<\/p>\n<p>Among the home&#8217;s many bespoke details are cabinetry by carpenter Stefan Freudenberger and a washbasin and wall panels in the guest WC that were milled from Greek marble.<\/p>\n<p><a href=\"https:\/\/www.dezeen.com\/2025\/07\/21\/gisbert-poppler-transformation-historic-german-home\/\" rel=\"nofollow noopener\" target=\"_blank\">Find out more about Garden home \u203a<\/a><\/p>\n<p><a href=\"https:\/\/www.dezeen.com\/2025\/11\/27\/ebba-architects-founder-all-timber-london-apartment\/\" rel=\"nofollow noopener\" target=\"_blank\"><img loading=\"lazy\" decoding=\"async\" class=\"wp-image-2273737 size-full\" src=\"https:\/\/www.europesays.com\/ie\/wp-content\/uploads\/2025\/12\/ebba-living-with-timber-benni-allan-apartment-sq-852x852.jpg\" alt=\"EBBA apartment\" width=\"2364\" height=\"2364\"  \/><\/a>Photo is by Felix Speller<\/p>\n<p><a href=\"https:\/\/www.dezeen.com\/2025\/11\/27\/ebba-architects-founder-all-timber-london-apartment\/\" rel=\"nofollow noopener\" target=\"_blank\"><strong>Living with Timber, UK, by EBBA Architects<\/strong><\/a><\/p>\n<p>Walls, floors, furniture and even speakers crafted from <a href=\"https:\/\/www.dezeen.com\/tag\/douglas-fir\/\" rel=\"nofollow noopener\" target=\"_blank\">Douglas fir<\/a> feature in this London apartment that belongs to <a href=\"https:\/\/www.dezeen.com\/tag\/ebba-architects\/\" rel=\"nofollow noopener\" target=\"_blank\">EBBA Architects<\/a> founder Benni Allan.<\/p>\n<p>Called Living with Timber, the flat in a former tea factory is clad with fir wood throughout as a love letter to the material.<\/p>\n<p>&#8220;Timber is adaptable, warm and tactile,&#8221; Allan told Dezeen. &#8220;The versatility and sense of craft the material brings is something that isn&#8217;t appreciated enough.&#8221;<\/p>\n<p><a href=\"https:\/\/www.dezeen.com\/2025\/11\/27\/ebba-architects-founder-all-timber-london-apartment\/\" rel=\"nofollow noopener\" target=\"_blank\">Find out more about Living with Timber \u203a<\/a><\/p>\n","protected":false},"excerpt":{"rendered":"For our 2025 review, we explore the best residential interiors on Dezeen this year, ranging from an all-timber&hellip;\n","protected":false},"author":2,"featured_media":213359,"comment_status":"","ping_status":"","sticky":false,"template":"","format":"standard","meta":{"footnotes":""},"categories":[267],"tags":[114812,365,362,363,364,366,18,117,19,17,5794,10357,12755],"class_list":{"0":"post-213358","1":"post","2":"type-post","3":"status-publish","4":"format-standard","5":"has-post-thumbnail","7":"category-arts-and-design","8":"tag-2025-review","9":"tag-arts","10":"tag-arts-and-design","11":"tag-artsanddesign","12":"tag-artsdesign","13":"tag-design","14":"tag-eire","15":"tag-entertainment","16":"tag-ie","17":"tag-ireland","18":"tag-residential-architecture-and-interiors","19":"tag-sectionall","20":"tag-sectioninteriors"},"share_on_mastodon":{"url":"https:\/\/pubeurope.com\/@ie\/115656253028009971","error":""},"_links":{"self":[{"href":"https:\/\/www.europesays.com\/ie\/wp-json\/wp\/v2\/posts\/213358","targetHints":{"allow":["GET"]}}],"collection":[{"href":"https:\/\/www.europesays.com\/ie\/wp-json\/wp\/v2\/posts"}],"about":[{"href":"https:\/\/www.europesays.com\/ie\/wp-json\/wp\/v2\/types\/post"}],"author":[{"embeddable":true,"href":"https:\/\/www.europesays.com\/ie\/wp-json\/wp\/v2\/users\/2"}],"replies":[{"embeddable":true,"href":"https:\/\/www.europesays.com\/ie\/wp-json\/wp\/v2\/comments?post=213358"}],"version-history":[{"count":0,"href":"https:\/\/www.europesays.com\/ie\/wp-json\/wp\/v2\/posts\/213358\/revisions"}],"wp:featuredmedia":[{"embeddable":true,"href":"https:\/\/www.europesays.com\/ie\/wp-json\/wp\/v2\/media\/213359"}],"wp:attachment":[{"href":"https:\/\/www.europesays.com\/ie\/wp-json\/wp\/v2\/media?parent=213358"}],"wp:term":[{"taxonomy":"category","embeddable":true,"href":"https:\/\/www.europesays.com\/ie\/wp-json\/wp\/v2\/categories?post=213358"},{"taxonomy":"post_tag","embeddable":true,"href":"https:\/\/www.europesays.com\/ie\/wp-json\/wp\/v2\/tags?post=213358"}],"curies":[{"name":"wp","href":"https:\/\/api.w.org\/{rel}","templated":true}]}}