{"id":213595,"date":"2025-12-03T18:07:11","date_gmt":"2025-12-03T18:07:11","guid":{"rendered":"https:\/\/www.europesays.com\/ie\/213595\/"},"modified":"2025-12-03T18:07:11","modified_gmt":"2025-12-03T18:07:11","slug":"kendall-jenner-looks-like-a-literal-sherpa-blanket-in-an-ultra-fuzzy-thigh-slit-dress","status":"publish","type":"post","link":"https:\/\/www.europesays.com\/ie\/213595\/","title":{"rendered":"Kendall Jenner Looks Like a Literal Sherpa Blanket in an Ultra-Fuzzy Thigh Slit Dress"},"content":{"rendered":"<p>The Gist<\/p>\n<ul class=\"mb-4\">\n<li class=\"ml-4 list-disc\">\n<p class=\"mb-4 text-lg md:leading-8 break-words\">Kendall Jenner embraced a cozy season aesthetic for her latest red carpet appearance on Tuesday, December 2.<\/p>\n<\/li>\n<li class=\"ml-4 list-disc\">\n<p class=\"mb-4 text-lg md:leading-8 break-words\">The model ditched her naked dresses for an ultra-fuzzy cream gown that made her look like a sherpa blanket at the L&#8217;Or\u00e9al Paris Women of Worth 20th anniversary party.<\/p>\n<\/li>\n<li class=\"ml-4 list-disc\">\n<p class=\"mb-4 text-lg md:leading-8 break-words\">Jenner&#8217;s dress also featured a daring thigh slit that showed off her trendy butter yellow heels.<\/p>\n<\/li>\n<\/ul>\n<p class=\"mb-4 text-lg md:leading-8 break-words\">Kendall Jenner is swapping out her <a href=\"https:\/\/www.instyle.com\/kendall-jenner-frees-nipple-thong-baring-naked-dress-11823519\" rel=\"nofollow noopener\" target=\"_blank\" data-ylk=\"slk:barely-there naked dressing;elm:context_link;itc:0;sec:content-canvas\" class=\"link \">barely-there naked dressing<\/a> for a sartorial 180\u2014a cozy aesthetic that looks like it\u2019s made for winter couch rotting. On December 2, the model turned heads at the L&#8217;Or\u00e9al Paris Women of Worth 20th anniversary party in an ultra-fuzzy dress that looked like she was wearing a literal sherpa blanket.<\/p>\n<p class=\"mb-4 text-lg md:leading-8 break-words\">Joining the star-studded attendees at the Academy Museum of Motion Pictures on Tuesday night, Jenner put a high-fashion twist on \u201cjust rolled out of bed\u201d-core, effortlessly combining comfort and elegance in one fluffy floor-length dress. The reality star stunned in the festive floor-length cream sherpa dress that featured elbow-length puffy sleeves, emphasizing the gown\u2019s textured, fur-like material that completely covered the dress from neck to ankle.<\/p>\n<p class=\"mb-4 text-lg md:leading-8 break-words\">Jenner wrapped herself in the blanket-like column design with its floor-length design, adding a surprising sultry detail with a daring thigh-high slit on her left side. As she posed with her mom Kris Jenner as well as stars like Andie MacDowell, Ariana Greenblatt, and Helen Mirren on the red carpet, the <a href=\"https:\/\/www.instyle.com\/kendall-jenner-nothing-but-scarf-lavish-30th-birthday-party-11843072\" rel=\"nofollow noopener\" target=\"_blank\" data-ylk=\"slk:30-year-old star;elm:context_link;itc:0;sec:content-canvas\" class=\"link \">30-year-old star<\/a> stuck her leg out <a href=\"https:\/\/www.instyle.com\/angelina-jolie-leg-look-pantsless-slit-coat-tiff-11805114\" rel=\"nofollow noopener\" target=\"_blank\" data-ylk=\"slk:\u00e0 la Angelina Jolie;elm:context_link;itc:0;sec:content-canvas\" class=\"link \">\u00e0 la Angelina Jolie<\/a> and showed off a pair of butter yellow leather heels.<\/p>\n<p><img alt=\"Getty Images Kendall Jenner at the 20th Anniversary of L'Oreal Paris Women of Worth held at the Academy Museum of Motion Pictures on December 2\" loading=\"lazy\" width=\"640\" height=\"960\" decoding=\"async\" data-nimg=\"1\" class=\"rounded-lg\" style=\"color:transparent\" src=\"https:\/\/www.europesays.com\/ie\/wp-content\/uploads\/2025\/12\/0c2138b52ac9e41bdcc14c9c4015e2df.jpeg\"\/><\/p>\n<p>Getty Images<\/p>\n<p> Kendall Jenner at the 20th Anniversary of L&#8217;Oreal Paris Women of Worth held at the Academy Museum of Motion Pictures on December 2<\/p>\n<p class=\"mb-4 text-lg md:leading-8 break-words\">Keeping her cream dress\u2019s unique material front and center, Jenner\u2014who memorably closed the L\u2019Or\u00e9al Paris Le D\u00e9fil\u00e9 2025 fashion show on September 29 in a <a href=\"https:\/\/www.instyle.com\/kendall-jenner-plunging-high-slit-la-perla-11821482\" rel=\"nofollow noopener\" target=\"_blank\" data-ylk=\"slk:sheer white archival naked dress;elm:context_link;itc:0;sec:content-canvas\" class=\"link \">sheer white archival naked dress<\/a> from La Perla\u2014pulled her dark brown hair up into an effortless middle-parted low updo with undone face-framing pieces on her left side. Adding some subtle shine with a pair of classic gold drop earrings, the star accentuated her features with a taupe brown eyeshadow, sculpted cheekbones, and a matte mauve lipstick.<\/p>\n<p><img alt=\"Getty Images Kendall Jenner at the 20th Anniversary of L'Oreal Paris Women of Worth held at the Academy Museum of Motion Pictures on December 2\" loading=\"lazy\" width=\"640\" height=\"960\" decoding=\"async\" data-nimg=\"1\" class=\"rounded-lg\" style=\"color:transparent\" src=\"https:\/\/www.europesays.com\/ie\/wp-content\/uploads\/2025\/12\/f291571b984c062d252e9de91d223412.jpeg\"\/><\/p>\n<p>Getty Images<\/p>\n<p> Kendall Jenner at the 20th Anniversary of L&#8217;Oreal Paris Women of Worth held at the Academy Museum of Motion Pictures on December 2<img alt=\"Getty Images Kendall Jenner and Kris Jenner at the 20th Anniversary of L'Oreal Paris Women of Worth held at the Academy Museum of Motion Pictures on December 2\" loading=\"lazy\" width=\"960\" height=\"640\" decoding=\"async\" data-nimg=\"1\" class=\"rounded-lg\" style=\"color:transparent\" src=\"https:\/\/www.europesays.com\/ie\/wp-content\/uploads\/2025\/12\/e6b2c07d0208be010a776b99c01e189b.jpeg\"\/><\/p>\n<p>Getty Images<\/p>\n<p> Kendall Jenner and Kris Jenner at the 20th Anniversary of L&#8217;Oreal Paris Women of Worth held at the Academy Museum of Motion Pictures on December 2<\/p>\n<p class=\"mb-4 text-lg md:leading-8 break-words\">Tuesday night\u2019s event was a rare joint outing for Kendall and Kris, who continued her <a href=\"https:\/\/www.instyle.com\/kris-jenner-channels-khloe-kardashian-long-wavy-light-brown-hair-transformation-11858256\" rel=\"nofollow noopener\" target=\"_blank\" data-ylk=\"slk:hair chameleon streak;elm:context_link;itc:0;sec:content-canvas\" class=\"link \">hair chameleon streak<\/a> with a bouffant-inspired bun and piecey bangs with longer curtain layers. The Kardashian Momager contrasted her daughter with a red midi-length dress that she paired with a chic black blazer and black gloves. Her crimson gown featured a twisted design on the bodice with a whimsical black bow, subtly bringing summer\u2019s coquette trend into the holidays.<\/p>\n<p class=\"mb-4 text-lg md:leading-8 break-words\">Read the original article on <a href=\"https:\/\/www.instyle.com\/kendall-jenner-white-fuzzy-dress-loreal-paris-women-worth-anniversary-11861093\" rel=\"nofollow noopener\" target=\"_blank\" data-ylk=\"slk:InStyle;elm:context_link;itc:0;sec:content-canvas\" class=\"link \">InStyle<\/a><\/p>\n","protected":false},"excerpt":{"rendered":"The Gist Kendall Jenner embraced a cozy season aesthetic for her latest red carpet appearance on Tuesday, December&hellip;\n","protected":false},"author":2,"featured_media":213596,"comment_status":"","ping_status":"","sticky":false,"template":"","format":"standard","meta":{"footnotes":""},"categories":[268],"tags":[29212,434,18,117,2445,19,17,5833,12216,116412,116411,116410],"class_list":{"0":"post-213595","1":"post","2":"type-post","3":"status-publish","4":"format-standard","5":"has-post-thumbnail","7":"category-celebrities","8":"tag-academy-museum-of-motion-pictures","9":"tag-celebrities","10":"tag-eire","11":"tag-entertainment","12":"tag-getty-images","13":"tag-ie","14":"tag-ireland","15":"tag-kendall-jenner","16":"tag-kris-jenner","17":"tag-loreal-paris","18":"tag-naked-dress","19":"tag-sherpa-blanket"},"share_on_mastodon":{"url":"https:\/\/pubeurope.com\/@ie\/115656972859250120","error":""},"_links":{"self":[{"href":"https:\/\/www.europesays.com\/ie\/wp-json\/wp\/v2\/posts\/213595","targetHints":{"allow":["GET"]}}],"collection":[{"href":"https:\/\/www.europesays.com\/ie\/wp-json\/wp\/v2\/posts"}],"about":[{"href":"https:\/\/www.europesays.com\/ie\/wp-json\/wp\/v2\/types\/post"}],"author":[{"embeddable":true,"href":"https:\/\/www.europesays.com\/ie\/wp-json\/wp\/v2\/users\/2"}],"replies":[{"embeddable":true,"href":"https:\/\/www.europesays.com\/ie\/wp-json\/wp\/v2\/comments?post=213595"}],"version-history":[{"count":0,"href":"https:\/\/www.europesays.com\/ie\/wp-json\/wp\/v2\/posts\/213595\/revisions"}],"wp:featuredmedia":[{"embeddable":true,"href":"https:\/\/www.europesays.com\/ie\/wp-json\/wp\/v2\/media\/213596"}],"wp:attachment":[{"href":"https:\/\/www.europesays.com\/ie\/wp-json\/wp\/v2\/media?parent=213595"}],"wp:term":[{"taxonomy":"category","embeddable":true,"href":"https:\/\/www.europesays.com\/ie\/wp-json\/wp\/v2\/categories?post=213595"},{"taxonomy":"post_tag","embeddable":true,"href":"https:\/\/www.europesays.com\/ie\/wp-json\/wp\/v2\/tags?post=213595"}],"curies":[{"name":"wp","href":"https:\/\/api.w.org\/{rel}","templated":true}]}}