{"id":214353,"date":"2025-12-04T03:44:18","date_gmt":"2025-12-04T03:44:18","guid":{"rendered":"https:\/\/www.europesays.com\/ie\/214353\/"},"modified":"2025-12-04T03:44:18","modified_gmt":"2025-12-04T03:44:18","slug":"michael-mullins-limericks-live-95","status":"publish","type":"post","link":"https:\/\/www.europesays.com\/ie\/214353\/","title":{"rendered":"Michael Mullins &#8211; Limerick&#8217;s Live 95"},"content":{"rendered":"<p style=\"text-align: center;\"><img decoding=\"async\" alt=\"\" src=\"https:\/\/www.europesays.com\/ie\/wp-content\/uploads\/2025\/12\/693070fc2dee4.jpg\" style=\"\"\/><\/p>\n<p style=\"text-align: center;\"><strong>Effin \/ Garrienderk and formerly of Athlacca, Co. Limerick.<\/strong><\/p>\n<p>Michael passed away peacefully in the presence of his loving family in University Hospital Limerick (UHL) on Tuesday, December 2nd, 2025.<\/p>\n<p>Predeceased by his father Michael, mother Gertrude, brothers Tony, John, Dermot and Willie, sisters Kathleen and Nuala, brother-in-law and sisters-in-law.<\/p>\n<p>Beloved husband of Mary (n\u00e9e Carmody), much loved father of Jacqueline, Michael, Kevin, Alan and Johnny, cherished granddad of Aof\u00e1ine, Darragh, Michael John, David, Ail\u00edse, Mark, Liath, Kate, Emma, Mariasole and Leonardo.<\/p>\n<p>Deeply regretted by his loving family, daughters-in-law Maria, Orla, Ornella and Laura, brother Gerard, brothers-in-law John and Bill Carmody, sisters-in-law Peg, Sheila, Betty, Monica and Josephine, nephews, nieces, relatives, kind neighbours and friends.<\/p>\n<p>May Michael Rest in Peace<\/p>\n<p>Reposing in Hawe &#8211; O&#8217;Keeffe&#8217;s Funeral Home (P56 YY15), Bakers Road, Charleville, on Friday evening from 5:30pm to 7:00pm (Prayers at 5:30pm).<\/p>\n<p>Reception into Our Lady Queen of Peace Church, Effin (V35 FC89) on Saturday morning for Requiem Mass at 11:30am, after which Michael will be laid to rest in Effin Cemetery.<\/p>\n<p>The Funeral Mass may be viewed online at: <a href=\"https:\/\/mycondolences.ie\/\" rel=\"nofollow noopener\" target=\"_blank\">https:\/\/mycondolences.ie\/<\/a><\/p>\n<p>Family Flowers only, please. Donations in lieu to: <a href=\"https:\/\/www.idonate.ie\/cause\/charlevillefirstresponders\" rel=\"nofollow noopener\" target=\"_blank\">https:\/\/www.idonate.ie\/cause\/charlevillefirstresponders<\/a><\/p>\n","protected":false},"excerpt":{"rendered":"Effin \/ Garrienderk and formerly of Athlacca, Co. Limerick. Michael passed away peacefully in the presence of his&hellip;\n","protected":false},"author":2,"featured_media":214354,"comment_status":"","ping_status":"","sticky":false,"template":"","format":"standard","meta":{"footnotes":""},"categories":[40],"tags":[9,10,18,13,14,6,19,17,11,12,3006,3009,3005,3008,3007,3010,15,16,5,7,8],"class_list":{"0":"post-214353","1":"post","2":"type-post","3":"status-publish","4":"format-standard","5":"has-post-thumbnail","7":"category-ireland","8":"tag-breaking-news","9":"tag-breakingnews","10":"tag-eire","11":"tag-featured-news","12":"tag-featurednews","13":"tag-headlines","14":"tag-ie","15":"tag-ireland","16":"tag-latest-news","17":"tag-latestnews","18":"tag-limerick-radio","19":"tag-limerick-today","20":"tag-limericks-live95fm","21":"tag-live-95","22":"tag-live95fm","23":"tag-live95fm-homepage","24":"tag-main-news","25":"tag-mainnews","26":"tag-news","27":"tag-top-stories","28":"tag-topstories"},"share_on_mastodon":{"url":"https:\/\/pubeurope.com\/@ie\/115659241446918971","error":""},"_links":{"self":[{"href":"https:\/\/www.europesays.com\/ie\/wp-json\/wp\/v2\/posts\/214353","targetHints":{"allow":["GET"]}}],"collection":[{"href":"https:\/\/www.europesays.com\/ie\/wp-json\/wp\/v2\/posts"}],"about":[{"href":"https:\/\/www.europesays.com\/ie\/wp-json\/wp\/v2\/types\/post"}],"author":[{"embeddable":true,"href":"https:\/\/www.europesays.com\/ie\/wp-json\/wp\/v2\/users\/2"}],"replies":[{"embeddable":true,"href":"https:\/\/www.europesays.com\/ie\/wp-json\/wp\/v2\/comments?post=214353"}],"version-history":[{"count":0,"href":"https:\/\/www.europesays.com\/ie\/wp-json\/wp\/v2\/posts\/214353\/revisions"}],"wp:featuredmedia":[{"embeddable":true,"href":"https:\/\/www.europesays.com\/ie\/wp-json\/wp\/v2\/media\/214354"}],"wp:attachment":[{"href":"https:\/\/www.europesays.com\/ie\/wp-json\/wp\/v2\/media?parent=214353"}],"wp:term":[{"taxonomy":"category","embeddable":true,"href":"https:\/\/www.europesays.com\/ie\/wp-json\/wp\/v2\/categories?post=214353"},{"taxonomy":"post_tag","embeddable":true,"href":"https:\/\/www.europesays.com\/ie\/wp-json\/wp\/v2\/tags?post=214353"}],"curies":[{"name":"wp","href":"https:\/\/api.w.org\/{rel}","templated":true}]}}