{"id":21642,"date":"2025-08-25T06:44:10","date_gmt":"2025-08-25T06:44:10","guid":{"rendered":"https:\/\/www.europesays.com\/ie\/21642\/"},"modified":"2025-08-25T06:44:10","modified_gmt":"2025-08-25T06:44:10","slug":"creches-empty-or-converted-to-housing-as-developers-seek-to-drop-childcare-facilities-the-irish-times","status":"publish","type":"post","link":"https:\/\/www.europesays.com\/ie\/21642\/","title":{"rendered":"Creches empty or converted to housing as developers seek to drop childcare facilities \u2013 The Irish Times"},"content":{"rendered":"<p class=\"c-paragraph paywall \">Buildings earmarked as creches are lying empty or being turned into <a href=\"https:\/\/www.irishtimes.com\/tags\/housing-crisis\/\" target=\"_self\" rel=\"nofollow noopener\" title=\"https:\/\/www.irishtimes.com\/tags\/housing-crisis\/\">houses<\/a> as developers seek permission to drop commitments to provide <a href=\"https:\/\/www.irishtimes.com\/tags\/childcare\/\" target=\"_self\" rel=\"nofollow noopener\" title=\"https:\/\/www.irishtimes.com\/tags\/childcare\/\">childcare<\/a> facilities in large estates. <\/p>\n<p class=\"c-paragraph paywall \">Parents who say they bought houses on the \u201cunderstanding\u201d their estate would have a creche are facing long waiting lists for childcare as many promised facilities remain vacant, even in high-demand areas where the preschool population is rising. <\/p>\n<p class=\"c-paragraph paywall \">Planning rules require developers to include a creche facility with 20 childcare placements for every 75 homes built in an estate. <\/p>\n<p class=\"c-paragraph paywall \">The Irish Times has analysed planning applications across every local authority in the country over the last five years. <\/p>\n<p class=\"c-paragraph paywall \">In some cases, the childcare facilities required under planning law are not built, remain empty or are eventually granted planning permission to be sold as homes.<\/p>\n<p class=\"c-paragraph paywall \">A developer last year sought permission to change an empty building earmarked for a creche at the Bellevue Hill estate in Delgany, Co <a href=\"https:\/\/www.irishtimes.com\/tags\/wicklow\/\" target=\"_self\" rel=\"nofollow noopener\" title=\"https:\/\/www.irishtimes.com\/tags\/wicklow\/\">Wicklow<\/a>, into a house. An objection said residents of the estate bought their homes on the \u201cunderstanding that there would be a creche\u201d.<\/p>\n<p class=\"c-paragraph paywall \">A planning inspector\u2019s report said demographic trends pointed to an \u201cever-increasing demand for childcare facilities in Delgany\u201d. An Bord Plean\u00e1la (now An Coimisi\u00fan Plean\u00e1la) rejected the application, citing a lack of local childcare facilities for residents. The next closest creche to the estate is operating a waiting list and receives between eight and 10 enquiries a week from parents. <\/p>\n<p class=\"c-paragraph paywall \">In Annacotty, Co <a href=\"https:\/\/www.irishtimes.com\/tags\/limerick\/\" target=\"_self\" rel=\"nofollow noopener\" title=\"https:\/\/www.irishtimes.com\/tags\/limerick\/\">Limerick<\/a>, planning permission has existed since 2016 for a creche that could accommodate more than 40 children on a site within the Bloomfield housing estate. <\/p>\n<p class=\"c-paragraph paywall \">Developer Bloomfield Homes Limited claimed it had been unable to attract anyone to develop or operate a creche. Between 2021 and 2023 it tried and failed to get permission to build four two-storey, semidetached homes on the site instead. <\/p>\n<p class=\"c-paragraph paywall \">An application on behalf of the developer claimed a \u201csea change\u201d in working patterns had meant more parents were \u201ccapable of minding children at home\u201d, which had lessened the demand for childcare. <\/p>\n<p class=\"c-paragraph paywall \">It also claimed childcare was being offered to parents locally at their places of work. But one local parent told An Bord Plean\u00e1la 70 per cent of the population of the local Castletroy area is under 40 and there is a high employment rate. The parent said they had struggled to find a place locally for their child even with 18 months\u2019 notice. <\/p>\n<p class=\"c-paragraph paywall \">In 2024, a developer was refused permission to turn a ground-floor premises earmarked for a creche at the Fernbank apartment complex in Churchtown, <a href=\"https:\/\/www.irishtimes.com\/ireland\/dublin\/\" target=\"_self\" rel=\"nofollow noopener\" title=\"https:\/\/www.irishtimes.com\/ireland\/dublin\/\">Dublin<\/a>, into three apartments. <\/p>\n<p class=\"c-paragraph paywall \">The local childcare committee claimed \u201cparents are significantly struggling to access childcare\u201d in the area. A parent who lives in the complex and objected to the plan also claimed the on-site creche \u201chas never operated as a creche nor has Fernbank ever attempted to employ an operator to run the creche\u201d.<\/p>\n<p class=\"c-paragraph paywall \">In Tramore, Co <a href=\"https:\/\/www.irishtimes.com\/tags\/waterford\/\" target=\"_self\" rel=\"nofollow noopener\" title=\"https:\/\/www.irishtimes.com\/tags\/waterford\/\">Waterford<\/a>, permission was refused in 2023 to change an empty ground-floor premises earmarked as a creche at the Cluain Larach estate into apartments. <\/p>\n<p class=\"c-paragraph paywall \">The planning inspector\u2019s report said there is \u201dhigh demand for childcare facilities in the area, with waiting lists at existing facilities\u201d.<\/p>\n<p class=\"c-paragraph paywall \">Permission was granted in a number of cases, including in the Bracken Park estate in Castleknock. Two three-storey buildings earmarked for childcare at the 147-house development were eventually turned into houses that each sold for more than \u20ac1 million in 2022 and this year. <\/p>\n<p class=\"c-paragraph paywall \">The Castleknock estate is in the constituency of Fine Gael TD <a href=\"https:\/\/www.irishtimes.com\/tags\/emer-currie\/\" target=\"_self\" rel=\"nofollow noopener\" title=\"https:\/\/www.irishtimes.com\/tags\/emer-currie\/\">Emer Currie<\/a>, who said she has been tracking empty creche buildings across Dublin West. <\/p>\n<p class=\"c-paragraph paywall \">She told The Irish Times she believes the planning system \u201chas too many gaps and flaws\u201d that mean creches \u201caren\u2019t always built and even when they are, they won\u2019t necessarily open as a childcare facility\u201d.<\/p>\n<p class=\"c-paragraph paywall \">\u201cThis is happening in areas where parents are crying out for places and providers want units,\u201d she said. <\/p>\n<p>Builders only required to provide \u2018an empty shell\u2019<\/p>\n<p class=\"c-paragraph paywall \">The preschool population in parts of Co Wicklow is growing rapidly. Between 2016 and 2022, the zero-to-four age group in Delgany increased by 29 per cent. <\/p>\n<p class=\"c-paragraph paywall \">As more large housing estates are built and homes are bought by young families, childcare providers are finding that the creches developers are required to build in these estates are too expensive or too small. <\/p>\n<p class=\"c-paragraph paywall \">Builders are also only required to offer what is effectively an empty shell, which many childcare providers cannot afford to take on and kit out before opening creches. <\/p>\n<p class=\"c-paragraph paywall \">One childcare provider near Newtownmountkennedy, Co Wicklow, said that, despite knowing of empty creche buildings in local estates, they have spent three years fruitlessly trying to find a premises big enough to be viable as a creche. <\/p>\n<p class=\"c-paragraph paywall \">The provider, who did not wish to be named, said they unsuccessfully lobbied two developers, asking them to build one larger creche between two new estates instead. <\/p>\n<p class=\"c-paragraph paywall \">Frances Byrne, director of policy at Early Childhood Ireland, said \u201ckitting out a creche is not cheap\u201d. She said this is one of the reasons these buildings are lying empty. <\/p>\n<p class=\"c-paragraph paywall \">She also said it may be possible that some areas do not need these facilities and that city and county childcare committees must be more involved in planning.<\/p>\n<p class=\"c-paragraph paywall \">\u201cNobody is keeping an eye on the big picture the way [they are] in other countries,\u201d Ms Byrne said. <\/p>\n","protected":false},"excerpt":{"rendered":"Buildings earmarked as creches are lying empty or being turned into houses as developers seek permission to drop&hellip;\n","protected":false},"author":2,"featured_media":21643,"comment_status":"","ping_status":"","sticky":false,"template":"","format":"standard","meta":{"footnotes":""},"categories":[73],"tags":[79,17889,52,18,18571,8752,19,17,1844,5049,946],"class_list":{"0":"post-21642","1":"post","2":"type-post","3":"status-publish","4":"format-standard","5":"has-post-thumbnail","7":"category-business","8":"tag-business","9":"tag-childcare","10":"tag-dublin","11":"tag-eire","12":"tag-emer-currie","13":"tag-housing-crisis","14":"tag-ie","15":"tag-ireland","16":"tag-limerick","17":"tag-waterford","18":"tag-wicklow"},"share_on_mastodon":{"url":"","error":""},"_links":{"self":[{"href":"https:\/\/www.europesays.com\/ie\/wp-json\/wp\/v2\/posts\/21642","targetHints":{"allow":["GET"]}}],"collection":[{"href":"https:\/\/www.europesays.com\/ie\/wp-json\/wp\/v2\/posts"}],"about":[{"href":"https:\/\/www.europesays.com\/ie\/wp-json\/wp\/v2\/types\/post"}],"author":[{"embeddable":true,"href":"https:\/\/www.europesays.com\/ie\/wp-json\/wp\/v2\/users\/2"}],"replies":[{"embeddable":true,"href":"https:\/\/www.europesays.com\/ie\/wp-json\/wp\/v2\/comments?post=21642"}],"version-history":[{"count":0,"href":"https:\/\/www.europesays.com\/ie\/wp-json\/wp\/v2\/posts\/21642\/revisions"}],"wp:featuredmedia":[{"embeddable":true,"href":"https:\/\/www.europesays.com\/ie\/wp-json\/wp\/v2\/media\/21643"}],"wp:attachment":[{"href":"https:\/\/www.europesays.com\/ie\/wp-json\/wp\/v2\/media?parent=21642"}],"wp:term":[{"taxonomy":"category","embeddable":true,"href":"https:\/\/www.europesays.com\/ie\/wp-json\/wp\/v2\/categories?post=21642"},{"taxonomy":"post_tag","embeddable":true,"href":"https:\/\/www.europesays.com\/ie\/wp-json\/wp\/v2\/tags?post=21642"}],"curies":[{"name":"wp","href":"https:\/\/api.w.org\/{rel}","templated":true}]}}