{"id":220357,"date":"2025-12-07T16:02:08","date_gmt":"2025-12-07T16:02:08","guid":{"rendered":"https:\/\/www.europesays.com\/ie\/220357\/"},"modified":"2025-12-07T16:02:08","modified_gmt":"2025-12-07T16:02:08","slug":"award-winning-garda-and-former-county-footballer-suspended-from-duty-after-alleged-hit-and-run","status":"publish","type":"post","link":"https:\/\/www.europesays.com\/ie\/220357\/","title":{"rendered":"Award-winning garda and former county footballer suspended from duty after alleged hit-and-run"},"content":{"rendered":"<p>An <strong>award-winning garda<\/strong> and <strong>former county footballer<\/strong> has been<strong> suspended from duty<\/strong> following an <strong>alleged hit-and-run incident<\/strong> in <strong>Galway<\/strong> on St Patrick\u2019s Day.<\/p>\n<p>Garda Peadar \u00d3g \u00d3 Gr\u00edofa, 33, with an address at Harristown, Dean Hill Road, Navan, Co Meath, appeared before Derrynea District Court in Galway last week, facing five summonses in connection with the alleged incident.<\/p>\n<p>One relates to dangerous driving, while others relate to a hit-and-run collision, specifically failure to give appropriate information, failure to remain at the scene, failure to stop, and failure to report an occurrence of damage to another vehicle.<\/p>\n<p>A grey Toyota Yaris is alleged to have been damaged in the incident, which occurred at Annaghvaan, Lettermore, Co Galway on March 17th, 2025.<\/p>\n<p>Mr \u00d3 Gr\u00edofa played football for his local club in Indreabh\u00e1n, Miche\u00e1l Breathnach, as well as NUI Galway, before lining out for his county in 2015. He showed huge promise as a forward, but injury hampered his playing career.<\/p>\n<p>He became a member of An Garda S\u00edoch\u00e1na in 2016 and was presented with the Gary Sheehan Memorial Medal by then-justice minister Frances Fitzgerald. The award is given to the best all-round probationer garda.<\/p>\n<p>Mr \u00d3 Gr\u00edofa was attached to Bridewell Garda Station in Dublin.<\/p>\n<p>He appeared before Judge Fiona Lydon at Derrynea District Court on November 25th, represented by barrister Ernie Whyte, who is a former Garda inspector. The case is being prosecuted by state solicitor, Rachel Joyce.<\/p>\n<p>Ms Justice Lydon adjourned the case until next month.<\/p>\n<p>Asked about the case, a spokeswoman for An Garda S\u00edoch\u00e1na declined to comment on matters that remain before the courts, but confirmed that a member from the Dublin Region had been suspended.<\/p>\n<p>\u201cAn Garda S\u00edoch\u00e1na does not comment on internal disciplinary matters,\u201d she said.<\/p>\n<p>Mr \u00d3 Gr\u00edofa was regarded as a major prospect at underage level, breaking into the Galway minor side in 2009 and claiming an All Ireland winner\u2019s medal with the U21s in 2013.<\/p>\n<p>He played for his county at senior level between 2015 and 2018, but his career was hampered and cut short by a number of cruciate knee ligament injuries.<\/p>\n","protected":false},"excerpt":{"rendered":"An award-winning garda and former county footballer has been suspended from duty following an alleged hit-and-run incident in&hellip;\n","protected":false},"author":2,"featured_media":220358,"comment_status":"","ping_status":"","sticky":false,"template":"","format":"standard","meta":{"footnotes":""},"categories":[40],"tags":[9,10,18,13,14,6,19,17,11,12,15,16,5,7,8],"class_list":{"0":"post-220357","1":"post","2":"type-post","3":"status-publish","4":"format-standard","5":"has-post-thumbnail","7":"category-ireland","8":"tag-breaking-news","9":"tag-breakingnews","10":"tag-eire","11":"tag-featured-news","12":"tag-featurednews","13":"tag-headlines","14":"tag-ie","15":"tag-ireland","16":"tag-latest-news","17":"tag-latestnews","18":"tag-main-news","19":"tag-mainnews","20":"tag-news","21":"tag-top-stories","22":"tag-topstories"},"share_on_mastodon":{"url":"https:\/\/pubeurope.com\/@ie\/115679130067039073","error":""},"_links":{"self":[{"href":"https:\/\/www.europesays.com\/ie\/wp-json\/wp\/v2\/posts\/220357","targetHints":{"allow":["GET"]}}],"collection":[{"href":"https:\/\/www.europesays.com\/ie\/wp-json\/wp\/v2\/posts"}],"about":[{"href":"https:\/\/www.europesays.com\/ie\/wp-json\/wp\/v2\/types\/post"}],"author":[{"embeddable":true,"href":"https:\/\/www.europesays.com\/ie\/wp-json\/wp\/v2\/users\/2"}],"replies":[{"embeddable":true,"href":"https:\/\/www.europesays.com\/ie\/wp-json\/wp\/v2\/comments?post=220357"}],"version-history":[{"count":0,"href":"https:\/\/www.europesays.com\/ie\/wp-json\/wp\/v2\/posts\/220357\/revisions"}],"wp:featuredmedia":[{"embeddable":true,"href":"https:\/\/www.europesays.com\/ie\/wp-json\/wp\/v2\/media\/220358"}],"wp:attachment":[{"href":"https:\/\/www.europesays.com\/ie\/wp-json\/wp\/v2\/media?parent=220357"}],"wp:term":[{"taxonomy":"category","embeddable":true,"href":"https:\/\/www.europesays.com\/ie\/wp-json\/wp\/v2\/categories?post=220357"},{"taxonomy":"post_tag","embeddable":true,"href":"https:\/\/www.europesays.com\/ie\/wp-json\/wp\/v2\/tags?post=220357"}],"curies":[{"name":"wp","href":"https:\/\/api.w.org\/{rel}","templated":true}]}}