{"id":223924,"date":"2025-12-09T16:05:07","date_gmt":"2025-12-09T16:05:07","guid":{"rendered":"https:\/\/www.europesays.com\/ie\/223924\/"},"modified":"2025-12-09T16:05:07","modified_gmt":"2025-12-09T16:05:07","slug":"first-us-trailer-for-german-oscar-hopeful","status":"publish","type":"post","link":"https:\/\/www.europesays.com\/ie\/223924\/","title":{"rendered":"First US Trailer For German Oscar Hopeful"},"content":{"rendered":"<p class=\"paragraph larva \/\/ lrv-u-margin-lr-auto     \">\n\t<strong>EXCLUSIVE<\/strong>: Here\u2019s your first U.S. trailer for German Oscar hopeful <a href=\"https:\/\/deadline.com\/tag\/sound-of-falling\/\" id=\"auto-tag_sound-of-falling\" data-tag=\"sound-of-falling\" rel=\"nofollow noopener\" target=\"_blank\">Sound Of Falling<\/a>, which opens stateside in mid-January.<\/p>\n<p class=\"paragraph larva \/\/ lrv-u-margin-lr-auto     \">\n\tMascha Schilinski\u2019s Cannes competition title and Jury Prize winner\u00a0is set on a secluded four-sided farmstead in Germany. The film follows four women, separated by decades but united by trauma, who uncover the truth behind its weathered walls.<\/p>\n<p class=\"paragraph larva \/\/ lrv-u-margin-lr-auto     \">\n\tDeadline\u2019s Damon Wise previously called the film \u201csuperb\u201d and \u201ca masterclass in ethereal, unnerving brilliance\u201d. The jury which selected the film to be Germany\u2019s Oscar entry described it as \u201cformally uncompromising, emotionally existential, and artistically unique \u2013 without any parallel in German and international cinema.\u201d\u00a0<\/p>\n<p class=\"paragraph larva \/\/ lrv-u-margin-lr-auto     \">\n\tCo-written by Schilinski and Louise Peter, the film is produced by Studio Zentral (Maren Schmitt, Lucas Schmidt, and Lasse Scharpen) with ZDF\/Das Kleine Fernsehspiel (Burkhard Althoff and Melvina Kotios) and with support from Die Beauftragte der Bundesregierung f\u00fcr Kultur und Medien (BKM), Mitteldeutsche Medienf\u00f6rderung (MDM), and Deutscher Filmf\u00f6rderfonds (DFFF).<\/p>\n<p class=\"paragraph larva \/\/ lrv-u-margin-lr-auto     \">\n\tMubi is releasing in North America, the UK, Ireland, India, and Turkey.<\/p>\n<p class=\"paragraph larva \/\/ lrv-u-margin-lr-auto     \">\n\tGermany has won the Best International Feature Film Oscar three times, with\u00a0The Lives of Others\u00a0(2006), and\u00a0Nowhere in Africa\u00a0(2002), and most recently,\u00a0All Quiet on the Western Front\u00a0(2023).\u00a0The Tin Drum\u00a0(1979) won the award under the West Germany banner. Last year, the country submitted Mohammad Rasoulof\u2019s\u00a0The Seed Of The Sacred Fig, which was nominated but lost out to\u00a0The Zone of Interest.<\/p>\n","protected":false},"excerpt":{"rendered":"EXCLUSIVE: Here\u2019s your first U.S. trailer for German Oscar hopeful Sound Of Falling, which opens stateside in mid-January.&hellip;\n","protected":false},"author":2,"featured_media":223925,"comment_status":"","ping_status":"","sticky":false,"template":"","format":"standard","meta":{"footnotes":""},"categories":[263],"tags":[18,117,19,17,327,120486],"class_list":{"0":"post-223924","1":"post","2":"type-post","3":"status-publish","4":"format-standard","5":"has-post-thumbnail","7":"category-movies","8":"tag-eire","9":"tag-entertainment","10":"tag-ie","11":"tag-ireland","12":"tag-movies","13":"tag-sound-of-falling"},"share_on_mastodon":{"url":"https:\/\/pubeurope.com\/@ie\/115690466381421919","error":""},"_links":{"self":[{"href":"https:\/\/www.europesays.com\/ie\/wp-json\/wp\/v2\/posts\/223924","targetHints":{"allow":["GET"]}}],"collection":[{"href":"https:\/\/www.europesays.com\/ie\/wp-json\/wp\/v2\/posts"}],"about":[{"href":"https:\/\/www.europesays.com\/ie\/wp-json\/wp\/v2\/types\/post"}],"author":[{"embeddable":true,"href":"https:\/\/www.europesays.com\/ie\/wp-json\/wp\/v2\/users\/2"}],"replies":[{"embeddable":true,"href":"https:\/\/www.europesays.com\/ie\/wp-json\/wp\/v2\/comments?post=223924"}],"version-history":[{"count":0,"href":"https:\/\/www.europesays.com\/ie\/wp-json\/wp\/v2\/posts\/223924\/revisions"}],"wp:featuredmedia":[{"embeddable":true,"href":"https:\/\/www.europesays.com\/ie\/wp-json\/wp\/v2\/media\/223925"}],"wp:attachment":[{"href":"https:\/\/www.europesays.com\/ie\/wp-json\/wp\/v2\/media?parent=223924"}],"wp:term":[{"taxonomy":"category","embeddable":true,"href":"https:\/\/www.europesays.com\/ie\/wp-json\/wp\/v2\/categories?post=223924"},{"taxonomy":"post_tag","embeddable":true,"href":"https:\/\/www.europesays.com\/ie\/wp-json\/wp\/v2\/tags?post=223924"}],"curies":[{"name":"wp","href":"https:\/\/api.w.org\/{rel}","templated":true}]}}