{"id":226330,"date":"2025-12-10T22:46:11","date_gmt":"2025-12-10T22:46:11","guid":{"rendered":"https:\/\/www.europesays.com\/ie\/226330\/"},"modified":"2025-12-10T22:46:11","modified_gmt":"2025-12-10T22:46:11","slug":"berlin-season-2-unveils-may-15-release-date-images-name","status":"publish","type":"post","link":"https:\/\/www.europesays.com\/ie\/226330\/","title":{"rendered":"&#8216;Berlin&#8217; Season 2 Unveils May 15 Release Date, Images, Name"},"content":{"rendered":"<p class=\"paragraph larva \/\/ lrv-u-margin-lr-auto     \">\n\t<a href=\"https:\/\/deadline.com\/tag\/money-heist\/\" id=\"auto-tag_money-heist\" data-tag=\"money-heist\" rel=\"nofollow noopener\" target=\"_blank\">Money Heist<\/a> spin-off <a href=\"https:\/\/deadline.com\/tag\/berlin\/\" id=\"auto-tag_berlin\" data-tag=\"berlin\" rel=\"nofollow noopener\" target=\"_blank\">Berlin<\/a> is now Berlin and the Lady with an Ermine.<\/p>\n<p class=\"paragraph larva \/\/ lrv-u-margin-lr-auto     \">\n\tThe second season of \u00c1lex Pina\u00a0and\u00a0Esther Mart\u00ednez Lobato\u2019s hit <a href=\"https:\/\/deadline.com\/tag\/netflix\/\" id=\"auto-tag_netflix\" data-tag=\"netflix\" rel=\"nofollow noopener\" target=\"_blank\">Netflix<\/a> series out of Spain will launch May 15 and new pics have dropped. <\/p>\n<p class=\"paragraph larva \/\/ lrv-u-margin-lr-auto     \">\n\tThis next chapter, which has been given a new title, continues the universe of\u00a0Money Heist\u00a0and\u00a0Berlin, and will focus on a new master heist set against the backdrop of Seville. Berlin and Dami\u00e1n bring the gang together to pretend to steal the Lady with an Ermine. But their real target is the Duke of M\u00e1laga and his wife, a couple who think they can blackmail Berlin. What they don\u2019t expect is that their challenge will awaken Berlin\u2019s darkest side \u2014 and his thirst for revenge. <\/p>\n<p class=\"paragraph larva \/\/ lrv-u-margin-lr-auto     \">\n\tMoney Heist is one of Netflix\u2019s most successful non-English-language shows of all time and Berlin has deftly followed in its footsteps. Pina\u00a0and Mart\u00ednez Lobato also just launched Netflix\u2019s Billionaires\u2019 Bunker, a super rich parody that Pina recently <a href=\"https:\/\/deadline.com\/2025\/09\/money-heist-creator-alex-pina-netflix-billionaires-bunker-1236545251\/\" rel=\"nofollow noopener\" target=\"_blank\">told us is an<\/a> \u201camalgamation of soap opera, black comedy, jail drama and thriller.\u201d<\/p>\n<p>\t\t\t\t\t\t<img loading=\"lazy\" class=\"c-lazy-image__img lrv-u-background-color-grey-lightest lrv-u-width-100p lrv-u-display-block lrv-u-height-auto\" src=\"https:\/\/deadline.com\/wp-content\/themes\/pmc-deadline-2019\/assets\/public\/lazyload-fallback.jpg\" data-lazy-src=\"https:\/\/www.europesays.com\/ie\/wp-content\/uploads\/2025\/12\/BERLINYLDDA_S02_19022025_FelipeHernandez_DSCF4079.jpg\" alt=\"\" data-lazy- data-lazy- height=\"683\" width=\"1024\" decoding=\"async\"\/><\/p>\n<p>\t\t\t\t\tImage: Felipe Hern\u00e1ndez\/Netflix<\/p>\n<p class=\"paragraph larva \/\/ lrv-u-margin-lr-auto     \">\n\tPedro Alonso\u00a0(Berlin, Money Heist),\u00a0Michelle Jenner\u00a0(Berlin, Isabel),\u00a0Trist\u00e1n Ulloa\u00a0(Berlin, The Asunta Case),\u00a0Bego\u00f1a Vargas\u00a0(Berlin, Welcome to Eden), Julio Pe\u00f1a Fern\u00e1ndez\u00a0(Berlin, The Captive), and\u00a0Joel S\u00e1nchez\u00a0(Berlin, La favorita 1922) reprise their roles in this new installment. They are joined by\u00a0Inma Cuesta\u00a0(The Mess You Leave Behind) as Candela, a new addition to the gang who will steal Berlin\u2019s heart, as well as\u00a0Jos\u00e9 Luis Garc\u00eda-P\u00e9rez\u00a0(Honor) and\u00a0Marta Nieto\u00a0(Mother) as the Duke and Duchess of M\u00e1laga.<\/p>\n<p class=\"paragraph larva \/\/ lrv-u-margin-lr-auto     \">\n\tThe eight episodes of the series, created by Pina\u00a0(Money Heist, Sky Rojo) and Mart\u00ednez Lobato\u00a0(Money Heist, Sky Rojo), are written by the showrunners themselves along with\u00a0David Barrocal,\u00a0Lorena G. Maldonado,\u00a0Itziar Sanju\u00e1n, Humberto Ortega\u00a0and\u00a0Luis Garrido Julve. The episodes are directed by\u00a0Albert Pint\u00f3\u00a0(Berlin, Nowhere, Money Heist),\u00a0David Barrocal\u00a0(Sky Rojo, Billionaires\u2019 Bunker), and\u00a0Jos\u00e9 Manuel Cravioto\u00a0(Billionaires\u2019 Bunker,\u00a0Diablero). The series was filmed in locations across\u00a0Seville, Madrid, San Sebasti\u00e1n,\u00a0Pe\u00f1\u00edscola, and other Spanish cities.<\/p>\n<p>\t\t\t\t\t\t<img loading=\"lazy\" class=\"c-lazy-image__img lrv-u-background-color-grey-lightest lrv-u-width-100p lrv-u-display-block lrv-u-height-auto\" src=\"https:\/\/deadline.com\/wp-content\/themes\/pmc-deadline-2019\/assets\/public\/lazyload-fallback.jpg\" data-lazy-src=\"https:\/\/www.europesays.com\/ie\/wp-content\/uploads\/2025\/12\/BERLINYLDDA_S02_26022025_FelipeHernandez_DSCF7035.jpg\" alt=\"\" data-lazy- data-lazy- height=\"683\" width=\"1024\" decoding=\"async\"\/><\/p>\n<p>\t\t\t\t\tImage: Felipe Hern\u00e1ndez\/Netflix<\/p>\n","protected":false},"excerpt":{"rendered":"Money Heist spin-off Berlin is now Berlin and the Lady with an Ermine. The second season of \u00c1lex&hellip;\n","protected":false},"author":2,"featured_media":226331,"comment_status":"","ping_status":"","sticky":false,"template":"","format":"standard","meta":{"footnotes":""},"categories":[265],"tags":[25123,18,117,19,17,47444,127,128],"class_list":{"0":"post-226330","1":"post","2":"type-post","3":"status-publish","4":"format-standard","5":"has-post-thumbnail","7":"category-tv","8":"tag-berlin","9":"tag-eire","10":"tag-entertainment","11":"tag-ie","12":"tag-ireland","13":"tag-money-heist","14":"tag-netflix","15":"tag-tv"},"share_on_mastodon":{"url":"https:\/\/pubeurope.com\/@ie\/115697705938010670","error":""},"_links":{"self":[{"href":"https:\/\/www.europesays.com\/ie\/wp-json\/wp\/v2\/posts\/226330","targetHints":{"allow":["GET"]}}],"collection":[{"href":"https:\/\/www.europesays.com\/ie\/wp-json\/wp\/v2\/posts"}],"about":[{"href":"https:\/\/www.europesays.com\/ie\/wp-json\/wp\/v2\/types\/post"}],"author":[{"embeddable":true,"href":"https:\/\/www.europesays.com\/ie\/wp-json\/wp\/v2\/users\/2"}],"replies":[{"embeddable":true,"href":"https:\/\/www.europesays.com\/ie\/wp-json\/wp\/v2\/comments?post=226330"}],"version-history":[{"count":0,"href":"https:\/\/www.europesays.com\/ie\/wp-json\/wp\/v2\/posts\/226330\/revisions"}],"wp:featuredmedia":[{"embeddable":true,"href":"https:\/\/www.europesays.com\/ie\/wp-json\/wp\/v2\/media\/226331"}],"wp:attachment":[{"href":"https:\/\/www.europesays.com\/ie\/wp-json\/wp\/v2\/media?parent=226330"}],"wp:term":[{"taxonomy":"category","embeddable":true,"href":"https:\/\/www.europesays.com\/ie\/wp-json\/wp\/v2\/categories?post=226330"},{"taxonomy":"post_tag","embeddable":true,"href":"https:\/\/www.europesays.com\/ie\/wp-json\/wp\/v2\/tags?post=226330"}],"curies":[{"name":"wp","href":"https:\/\/api.w.org\/{rel}","templated":true}]}}