{"id":234578,"date":"2025-12-15T21:09:28","date_gmt":"2025-12-15T21:09:28","guid":{"rendered":"https:\/\/www.europesays.com\/ie\/234578\/"},"modified":"2025-12-15T21:09:28","modified_gmt":"2025-12-15T21:09:28","slug":"from-ecologies-to-everyday-life-reflecting-on-architectural-exhibitions-in-2025","status":"publish","type":"post","link":"https:\/\/www.europesays.com\/ie\/234578\/","title":{"rendered":"From Ecologies to Everyday Life: Reflecting on Architectural Exhibitions in 2025"},"content":{"rendered":"<p><a class=\"js-image-size__link \" href=\"https:\/\/www.archdaily.com\/1036818\/from-ecologies-to-everyday-life-reflecting-on-architectural-exhibitions-in-2025\/6939926b243c4d07fecdac15-from-ecologies-to-everyday-life-reflecting-on-architectural-exhibitions-in-2025-photo\" rel=\"attachment nofollow noopener\" style=\"width: 100%; height: 100%;\" target=\"_blank\"><img decoding=\"async\" alt=\"From Ecologies to Everyday Life: Reflecting on Architectural Exhibitions in 2025 - Image 1 of 40\" data-nr-picture-id=\"6939926b243c4d07fecdac15\" fetchpriority=\"high\" height=\"426\" itemprop=\"image\" loading=\"eager\" longdesc=\"https:\/\/www.archdaily.com\/1036818\/from-ecologies-to-everyday-life-reflecting-on-architectural-exhibitions-in-2025\/6939926b243c4d07fecdac15-from-ecologies-to-everyday-life-reflecting-on-architectural-exhibitions-in-2025-photo\" src=\"https:\/\/www.europesays.com\/ie\/wp-content\/uploads\/2025\/12\/_27.jpg\" style=\"min-height: var(--featured-height, auto); aspect-ratio: auto 640 \/ 426\" width=\"640\"\/><\/a>Milan Design Week TAM TAM. Temple, Action, Movement by Alvisi Kirimoto. Image \u00a9 Giuseppe Miotto &#8211; Marco Cappelletti Studio<\/p>\n<p>    Share<\/p>\n<p>Share<\/p>\n<ul class=\"afd-share__networks clearfix\">\n<li class=\"afd-share__social\"><a aria-label=\"Facebook\" class=\"afd-share__button\" data-insights-category=\"share\" data-insights-label=\"facebook_sharing_options\" data-insights-value=\"1036818\" data-social=\"facebook\" href=\"https:\/\/www.facebook.com\/sharer\/sharer.php?u=https:\/\/www.archdaily.com\/1036818\/from-ecologies-to-everyday-life-reflecting-on-architectural-exhibitions-in-2025\" rel=\"nofollow noopener\" target=\"_blank\"><\/a>\n<p>Facebook<\/p>\n<\/li>\n<li class=\"afd-share__social\"><a aria-label=\"Twitter\" class=\"afd-share__button\" data-insights-category=\"share\" data-insights-label=\"twitter_sharing_options\" data-insights-value=\"1036818\" data-social=\"twitter\" href=\"https:\/\/twitter.com\/intent\/tweet?text=From%20Ecologies%20to%20Everyday%20Life%3A%20Reflecting%20on%20Architectural%20Exhibitions%20in%202025&amp;url=https:\/\/www.archdaily.com\/1036818\/from-ecologies-to-everyday-life-reflecting-on-architectural-exhibitions-in-2025&amp;via=archdaily\" rel=\"nofollow noopener\" target=\"_blank\"><\/a>\n<p>Twitter<\/p>\n<\/li>\n<li class=\"afd-share__social\"><a class=\"afd-share__button\" data-insights-category=\"share\" data-insights-label=\"email_sharing_options\" data-insights-value=\"1036818\" data-social=\"email\" href=\"mailto:?subject=From Ecologies to Everyday Life: Reflecting on Architectural Exhibitions in 2025&amp;body=https:\/\/www.archdaily.com\/1036818\/from-ecologies-to-everyday-life-reflecting-on-architectural-exhibitions-in-2025\"><\/a>\n<p>Mail<\/p>\n<\/li>\n<li class=\"afd-share__social\"><a aria-label=\"Pinterest\" class=\"afd-share__button\" data-insights-category=\"share\" data-insights-label=\"pinterest_sharing_options\" data-insights-value=\"1036818\" data-social=\"pinterest\" href=\"https:\/\/pinterest.com\/pin\/create\/button\/?url=https%3A%2F%2Fwww.archdaily.com%2F1036818%2Ffrom-ecologies-to-everyday-life-reflecting-on-architectural-exhibitions-in-2025&amp;media=https%3A%2F%2Fimages.adsttc.com%2Fmedia%2Fimages%2F6939%2F926b%2F243c%2F4d07%2Ffecd%2Fac15%2Flarge_jpg%2F_27.jpg%3F1765380721&amp;description=From%20Ecologies%20to%20Everyday%20Life%3A%20Reflecting%20on%20Architectural%20Exhibitions%20in%202025\" rel=\"nofollow noopener\" target=\"_blank\"><\/a>\n<p>Pinterest<\/p>\n<\/li>\n<li class=\"afd-share__social\"><a aria-label=\"Whatsapp\" class=\"afd-share__button\" data-action=\"share\/whatsapp\/share\" data-insights-category=\"share\" data-insights-label=\"whatsapp_sharing_options\" data-insights-value=\"1036818\" data-social=\"whatsapp\" href=\"whatsapp:\/\/send?text=From+Ecologies+to+Everyday+Life%3A+Reflecting+on+Architectural+Exhibitions+in+2025+%7C+https%3A%2F%2Fwww.archdaily.com%2F1036818%2Ffrom-ecologies-to-everyday-life-reflecting-on-architectural-exhibitions-in-2025%3Futm_source%3DWhatsapp%26utm_medium%3DIM%26utm_campaign%3Dshare-button\" rel=\"nofollow\"><\/a>\n<p>Whatsapp<\/p>\n<\/li>\n<\/ul>\n<p>Or<\/p>\n<p>https:\/\/www.archdaily.com\/1036818\/from-ecologies-to-everyday-life-reflecting-on-architectural-exhibitions-in-2025<\/p>\n<p><a href=\"https:\/\/www.archdaily.com\/1036469\/the-year-in-review-archdailys-december-editorial-focus\" target=\"_blank\" rel=\"noopener nofollow\">This past year marked a period of introspection for architecture<\/a>. As 2025 unfolded, the discipline, confronted with evolving environmental and <a href=\"https:\/\/www.archdaily.com\/1027904\/art-activism-and-the-city-illuminating-social-change\" target=\"_blank\" rel=\"noopener nofollow\">social realities<\/a>, entered a broader turning point in how it understands its role and how users engage with it. Throughout the year, <a href=\"https:\/\/www.archdaily.com\/tag\/exhibitions\" target=\"_blank\" rel=\"noopener nofollow\">exhibitions<\/a> shifted focus away from buildings as isolated objects toward a broader understanding of relationships between <a href=\"https:\/\/www.archdaily.com\/tag\/ecology\" target=\"_blank\" rel=\"noopener nofollow\">ecology<\/a>, <a href=\"https:\/\/www.archdaily.com\/tag\/equity\" rel=\"nofollow noopener\" target=\"_blank\">equity<\/a>, everyday life, and collective imaginaries. Across institutions and cities, they operated less as showcases and more as discursive platforms: places where architecture was not only presented, but also imagined, questioned, and collectively redefined. <\/p>\n<p>While exhibitions have long functioned as sites of discourse, politics, and community, this role became more explicit in 2025. As <a href=\"https:\/\/www.archdaily.com\/tag\/carlo-ratti\" rel=\"nofollow noopener\" target=\"_blank\">Carlo Ratti<\/a> noted in an <a href=\"https:\/\/www.youtube.com\/watch?utm_medium=website&amp;utm_source=archdaily.com&amp;v=jxJxD16q29s\" target=\"_blank\" rel=\"nofollow noopener\">ArchDaily interview<\/a> during the pre-opening of the <a href=\"https:\/\/www.archdaily.com\/tag\/venice-architecture-biennale-2025\" rel=\"nofollow noopener\" target=\"_blank\">Venice Architecture Biennale 2025<\/a>, exhibitions today can &#8220;hybridize the way that people come together,&#8221; an ambition that echoed across cities and institutions as exhibitions evolved into spaces for debate, <a href=\"https:\/\/www.archdaily.com\/tag\/experimentation\" rel=\"nofollow noopener\" target=\"_blank\">experimentation<\/a>, and collective reflection. Exhibitions are places where architects and designers meet, where conversations unfold openly with the public, and where ideas emerge through spontaneous exchanges among passersby. Exhibitions became spaces where <a href=\"https:\/\/www.archdaily.com\/tag\/discourse\" rel=\"nofollow noopener\" target=\"_blank\">architectural discourse<\/a> extended beyond professional circles, opening conversations to broader publics through everyday encounters, shared experiences, and informal exchanges.<\/p>\n<p class=\"thumbs afd-desktop-e clearfix\"><a class=\"thumbs__link\" data-nr-picture-id=\"6938a21f243c4d16dac7c0ae\" href=\"https:\/\/www.archdaily.com\/1036818\/from-ecologies-to-everyday-life-reflecting-on-architectural-exhibitions-in-2025\/6938a21f243c4d16dac7c0ae-from-ecologies-to-everyday-life-reflecting-on-architectural-exhibitions-in-2025-photo\" rel=\"attachment nofollow noopener\" target=\"_blank\"><img loading=\"lazy\" decoding=\"async\" alt=\"From Ecologies to Everyday Life: Reflecting on Architectural Exhibitions in 2025 - Image 2 of 40\" class=\"thumbs__img b-lazy\" data-nr-picture-id=\"6938a21f243c4d16dac7c0ae\" data-pin-nopin=\"true\" src=\"https:\/\/www.europesays.com\/ie\/wp-content\/uploads\/2025\/12\/_1.jpg\" height=\"125\" longdesc=\"https:\/\/www.archdaily.com\/1036818\/from-ecologies-to-everyday-life-reflecting-on-architectural-exhibitions-in-2025\/6938a21f243c4d16dac7c0ae-from-ecologies-to-everyday-life-reflecting-on-architectural-exhibitions-in-2025-photo\" title=\"Bukhara Biennial Salt Carried by the Wind, 2024\u20132025 by Subodh Gupta India in with tableware by Baxtiyor Nazirov Uzbekistan. Image \u00a9 Felix Odell\" width=\"125\"\/><\/a><a class=\"thumbs__link\" data-nr-picture-id=\"6938a1f734310b0188a423eb\" href=\"https:\/\/www.archdaily.com\/1036818\/from-ecologies-to-everyday-life-reflecting-on-architectural-exhibitions-in-2025\/6938a1f734310b0188a423eb-from-ecologies-to-everyday-life-reflecting-on-architectural-exhibitions-in-2025-photo\" rel=\"attachment nofollow noopener\" target=\"_blank\"><img loading=\"lazy\" decoding=\"async\" alt=\"From Ecologies to Everyday Life: Reflecting on Architectural Exhibitions in 2025 - Image 3 of 40\" class=\"thumbs__img b-lazy\" data-nr-picture-id=\"6938a1f734310b0188a423eb\" data-pin-nopin=\"true\" src=\"https:\/\/www.europesays.com\/ie\/wp-content\/uploads\/2025\/12\/1765832954_176__1.jpg\" height=\"125\" longdesc=\"https:\/\/www.archdaily.com\/1036818\/from-ecologies-to-everyday-life-reflecting-on-architectural-exhibitions-in-2025\/6938a1f734310b0188a423eb-from-ecologies-to-everyday-life-reflecting-on-architectural-exhibitions-in-2025-photo\" title=\"Spanish Pavilion Expo Osaka 2025 \/ ENORME Studio + Smart and Green Design + EXTUDIO. Image \u00a9 ArchExist\" width=\"125\"\/><\/a><a class=\"thumbs__link\" data-nr-picture-id=\"6938a1ba243c4d16dac7c0a3\" href=\"https:\/\/www.archdaily.com\/1036818\/from-ecologies-to-everyday-life-reflecting-on-architectural-exhibitions-in-2025\/6938a1ba243c4d16dac7c0a3-from-ecologies-to-everyday-life-reflecting-on-architectural-exhibitions-in-2025-photo\" rel=\"attachment nofollow noopener\" target=\"_blank\"><img loading=\"lazy\" decoding=\"async\" alt=\"From Ecologies to Everyday Life: Reflecting on Architectural Exhibitions in 2025 - Image 4 of 40\" class=\"thumbs__img b-lazy\" data-nr-picture-id=\"6938a1ba243c4d16dac7c0a3\" data-pin-nopin=\"true\" src=\"https:\/\/www.europesays.com\/ie\/wp-content\/uploads\/2025\/12\/1765832954_589__1.jpg\" height=\"125\" longdesc=\"https:\/\/www.archdaily.com\/1036818\/from-ecologies-to-everyday-life-reflecting-on-architectural-exhibitions-in-2025\/6938a1ba243c4d16dac7c0a3-from-ecologies-to-everyday-life-reflecting-on-architectural-exhibitions-in-2025-photo\" title=\"Festival des Architectures Vives \/ The Tasting Tongue - Art Installation \/ Studio Deng. Image \u00a9 Paul Kozlowski\" width=\"125\"\/><\/a><a class=\"thumbs__link\" data-nr-picture-id=\"6938a1cfd7d6cc1289001e3e\" href=\"https:\/\/www.archdaily.com\/1036818\/from-ecologies-to-everyday-life-reflecting-on-architectural-exhibitions-in-2025\/6938a1cfd7d6cc1289001e3e-from-ecologies-to-everyday-life-reflecting-on-architectural-exhibitions-in-2025-photo\" rel=\"attachment nofollow noopener\" target=\"_blank\"><img loading=\"lazy\" decoding=\"async\" alt=\"From Ecologies to Everyday Life: Reflecting on Architectural Exhibitions in 2025 - Image 5 of 40\" class=\"thumbs__img b-lazy\" data-nr-picture-id=\"6938a1cfd7d6cc1289001e3e\" data-pin-nopin=\"true\" src=\"https:\/\/www.europesays.com\/ie\/wp-content\/uploads\/2025\/12\/1765832955_457__1.jpg\" height=\"125\" longdesc=\"https:\/\/www.archdaily.com\/1036818\/from-ecologies-to-everyday-life-reflecting-on-architectural-exhibitions-in-2025\/6938a1cfd7d6cc1289001e3e-from-ecologies-to-everyday-life-reflecting-on-architectural-exhibitions-in-2025-photo\" title=\"AlMusalla at the Islamic Arts Biennale \/ East Architecture Studio Courtesy of the Diriyah Biennale Foundation. Image \u00a9 Marco Cappelletti\" width=\"125\"\/><\/a><a class=\"gallery-link afd-desktop-e\" href=\"https:\/\/www.archdaily.com\/1036818\/from-ecologies-to-everyday-life-reflecting-on-architectural-exhibitions-in-2025\/6939926b243c4d07fecdac15-from-ecologies-to-everyday-life-reflecting-on-architectural-exhibitions-in-2025-photo\" rel=\"nofollow noopener\" target=\"_blank\"><img decoding=\"async\" alt=\"From Ecologies to Everyday Life: Reflecting on Architectural Exhibitions in 2025 - More Images\" class=\"thumbs__img b-lazy\" src=\"https:\/\/www.europesays.com\/ie\/wp-content\/uploads\/2025\/12\/_27.jpg\" itemprop=\"image\" bad-src=\"data:image\/gif;base64,R0lGODlhAQABAIAAAAUEBAAAACwAAAAAAQABAAACAkQBADs=\"\/>+ 35<\/a><\/p>\n<p>More than temporary displays, exhibitions have increasingly operated as interfaces between architecture and society. They translate complex spatial, environmental, and political questions into experiences that can be accessed, questioned, and discussed beyond disciplinary boundaries. By occupying museums, streets, pavilions, and <a href=\"https:\/\/www.archdaily.com\/tag\/public-spaces\" target=\"_blank\" rel=\"noopener nofollow\">public spaces<\/a>, exhibitions amplify architectural thinking, reaching wider audiences and turning design into a shared cultural conversation rather than a closed professional debate.<\/p>\n<p>  Related Article <a class=\"rel-article__link\" data-insights-category=\"related-article\" data-insights-label=\"3\" data-insights-value=\"1036818\" href=\"https:\/\/www.archdaily.com\/1036637\/the-architecture-agenda-inside-the-key-events-of-2026?ad_medium=widget&amp;ad_name=related-article&amp;ad_content=1036818\" rel=\"nofollow noopener\" target=\"_blank\">The Architecture Agenda: Inside the Key Events of 2026<\/a>  <\/p>\n<p>Throughout the year, exhibitions adopted a wide range of approaches, expanding not only in themes but also in formats, scales, and modes of engagement. Topics ranged from <a href=\"https:\/\/www.archdaily.com\/tag\/ecology\" rel=\"nofollow noopener\" target=\"_blank\">planetary ecologies <\/a>and <a href=\"https:\/\/www.archdaily.com\/tag\/energy\" rel=\"nofollow noopener\" target=\"_blank\">energy futures<\/a> to everyday <a href=\"https:\/\/www.archdaily.com\/tag\/domesticity\" target=\"_blank\" rel=\"noopener nofollow\">domestic rituals<\/a>, <a href=\"https:\/\/www.archdaily.com\/tag\/urban-intervention\" target=\"_blank\" rel=\"noopener nofollow\">urban repair,<\/a> cultural memory, and public participation. Some exhibitions operated as research platforms, others as spatial experiments or civic invitations, while many combined archival material, installations, performances, and public programs. This diversity reflected a growing understanding of exhibitions not as fixed formats, but as adaptable tools for addressing different questions within the discipline. By embracing this duality, exhibitions contributed to expanding their own disciplinary role. Rather than replicating standard models, many events tested new strategies, choosing dialogues over authorship and experiences over representation. In doing so, exhibitions did not simply mirror architectural debates; they actively shaped how architecture is communicated, discussed, and understood by wider audiences, reinforcing exhibitions as critical infrastructures for the discipline&#8217;s evolution.<\/p>\n<p>Below is a curated reading of the themes explored through architectural exhibitions in 2025. Rather than isolated moments, these events collectively reveal recurring concerns shaping contemporary architectural discourse, from ecological and climatic conditions to situated knowledge, civic engagement, and public participation. Taken together, they offer a lens through which to understand how exhibitions have become key sites for architectural thought, experimentation, and cultural exchange.<\/p>\n<p><strong>Ecologies and Regenerative Futures<\/strong><\/p>\n<p data-start=\"1091\" data-end=\"1570\">Within this set of exhibitions, ecological thinking emerged not as a singular concern but as a shared framework. Rather than focusing solely on sustainability metrics or technological fixes, these events reframed architecture as part of interconnected environmental systems\u2014where soil, water, energy, biodiversity, and climate act as active design agents. This marked a shift toward regenerative logics grounded in long-term responsibility rather than short-term solutions.<\/p>\n<p data-start=\"1577\" data-end=\"2344\">This orientation became visible across a wide spectrum of exhibitions responding to intensified climatic conditions, resource scarcity, and environmental vulnerability. From large-scale international events addressing energy transition and infrastructural resilience to more research-driven exhibitions focused on solar systems, landscapes, and ecological cycles, a common ambition emerged: to situate architecture within broader environmental processes rather than outside of them. The recurrence of these themes across biennials, triennials, and thematic platforms throughout 2025 points to a global reorientation\u2014one in which architecture is increasingly understood as an ecological practice embedded within, and accountable to, the environments it transforms.<\/p>\n<p><a href=\"https:\/\/www.archdaily.com\/tag\/venice-architecture-biennale-2025\" rel=\"nofollow noopener\" target=\"_blank\">Venice Architecture Biennale 2025<\/a><a class=\"js-image-size__link lazy-anchor\" href=\"https:\/\/www.archdaily.com\/1036818\/from-ecologies-to-everyday-life-reflecting-on-architectural-exhibitions-in-2025\/6939ab57243c4d07fecdacdc-from-ecologies-to-everyday-life-reflecting-on-architectural-exhibitions-in-2025-photo\" rel=\"nofollow noopener\" target=\"_blank\"><img decoding=\"async\" alt=\"From Ecologies to Everyday Life: Reflecting on Architectural Exhibitions in 2025 - Image 31 of 40\" data-nr-picture-id=\"6939ab57243c4d07fecdacdc\" height=\"427\" itemprop=\"image\" loading=\"lazy\" longdesc=\"https:\/\/www.archdaily.com\/1036818\/from-ecologies-to-everyday-life-reflecting-on-architectural-exhibitions-in-2025\/6939ab57243c4d07fecdacdc-from-ecologies-to-everyday-life-reflecting-on-architectural-exhibitions-in-2025-photo\" src=\"https:\/\/www.europesays.com\/ie\/wp-content\/uploads\/2025\/12\/reflecting-on-the-exhibitions-that-reshaped-architectural-discourse-in-2025_30.jpg\" width=\"640\"\/>Coding Plants- An Artificial Reef and Living Kelp Archive\/ Venice Architecture Biennale 2025. Courtesy of Terreform ONE. Image \u00a9 Terreform ONE<\/a><a href=\"https:\/\/www.archdaily.com\/1034713\/sao-paulo-architecture-biennial-points-to-possible-futures-for-a-planet-in-crisis\" rel=\"nofollow noopener\" target=\"_blank\">S\u00e3o Paulo Architecture Biennial 2025<\/a><a class=\"js-image-size__link lazy-anchor\" href=\"https:\/\/www.archdaily.com\/1036818\/from-ecologies-to-everyday-life-reflecting-on-architectural-exhibitions-in-2025\/693acee5121507017f0dfdfb-from-ecologies-to-everyday-life-reflecting-on-architectural-exhibitions-in-2025-image\" rel=\"nofollow noopener\" target=\"_blank\"><img decoding=\"async\" alt=\"From Ecologies to Everyday Life: Reflecting on Architectural Exhibitions in 2025 - Image 40 of 40\" data-nr-picture-id=\"693acee5121507017f0dfdfb\" height=\"427\" itemprop=\"image\" loading=\"lazy\" longdesc=\"https:\/\/www.archdaily.com\/1036818\/from-ecologies-to-everyday-life-reflecting-on-architectural-exhibitions-in-2025\/693acee5121507017f0dfdfb-from-ecologies-to-everyday-life-reflecting-on-architectural-exhibitions-in-2025-image\" src=\"https:\/\/www.europesays.com\/ie\/wp-content\/uploads\/2025\/12\/from-ecologies-to-everyday-life-reflecting-on-architectural-exhibitions-in-2025_40.jpg\" width=\"640\"\/>S\u00e3o Paulo Architecture Biennial. Tecno\u00edndia Module, by Jos\u00e9 Afonso Botura Portocarrero. Photo \u00a9 Rafa D&#8217;Andrea<\/a><a href=\"https:\/\/www.archdaily.com\/1035864\/a-look-at-the-45-award-winning-pavilions-of-expo-2025-osaka\" target=\"_blank\" rel=\"noopener nofollow\">Expo Osaka 2025<\/a><a class=\"js-image-size__link lazy-anchor\" href=\"https:\/\/www.archdaily.com\/1036818\/from-ecologies-to-everyday-life-reflecting-on-architectural-exhibitions-in-2025\/6939ae1e243c4d07fecdad05-from-ecologies-to-everyday-life-reflecting-on-architectural-exhibitions-in-2025-photo\" rel=\"nofollow noopener\" target=\"_blank\"><img decoding=\"async\" alt=\"From Ecologies to Everyday Life: Reflecting on Architectural Exhibitions in 2025 - Image 33 of 40\" data-nr-picture-id=\"6939ae1e243c4d07fecdad05\" height=\"427\" itemprop=\"image\" loading=\"lazy\" longdesc=\"https:\/\/www.archdaily.com\/1036818\/from-ecologies-to-everyday-life-reflecting-on-architectural-exhibitions-in-2025\/6939ae1e243c4d07fecdad05-from-ecologies-to-everyday-life-reflecting-on-architectural-exhibitions-in-2025-photo\" src=\"https:\/\/www.europesays.com\/ie\/wp-content\/uploads\/2025\/12\/reflecting-on-the-exhibitions-that-reshaped-architectural-discourse-in-2025_33.jpg\" width=\"640\"\/>Osaka Expo 2025\/ Foresting Architecture Pavilion \/ Takenaka Corporation. Image \u00a9 Yoshiro Masuda<\/a><a href=\"https:\/\/www.archdaily.com\/1035135\/lisbon-architecture-triennale-2025-examines-the-technosphere-and-human-impact-on-earth\" rel=\"nofollow noopener\" target=\"_blank\">Lisbon Architecture Triennial 2025<\/a><a class=\"js-image-size__link lazy-anchor\" href=\"https:\/\/www.archdaily.com\/1036818\/from-ecologies-to-everyday-life-reflecting-on-architectural-exhibitions-in-2025\/6938a269d7d6cc1289001e46-from-ecologies-to-everyday-life-reflecting-on-architectural-exhibitions-in-2025-photo\" rel=\"nofollow noopener\" target=\"_blank\"><img decoding=\"async\" alt=\"From Ecologies to Everyday Life: Reflecting on Architectural Exhibitions in 2025 - Image 11 of 40\" data-nr-picture-id=\"6938a269d7d6cc1289001e46\" height=\"427\" itemprop=\"image\" loading=\"lazy\" longdesc=\"https:\/\/www.archdaily.com\/1036818\/from-ecologies-to-everyday-life-reflecting-on-architectural-exhibitions-in-2025\/6938a269d7d6cc1289001e46-from-ecologies-to-everyday-life-reflecting-on-architectural-exhibitions-in-2025-photo\" src=\"https:\/\/www.europesays.com\/ie\/wp-content\/uploads\/2025\/12\/1765832957_357__1.jpg\" width=\"640\"\/>Lisbon Architecture Triennale 2025 FLUXES. Image \u00a9 Matilde Fieschi<\/a><a href=\"https:\/\/www.archdaily.com\/1032370\/works-by-takk-and-ecologicstudio-on-display-at-the-second-edition-of-the-solar-biennale-at-lausannes-mudac-museum\" rel=\"nofollow noopener\" target=\"_blank\">Solar Biennale<\/a><a class=\"js-image-size__link lazy-anchor\" href=\"https:\/\/www.archdaily.com\/1036818\/from-ecologies-to-everyday-life-reflecting-on-architectural-exhibitions-in-2025\/6938a27b34310b0188a423f5-from-ecologies-to-everyday-life-reflecting-on-architectural-exhibitions-in-2025-photo\" rel=\"nofollow noopener\" target=\"_blank\"><img decoding=\"async\" alt=\"From Ecologies to Everyday Life: Reflecting on Architectural Exhibitions in 2025 - Image 10 of 40\" data-nr-picture-id=\"6938a27b34310b0188a423f5\" height=\"427\" itemprop=\"image\" loading=\"lazy\" longdesc=\"https:\/\/www.archdaily.com\/1036818\/from-ecologies-to-everyday-life-reflecting-on-architectural-exhibitions-in-2025\/6938a27b34310b0188a423f5-from-ecologies-to-everyday-life-reflecting-on-architectural-exhibitions-in-2025-photo\" src=\"https:\/\/www.europesays.com\/ie\/wp-content\/uploads\/2025\/12\/1765832957_356__1.jpg\" width=\"640\"\/>Soleil\u00b7s Solar Biennale Exhibition at Mudac, Switzerland, 2025. TAKK Installation views. Image \u00a9 Cynthia Ammann<\/a><a href=\"https:\/\/www.archdaily.com\/1032518\/architecture-for-a-changing-world-insights-from-the-2025-versailles-biennale\" rel=\"nofollow noopener\" target=\"_blank\">2025 Versailles Biennale of Architecture and Landscape<\/a><a class=\"js-image-size__link lazy-anchor\" href=\"https:\/\/www.archdaily.com\/1036818\/from-ecologies-to-everyday-life-reflecting-on-architectural-exhibitions-in-2025\/6938a29dd7d6cc4b3704412c-from-ecologies-to-everyday-life-reflecting-on-architectural-exhibitions-in-2025-image\" rel=\"nofollow noopener\" target=\"_blank\"><img decoding=\"async\" alt=\"From Ecologies to Everyday Life: Reflecting on Architectural Exhibitions in 2025 - Image 9 of 40\" data-nr-picture-id=\"6938a29dd7d6cc4b3704412c\" height=\"427\" itemprop=\"image\" loading=\"lazy\" longdesc=\"https:\/\/www.archdaily.com\/1036818\/from-ecologies-to-everyday-life-reflecting-on-architectural-exhibitions-in-2025\/6938a29dd7d6cc4b3704412c-from-ecologies-to-everyday-life-reflecting-on-architectural-exhibitions-in-2025-image\" src=\"https:\/\/www.europesays.com\/ie\/wp-content\/uploads\/2025\/12\/1765832958_859__1.jpg\" width=\"640\"\/>Biennial of Architecture and Landscape of I\u0302le-de-France 2025. Image Courtesy of I\u0302le-de-France Architecture and Landscape Biennial<\/a><strong>Situated and Decentered Practices<\/strong><\/p>\n<p>Numerous exhibitions this year challenged established canons by presenting practices rooted in their respective territories, cultures, and knowledge systems. Rather than presenting architecture as a universal language, these events emphasized situated approaches, ones shaped by local histories, climate, material traditions, and social structures. Across regions, exhibitions increasingly turned to ancestral techniques, collective processes, and context-driven design as valid and necessary forms of architectural production.<\/p>\n<p>This shift toward decentered practices was reflected in the growing visibility of exhibitions emerging outside traditional Euro-American centers. From biennials in the Middle East, Latin America, Central Asia, and the Mediterranean to initiatives that emphasize regional narratives and long-term cultural contexts, 2025 marked a noticeable redistribution of architectural attention. Events such as the <a href=\"https:\/\/www.archdaily.com\/tag\/islamic-arts-biennale\" rel=\"nofollow noopener\" target=\"_blank\">Islamic Arts Biennale<\/a>, <a href=\"https:\/\/www.archdaily.com\/tag\/bal-2025\" rel=\"nofollow noopener\" target=\"_blank\">BAL 2025<\/a>, and the <a href=\"https:\/\/www.archdaily.com\/tag\/bukhara-biennial\" rel=\"nofollow noopener\" target=\"_blank\">Bukhara Biennial<\/a>, as well as initiatives in Istanbul and Beirut, have positioned architecture within broader frameworks of memory, identity, and territorial knowledge. Together, they revealed a shared ambition across exhibitions worldwide: to expand what counts as architectural practice, and to recognize design practices rooted in place, community, and lived experience as central to the discipline&#8217;s future.<\/p>\n<p> <a href=\"https:\/\/www.archdaily.com\/tag\/islamic-arts-biennale\" rel=\"nofollow noopener\" target=\"_blank\">Islamic Arts Biennale 2025<\/a> <a class=\"js-image-size__link lazy-anchor\" href=\"https:\/\/www.archdaily.com\/1036818\/from-ecologies-to-everyday-life-reflecting-on-architectural-exhibitions-in-2025\/6938a1cfd7d6cc1289001e3e-from-ecologies-to-everyday-life-reflecting-on-architectural-exhibitions-in-2025-photo\" rel=\"nofollow noopener\" target=\"_blank\"><img decoding=\"async\" alt=\"From Ecologies to Everyday Life: Reflecting on Architectural Exhibitions in 2025 - Image 5 of 40\" data-nr-picture-id=\"6938a1cfd7d6cc1289001e3e\" height=\"427\" itemprop=\"image\" loading=\"lazy\" longdesc=\"https:\/\/www.archdaily.com\/1036818\/from-ecologies-to-everyday-life-reflecting-on-architectural-exhibitions-in-2025\/6938a1cfd7d6cc1289001e3e-from-ecologies-to-everyday-life-reflecting-on-architectural-exhibitions-in-2025-photo\" src=\"https:\/\/www.europesays.com\/ie\/wp-content\/uploads\/2025\/12\/1765832958_61__1.jpg\" width=\"640\"\/>AlMusalla at the Islamic Arts Biennale \/ East Architecture Studio Courtesy of the Diriyah Biennale Foundation. Image \u00a9 Marco Cappelletti<\/a><a href=\"https:\/\/www.archdaily.com\/1034422\/we-design-beirut-2025-revitalizing-lebanons-architectural-heritage\" rel=\"nofollow noopener\" target=\"_blank\">WeDesign Beirut 2025<\/a><a class=\"js-image-size__link lazy-anchor\" href=\"https:\/\/www.archdaily.com\/1036818\/from-ecologies-to-everyday-life-reflecting-on-architectural-exhibitions-in-2025\/6938a252243c4d16dac7c0b1-from-ecologies-to-everyday-life-reflecting-on-architectural-exhibitions-in-2025-photo\" rel=\"nofollow noopener\" target=\"_blank\"><img decoding=\"async\" alt=\"From Ecologies to Everyday Life: Reflecting on Architectural Exhibitions in 2025 - Image 14 of 40\" data-nr-picture-id=\"6938a252243c4d16dac7c0b1\" height=\"427\" itemprop=\"image\" loading=\"lazy\" longdesc=\"https:\/\/www.archdaily.com\/1036818\/from-ecologies-to-everyday-life-reflecting-on-architectural-exhibitions-in-2025\/6938a252243c4d16dac7c0b1-from-ecologies-to-everyday-life-reflecting-on-architectural-exhibitions-in-2025-photo\" src=\"https:\/\/www.europesays.com\/ie\/wp-content\/uploads\/2025\/12\/1765832959_927__1.jpg\" width=\"640\"\/>We Design Beirut 2025- Revitalizing Lebanon&#8217;s Architectural Heritage. Image \u00a9 Karim Sakr<\/a><a href=\"https:\/\/www.archdaily.com\/1034939\/highlights-from-bal-2025-latin-american-architecture-biennial\" rel=\"nofollow noopener\" target=\"_blank\">BAL 2025: Latin American Architecture Biennial<\/a><a class=\"js-image-size__link lazy-anchor\" href=\"https:\/\/www.archdaily.com\/1036818\/from-ecologies-to-everyday-life-reflecting-on-architectural-exhibitions-in-2025\/6938a1c334310b0188a423e7-from-ecologies-to-everyday-life-reflecting-on-architectural-exhibitions-in-2025-photo\" rel=\"nofollow noopener\" target=\"_blank\"><img decoding=\"async\" alt=\"From Ecologies to Everyday Life: Reflecting on Architectural Exhibitions in 2025 - Image 24 of 40\" data-nr-picture-id=\"6938a1c334310b0188a423e7\" height=\"427\" itemprop=\"image\" loading=\"lazy\" longdesc=\"https:\/\/www.archdaily.com\/1036818\/from-ecologies-to-everyday-life-reflecting-on-architectural-exhibitions-in-2025\/6938a1c334310b0188a423e7-from-ecologies-to-everyday-life-reflecting-on-architectural-exhibitions-in-2025-photo\" src=\"https:\/\/www.europesays.com\/ie\/wp-content\/uploads\/2025\/12\/1765832959_318__1.jpg\" width=\"640\"\/>Latin American Architecture Biennial 2025 Jungle Gym \/ VOID. Image \u00a9 Andres Garcia Lachner<\/a><a href=\"https:\/\/www.archdaily.com\/tag\/istanbul-design-biennial\" rel=\"nofollow noopener\" target=\"_blank\">Istanbul Design Biennial<\/a><a class=\"js-image-size__link lazy-anchor\" href=\"https:\/\/www.archdaily.com\/1036818\/from-ecologies-to-everyday-life-reflecting-on-architectural-exhibitions-in-2025\/6938a1e934310b0188a423ea-from-ecologies-to-everyday-life-reflecting-on-architectural-exhibitions-in-2025-photo\" rel=\"nofollow noopener\" target=\"_blank\"><img decoding=\"async\" alt=\"From Ecologies to Everyday Life: Reflecting on Architectural Exhibitions in 2025 - Image 21 of 40\" data-nr-picture-id=\"6938a1e934310b0188a423ea\" height=\"427\" itemprop=\"image\" loading=\"lazy\" longdesc=\"https:\/\/www.archdaily.com\/1036818\/from-ecologies-to-everyday-life-reflecting-on-architectural-exhibitions-in-2025\/6938a1e934310b0188a423ea-from-ecologies-to-everyday-life-reflecting-on-architectural-exhibitions-in-2025-photo\" src=\"https:\/\/www.europesays.com\/ie\/wp-content\/uploads\/2025\/12\/1765832960_642__1.jpg\" width=\"640\"\/>Istanbul Biennial Khalil Rabah \u201cRed Navigapparate\u201d | Garden of the Former French Orphanage. Image \u00a9 Sahir Ugur Eren<\/a><a href=\"https:\/\/www.archdaily.com\/tag\/bukhara-biennial\" rel=\"nofollow noopener\" target=\"_blank\">Bukhara Biennial <\/a><a class=\"js-image-size__link lazy-anchor\" href=\"https:\/\/www.archdaily.com\/1036818\/from-ecologies-to-everyday-life-reflecting-on-architectural-exhibitions-in-2025\/6938a21f243c4d16dac7c0ae-from-ecologies-to-everyday-life-reflecting-on-architectural-exhibitions-in-2025-photo\" rel=\"nofollow noopener\" target=\"_blank\"><img decoding=\"async\" alt=\"From Ecologies to Everyday Life: Reflecting on Architectural Exhibitions in 2025 - Image 2 of 40\" data-nr-picture-id=\"6938a21f243c4d16dac7c0ae\" height=\"427\" itemprop=\"image\" loading=\"lazy\" longdesc=\"https:\/\/www.archdaily.com\/1036818\/from-ecologies-to-everyday-life-reflecting-on-architectural-exhibitions-in-2025\/6938a21f243c4d16dac7c0ae-from-ecologies-to-everyday-life-reflecting-on-architectural-exhibitions-in-2025-photo\" src=\"https:\/\/www.europesays.com\/ie\/wp-content\/uploads\/2025\/12\/1765832960_846__1.jpg\" width=\"640\"\/>Bukhara Biennial Salt Carried by the Wind, 2024\u20132025 by Subodh Gupta India in with tableware by Baxtiyor Nazirov Uzbekistan. Image \u00a9 Felix Odell<\/a><strong>Everyday Spaces and Domestic Scales<\/strong><\/p>\n<p>In many exhibitions this year, the domestic sphere was reframed as a shared and accessible space rather than a private or purely aesthetic one. Interiors, objects, and everyday rituals became lenses to examine how design shapes social structures, inclusion, and ways of living. Rather than focusing on singular design icons, these events emphasized spatial experiences rooted in daily life, highlighting how domestic environments mediate relationships between individuals, communities, and broader cultural values.<\/p>\n<p>This approach was especially visible across major design weeks, where the boundaries between architecture, interiors, and design were intentionally blurred. <a href=\"https:\/\/www.archdaily.com\/tag\/nycxdesign\" rel=\"nofollow noopener\" target=\"_blank\">NYCxDESIGN<\/a>, under the theme Design is for Everyone, emphasized inclusivity and accessibility, positioning everyday environments as tools for social participation. At <a href=\"https:\/\/www.archdaily.com\/tag\/milan-design-week\" rel=\"nofollow noopener\" target=\"_blank\">Milan Design Week<\/a>, architect-designed objects and spatial installations explored materiality, light, and atmosphere at the scale of daily life. <a href=\"https:\/\/www.archdaily.com\/tag\/dutch-design-week\" rel=\"nofollow noopener\" target=\"_blank\">Dutch Design Week<\/a> highlighted research-driven and speculative practices addressing social and environmental futures. At the same time, trade fairs such as Maison&amp;Objet expanded domestic narratives beyond individual products to engage questions of atmosphere, material culture, and contemporary ways of living. The <a href=\"https:\/\/www.archdaily.com\/tag\/festival-des-architectures-vives\" rel=\"nofollow noopener\" target=\"_blank\">Festival des Architectures Vives<\/a> further extended these concerns into courtyards, thresholds, and intimate urban spaces within historic fabrics.<\/p>\n<p><a href=\"https:\/\/www.archdaily.com\/tag\/milan-design-week-2025?ad_source=search&amp;ad_medium=search_result_articles\" rel=\"nofollow noopener\" target=\"_blank\">Milan Design Week 2025<\/a><a class=\"js-image-size__link lazy-anchor\" href=\"https:\/\/www.archdaily.com\/1036818\/from-ecologies-to-everyday-life-reflecting-on-architectural-exhibitions-in-2025\/6938a272243c4d16dac7c0b2-from-ecologies-to-everyday-life-reflecting-on-architectural-exhibitions-in-2025-photo\" rel=\"nofollow noopener\" target=\"_blank\"><img decoding=\"async\" alt=\"From Ecologies to Everyday Life: Reflecting on Architectural Exhibitions in 2025 - Image 6 of 40\" data-nr-picture-id=\"6938a272243c4d16dac7c0b2\" height=\"427\" itemprop=\"image\" loading=\"lazy\" longdesc=\"https:\/\/www.archdaily.com\/1036818\/from-ecologies-to-everyday-life-reflecting-on-architectural-exhibitions-in-2025\/6938a272243c4d16dac7c0b2-from-ecologies-to-everyday-life-reflecting-on-architectural-exhibitions-in-2025-photo\" src=\"https:\/\/www.europesays.com\/ie\/wp-content\/uploads\/2025\/12\/1765832961_558__1.jpg\" width=\"640\"\/>2025 Milan Design Week All the Things We Do in Bed by Laila Gohar for Marimekko. Image \u00a9 Sean Davidson<\/a><a href=\"https:\/\/www.archdaily.com\/990922\/lessons-learned-a-podcast-by-dutch-design-week-and-archdaily?ad_source=search&amp;ad_medium=search_result_articles\" rel=\"nofollow noopener\" target=\"_blank\">Dutch Design Week 2025<\/a><a class=\"js-image-size__link lazy-anchor\" href=\"https:\/\/www.archdaily.com\/1036818\/from-ecologies-to-everyday-life-reflecting-on-architectural-exhibitions-in-2025\/6939b040243c4d07fecdad32-from-ecologies-to-everyday-life-reflecting-on-architectural-exhibitions-in-2025-photo\" rel=\"nofollow noopener\" target=\"_blank\"><img decoding=\"async\" alt=\"From Ecologies to Everyday Life: Reflecting on Architectural Exhibitions in 2025 - Image 36 of 40\" data-nr-picture-id=\"6939b040243c4d07fecdad32\" height=\"427\" itemprop=\"image\" loading=\"lazy\" longdesc=\"https:\/\/www.archdaily.com\/1036818\/from-ecologies-to-everyday-life-reflecting-on-architectural-exhibitions-in-2025\/6939b040243c4d07fecdad32-from-ecologies-to-everyday-life-reflecting-on-architectural-exhibitions-in-2025-photo\" src=\"https:\/\/www.europesays.com\/ie\/wp-content\/uploads\/2025\/12\/reflecting-on-the-exhibitions-that-reshaped-architectural-discourse-in-2025_37.jpg\" width=\"640\"\/>Dutch Design Week 2025, Exhibition Views. Image \u00a9 Max Kneefel<\/a><a href=\"https:\/\/www.archdaily.com\/1027424\/2025-nycxdesign-festival?utm_source=chatgpt.com\" rel=\"nofollow noopener\" target=\"_blank\">NYCxDESIGN 2025<\/a><a class=\"js-image-size__link lazy-anchor\" href=\"https:\/\/www.archdaily.com\/1036818\/from-ecologies-to-everyday-life-reflecting-on-architectural-exhibitions-in-2025\/6938a292d7d6cc1289001e4b-from-ecologies-to-everyday-life-reflecting-on-architectural-exhibitions-in-2025-photo\" rel=\"nofollow noopener\" target=\"_blank\"><img decoding=\"async\" alt=\"From Ecologies to Everyday Life: Reflecting on Architectural Exhibitions in 2025 - Image 8 of 40\" data-nr-picture-id=\"6938a292d7d6cc1289001e4b\" height=\"427\" itemprop=\"image\" loading=\"lazy\" longdesc=\"https:\/\/www.archdaily.com\/1036818\/from-ecologies-to-everyday-life-reflecting-on-architectural-exhibitions-in-2025\/6938a292d7d6cc1289001e4b-from-ecologies-to-everyday-life-reflecting-on-architectural-exhibitions-in-2025-photo\" src=\"https:\/\/www.europesays.com\/ie\/wp-content\/uploads\/2025\/12\/1765832962_515__1.jpg\" width=\"640\"\/>NYCxDESIGN Festival Opening Night Party at Mercer Labs. Image \u00a9 Sub-Urban Photography<\/a><a href=\"https:\/\/www.archdaily.com\/1033889\/10-highlighted-installations-and-exhibitions-from-maison-and-objet-and-paris-design-week-2025?ad_source=search&amp;ad_medium=search_result_articles\" target=\"_blank\" rel=\"noopener nofollow\">Maison&amp;Objet<\/a><a class=\"js-image-size__link lazy-anchor\" href=\"https:\/\/www.archdaily.com\/1036818\/from-ecologies-to-everyday-life-reflecting-on-architectural-exhibitions-in-2025\/6939ae81d7d6cc49d4e30987-from-ecologies-to-everyday-life-reflecting-on-architectural-exhibitions-in-2025-image\" rel=\"nofollow noopener\" target=\"_blank\"><img decoding=\"async\" alt=\"From Ecologies to Everyday Life: Reflecting on Architectural Exhibitions in 2025 - Image 35 of 40\" data-nr-picture-id=\"6939ae81d7d6cc49d4e30987\" height=\"427\" itemprop=\"image\" loading=\"lazy\" longdesc=\"https:\/\/www.archdaily.com\/1036818\/from-ecologies-to-everyday-life-reflecting-on-architectural-exhibitions-in-2025\/6939ae81d7d6cc49d4e30987-from-ecologies-to-everyday-life-reflecting-on-architectural-exhibitions-in-2025-image\" src=\"https:\/\/www.europesays.com\/ie\/wp-content\/uploads\/2025\/12\/reflecting-on-the-exhibitions-that-reshaped-architectural-discourse-in-2025_35.jpg\" width=\"640\"\/>&#8220;Folie&#8221; installation by Lucas Huillet and Alexandre Helwani. Cour de l\u2019Ho\u0302tel de Sully\/Maison &amp; Objet. Image Courtesy of Maison &amp; Objet<\/a><a href=\"https:\/\/www.archdaily.com\/1036682\/the-tasting-tongue-art-installation-studio-deng\" target=\"_blank\" rel=\"noopener nofollow\">Festival des Architectures Vives 2025<\/a><a class=\"js-image-size__link lazy-anchor\" href=\"https:\/\/www.archdaily.com\/1036818\/from-ecologies-to-everyday-life-reflecting-on-architectural-exhibitions-in-2025\/6938a1ba243c4d16dac7c0a3-from-ecologies-to-everyday-life-reflecting-on-architectural-exhibitions-in-2025-photo\" rel=\"nofollow noopener\" target=\"_blank\"><img decoding=\"async\" alt=\"From Ecologies to Everyday Life: Reflecting on Architectural Exhibitions in 2025 - Image 4 of 40\" data-nr-picture-id=\"6938a1ba243c4d16dac7c0a3\" height=\"427\" itemprop=\"image\" loading=\"lazy\" longdesc=\"https:\/\/www.archdaily.com\/1036818\/from-ecologies-to-everyday-life-reflecting-on-architectural-exhibitions-in-2025\/6938a1ba243c4d16dac7c0a3-from-ecologies-to-everyday-life-reflecting-on-architectural-exhibitions-in-2025-photo\" src=\"https:\/\/www.europesays.com\/ie\/wp-content\/uploads\/2025\/12\/1765832963_65__1.jpg\" width=\"640\"\/>Festival des Architectures Vives \/ The Tasting Tongue &#8211; Art Installation \/ Studio Deng. Image \u00a9 Paul Kozlowski<\/a><strong>Urban Experiments as Civic Repair<\/strong><\/p>\n<p data-start=\"235\" data-end=\"768\">Cities have long served as sites for architectural experimentation, but in 2025 they were increasingly approached as grounds for repair. Rather than proposing large-scale masterplans, many exhibitions treated the urban fabric as a testing space for rebuilding social connection, using temporary installations, public structures, and collaborative processes to reimagine how shared spaces function. <a href=\"https:\/\/www.archdaily.com\/tag\/architecture\" rel=\"nofollow noopener\" target=\"_blank\">Architecture<\/a> emerged less as a fixed solution and more as a civic practice capable of operating through small-scale, adaptive gestures.<\/p>\n<p data-start=\"770\" data-end=\"1639\">This approach unfolded across multiple urban scales. Large biennials such as the Chicago <a href=\"https:\/\/www.archdaily.com\/tag\/architecture\" rel=\"nofollow noopener\" target=\"_blank\">Architecture<\/a> Biennial and the <a href=\"https:\/\/www.archdaily.com\/tag\/seoul\" rel=\"nofollow noopener\" target=\"_blank\">Seoul<\/a> Biennale of Architecture and Urbanism framed cities as living laboratories, addressing social, political, and environmental pressures through research-driven installations, exhibitions, and public programs embedded within real urban contexts. At a more immediate, street-level scale, initiatives like Conc\u00e9ntrico in Logro\u00f1o and the TAC! Urban Architecture Festival focused on temporary and site-specific interventions in streets, squares, and underused urban spaces, demonstrating how modest spatial actions can activate public space, invite participation, and encourage collective use. Together, these events reveal a shared direction in 2025: urban experimentation as a form of civic repair, grounded in participation, adaptability, and care.<\/p>\n<p><a href=\"https:\/\/www.archdaily.com\/1023222\/chicago-architecture-biennial-announces-2025-edition-and-theme-shift-architecture-in-times-of-radical-change\" rel=\"nofollow noopener\" target=\"_blank\">Chicago Architecture Biennial 2025<\/a><a class=\"js-image-size__link lazy-anchor\" href=\"https:\/\/www.archdaily.com\/1036818\/from-ecologies-to-everyday-life-reflecting-on-architectural-exhibitions-in-2025\/6938a1f1243c4d16dac7c0aa-from-ecologies-to-everyday-life-reflecting-on-architectural-exhibitions-in-2025-photo\" rel=\"nofollow noopener\" target=\"_blank\"><img decoding=\"async\" alt=\"From Ecologies to Everyday Life: Reflecting on Architectural Exhibitions in 2025 - Image 22 of 40\" data-nr-picture-id=\"6938a1f1243c4d16dac7c0aa\" height=\"427\" itemprop=\"image\" loading=\"lazy\" longdesc=\"https:\/\/www.archdaily.com\/1036818\/from-ecologies-to-everyday-life-reflecting-on-architectural-exhibitions-in-2025\/6938a1f1243c4d16dac7c0aa-from-ecologies-to-everyday-life-reflecting-on-architectural-exhibitions-in-2025-photo\" src=\"https:\/\/www.europesays.com\/ie\/wp-content\/uploads\/2025\/12\/1765832964_417__1.jpg\" width=\"640\"\/>TRACES Installation &#8211; SHIFT- Chicago Architecture Biennial \/ Balsa Crosetto Piazzi + Giorgis Ortiz . Image \u00a9 Marcos Guiponi<\/a><a href=\"https:\/\/www.archdaily.com\/tag\/seoul-biennale-2025\" rel=\"nofollow noopener\" target=\"_blank\">Seoul Biennale of Architecture and Urbanism 2025<\/a><a class=\"js-image-size__link lazy-anchor\" href=\"https:\/\/www.archdaily.com\/1036818\/from-ecologies-to-everyday-life-reflecting-on-architectural-exhibitions-in-2025\/6938a1b2d7d6cc1289001e3b-from-ecologies-to-everyday-life-reflecting-on-architectural-exhibitions-in-2025-image\" rel=\"nofollow noopener\" target=\"_blank\"><img decoding=\"async\" alt=\"From Ecologies to Everyday Life: Reflecting on Architectural Exhibitions in 2025 - Image 25 of 40\" data-nr-picture-id=\"6938a1b2d7d6cc1289001e3b\" height=\"427\" itemprop=\"image\" loading=\"lazy\" longdesc=\"https:\/\/www.archdaily.com\/1036818\/from-ecologies-to-everyday-life-reflecting-on-architectural-exhibitions-in-2025\/6938a1b2d7d6cc1289001e3b-from-ecologies-to-everyday-life-reflecting-on-architectural-exhibitions-in-2025-image\" src=\"https:\/\/www.europesays.com\/ie\/wp-content\/uploads\/2025\/12\/1765832964_516__1.jpg\" width=\"640\"\/>Breathing Cells at the 2025 Seoul Biennale. Image Courtesy of MAD Architects<\/a><a href=\"https:\/\/www.archdaily.com\/1033891\/the-city-as-a-laboratory-of-proceses-a-decade-of-urban-experimentation-with-concentrico\" rel=\"nofollow noopener\" target=\"_blank\">Conc\u00e9ntrico (Logro\u00f1o) 2025<\/a><a class=\"js-image-size__link lazy-anchor\" href=\"https:\/\/www.archdaily.com\/1036818\/from-ecologies-to-everyday-life-reflecting-on-architectural-exhibitions-in-2025\/6938a1dc243c4d16dac7c0a8-from-ecologies-to-everyday-life-reflecting-on-architectural-exhibitions-in-2025-photo\" rel=\"nofollow noopener\" target=\"_blank\"><img decoding=\"async\" alt=\"From Ecologies to Everyday Life: Reflecting on Architectural Exhibitions in 2025 - Image 23 of 40\" data-nr-picture-id=\"6938a1dc243c4d16dac7c0a8\" height=\"427\" itemprop=\"image\" loading=\"lazy\" longdesc=\"https:\/\/www.archdaily.com\/1036818\/from-ecologies-to-everyday-life-reflecting-on-architectural-exhibitions-in-2025\/6938a1dc243c4d16dac7c0a8-from-ecologies-to-everyday-life-reflecting-on-architectural-exhibitions-in-2025-photo\" src=\"https:\/\/www.europesays.com\/ie\/wp-content\/uploads\/2025\/12\/1765832965_653__1.jpg\" width=\"640\"\/>Conce\u0301ntrico Festival Round About Baths \/ Leopold Banchini Architects. Image \u00a9 Gregori Civera<\/a><a href=\"https:\/\/www.archdaily.com\/1031174\/tac-2025-urban-architecture-festival-winning-pavilions-celebrate-local-materials-and-coastal-culture-in-spain\" rel=\"nofollow noopener\" target=\"_blank\">TAC! Urban Architecture Festival <\/a><a class=\"js-image-size__link lazy-anchor\" href=\"https:\/\/www.archdaily.com\/1036818\/from-ecologies-to-everyday-life-reflecting-on-architectural-exhibitions-in-2025\/6938a20a243c4d16dac7c0ac-from-ecologies-to-everyday-life-reflecting-on-architectural-exhibitions-in-2025-image\" rel=\"nofollow noopener\" target=\"_blank\"><img decoding=\"async\" alt=\"From Ecologies to Everyday Life: Reflecting on Architectural Exhibitions in 2025 - Image 20 of 40\" data-nr-picture-id=\"6938a20a243c4d16dac7c0ac\" height=\"427\" itemprop=\"image\" loading=\"lazy\" longdesc=\"https:\/\/www.archdaily.com\/1036818\/from-ecologies-to-everyday-life-reflecting-on-architectural-exhibitions-in-2025\/6938a20a243c4d16dac7c0ac-from-ecologies-to-everyday-life-reflecting-on-architectural-exhibitions-in-2025-image\" src=\"https:\/\/www.europesays.com\/ie\/wp-content\/uploads\/2025\/12\/1765832965_242__1.jpg\" width=\"640\"\/>ESPARTAL Pavilion \/ ELE Arkitektura, GA Estudio, Florencia Galecio, and Juan Gubbins. Image Courtesy of TAC! Festival de Arquitectura Urbana<\/a><strong>Opening the Discipline to the Public<\/strong><\/p>\n<p data-start=\"202\" data-end=\"828\">Architectural exhibitions stepped beyond professional circles and into public life. Alongside biennials and large-scale platforms, a growing number of events deliberately addressed broader audiences, prioritizing access, participation, and dialogue as central strategies. <a href=\"https:\/\/www.archdaily.com\/tag\/architecture\" rel=\"nofollow noopener\" target=\"_blank\">Architecture<\/a> was framed less as a specialized discourse and more as a shared cultural practice embedded in public space. The emphasis shifted away from presenting architecture as an object of expertise toward creating encounters, conversations, and collective learning, redefining who gets to engage with architectural ideas and how they are experienced.<\/p>\n<p data-start=\"830\" data-end=\"1646\">This approach was visible in events that actively invited public participation. Open House Europe&#8217;s Annual Summit reimagined cities as open invitations, combining tours, public exhibitions, and inclusive dialogues around design and urban equity. The Copenhagen <a href=\"https:\/\/www.archdaily.com\/tag\/architecture\" rel=\"nofollow noopener\" target=\"_blank\">Architecture<\/a> Biennial transformed closed buildings into shared experiences through extensive city-wide open-house initiatives. Meanwhile, the <a href=\"https:\/\/www.archdaily.com\/tag\/london-design-biennale\" rel=\"nofollow noopener\" target=\"_blank\">London Design Biennale<\/a> and MEXTR\u00d3POLI turned museums and plazas into arenas for global design debate, activating installations, talks, workshops, and performances accessible to diverse audiences. In these contexts, architecture moved beyond a specialised discourse to become a shared cultural conversation, an open invitation for people to imagine, question, and participate in shaping the built environment.<\/p>\n<p><a href=\"https:\/\/www.archdaily.com\/tag\/archdaily-x-open-house\" rel=\"nofollow noopener\" target=\"_blank\">Open House Europe Annual Summit 2025<\/a><a class=\"js-image-size__link lazy-anchor\" href=\"https:\/\/www.archdaily.com\/1036818\/from-ecologies-to-everyday-life-reflecting-on-architectural-exhibitions-in-2025\/69399a16d7d6cc49d4e308f4-from-ecologies-to-everyday-life-reflecting-on-architectural-exhibitions-in-2025-photo\" rel=\"nofollow noopener\" target=\"_blank\"><img decoding=\"async\" alt=\"From Ecologies to Everyday Life: Reflecting on Architectural Exhibitions in 2025 - Image 29 of 40\" data-nr-picture-id=\"69399a16d7d6cc49d4e308f4\" height=\"427\" itemprop=\"image\" loading=\"lazy\" longdesc=\"https:\/\/www.archdaily.com\/1036818\/from-ecologies-to-everyday-life-reflecting-on-architectural-exhibitions-in-2025\/69399a16d7d6cc49d4e308f4-from-ecologies-to-everyday-life-reflecting-on-architectural-exhibitions-in-2025-photo\" src=\"https:\/\/www.europesays.com\/ie\/wp-content\/uploads\/2025\/12\/architecture-at-scale-exhibitions-that-prompted-dialogues-in-2025_29.jpg\" width=\"640\"\/>Hellenic Parliament Library in Open House Athens2022 Courtesy of Open House Greece. Image \u00a9 Gavriil Papadiotis<\/a><a href=\"https:\/\/www.archdaily.com\/1031605\/10-pavilion-highlights-from-the-london-design-biennale-2025\" rel=\"nofollow noopener\" target=\"_blank\">London Design Biennale 2025<\/a><a class=\"js-image-size__link lazy-anchor\" href=\"https:\/\/www.archdaily.com\/1036818\/from-ecologies-to-everyday-life-reflecting-on-architectural-exhibitions-in-2025\/6939ae2d243c4d07fecdad06-from-ecologies-to-everyday-life-reflecting-on-architectural-exhibitions-in-2025-photo\" rel=\"nofollow noopener\" target=\"_blank\"><img decoding=\"async\" alt=\"From Ecologies to Everyday Life: Reflecting on Architectural Exhibitions in 2025 - Image 34 of 40\" data-nr-picture-id=\"6939ae2d243c4d07fecdad06\" height=\"427\" itemprop=\"image\" loading=\"lazy\" longdesc=\"https:\/\/www.archdaily.com\/1036818\/from-ecologies-to-everyday-life-reflecting-on-architectural-exhibitions-in-2025\/6939ae2d243c4d07fecdad06-from-ecologies-to-everyday-life-reflecting-on-architectural-exhibitions-in-2025-photo\" src=\"https:\/\/www.europesays.com\/ie\/wp-content\/uploads\/2025\/12\/1765832966_158_reflecting-on-the-exhibitions-that-reshaped-architectural-discourse-in-2025_33.jpg\" width=\"640\"\/>London Design Biennale 2025 The Curiosity Cabinet x The SIM Project \/ Liz Hingley, Egemen Kiziclan, Frank Menger, Sofie Boons, Alphabetical Studio. Image \u00a9 Jack Latimer<\/a><a href=\"https:\/\/www.archdaily.com\/tag\/mextropoli\" rel=\"nofollow noopener\" target=\"_blank\">MEXTR\u00d3POLI 2025<\/a><a class=\"js-image-size__link lazy-anchor\" href=\"https:\/\/www.archdaily.com\/1036818\/from-ecologies-to-everyday-life-reflecting-on-architectural-exhibitions-in-2025\/6938a201d7d6cc1289001e40-from-ecologies-to-everyday-life-reflecting-on-architectural-exhibitions-in-2025-photo\" rel=\"nofollow noopener\" target=\"_blank\"><img decoding=\"async\" alt=\"From Ecologies to Everyday Life: Reflecting on Architectural Exhibitions in 2025 - Image 7 of 40\" data-nr-picture-id=\"6938a201d7d6cc1289001e40\" height=\"427\" itemprop=\"image\" loading=\"lazy\" longdesc=\"https:\/\/www.archdaily.com\/1036818\/from-ecologies-to-everyday-life-reflecting-on-architectural-exhibitions-in-2025\/6938a201d7d6cc1289001e40-from-ecologies-to-everyday-life-reflecting-on-architectural-exhibitions-in-2025-photo\" src=\"https:\/\/www.europesays.com\/ie\/wp-content\/uploads\/2025\/12\/1765832967_304__1.jpg\" width=\"640\"\/>Mextropoli 2025, El Arbol que se fue flotando. Image \u00a9 Jasso<\/a><a href=\"https:\/\/www.archdaily.com\/tag\/copenhagen-architecture-biennial\" rel=\"nofollow noopener\" target=\"_blank\">Copenhagen Architecture Biennial<\/a><a class=\"js-image-size__link lazy-anchor\" href=\"https:\/\/www.archdaily.com\/1036818\/from-ecologies-to-everyday-life-reflecting-on-architectural-exhibitions-in-2025\/6939ad2bd7d6cc49d4e30965-from-ecologies-to-everyday-life-reflecting-on-architectural-exhibitions-in-2025-image\" rel=\"nofollow noopener\" target=\"_blank\"><img decoding=\"async\" alt=\"From Ecologies to Everyday Life: Reflecting on Architectural Exhibitions in 2025 - Image 30 of 40\" data-nr-picture-id=\"6939ad2bd7d6cc49d4e30965\" height=\"427\" itemprop=\"image\" loading=\"lazy\" longdesc=\"https:\/\/www.archdaily.com\/1036818\/from-ecologies-to-everyday-life-reflecting-on-architectural-exhibitions-in-2025\/6939ad2bd7d6cc49d4e30965-from-ecologies-to-everyday-life-reflecting-on-architectural-exhibitions-in-2025-image\" src=\"https:\/\/www.europesays.com\/ie\/wp-content\/uploads\/2025\/12\/reflecting-on-the-exhibitions-that-reshaped-architectural-discourse-in-2025_32.jpg\" width=\"640\"\/>Assemble! at Copenhagen Architecture Biennial 2025. Image Courtesy of Copenhagen Architecture Forum Copenhagen Architecture Forum (CAFx)<\/a><\/p>\n<p>These exhibitions revealed design&#8217;s power to unite, expanding architecture beyond disciplinary boundaries through experimentation, dialogue, and public engagement. Rather than advancing a single narrative, they reflected a broader cultural reorientation, framing architecture not as a finished product but as a relational practice shaped by communities, ecosystems, and everyday life. In doing so, exhibitions reaffirmed their role as critical spaces where architectural ideas are collectively questioned, negotiated, and reimagined.<\/p>\n<p><strong>This article is part of the<\/strong><a href=\"https:\/\/www.archdaily.com\/tag\/archdaily-topic-2025-year-in-review\" rel=\"nofollow noopener\" target=\"_blank\"><strong> <\/strong><strong>ArchDaily Topic: Year in Review<\/strong><\/a><strong>, proudly presented by<\/strong><a href=\"https:\/\/www.gira.com\/en\/en\/architecture-planning?utm_campaign=gira-arcmark_topic-best-of-2025&amp;utm_content=web_gira-arcmark_logo&amp;utm_medium=referral&amp;utm_source=archdaily-EN\" target=\"_blank\" rel=\"nofollow noopener\"><strong> <\/strong><strong>GIRA<\/strong><\/a><strong>.<\/strong><\/p>\n<p>GIRA sets the standard where architectural design meets intelligence. From the defining moments of 2025 to the innovations shaping 2026, we create smart solutions that elevate living and working environments with timeless aesthetics. Join us in shaping the future of architecture and interior design \u2014 where vision becomes reality.<\/p>\n<p>Every month we explore a topic in-depth through articles, interviews, news, and architecture projects. We invite you to learn more about<a href=\"https:\/\/www.archdaily.com\/monthly-topics?ad_source=monthly_article&amp;ad_medium=bottom_link\" rel=\"nofollow noopener\" target=\"_blank\"> our ArchDaily Topics<\/a>. And, as always, at ArchDaily we welcome the contributions of our readers; if you want to submit an article or project,<a href=\"https:\/\/www.archdaily.com\/contact?ad_source=monthly_article&amp;ad_medium=bottom_link\" rel=\"nofollow noopener\" target=\"_blank\"> contact us<\/a>.<\/p>\n<p>  Related Article <a class=\"rel-article__link\" data-insights-category=\"related-article\" data-insights-label=\"3\" data-insights-value=\"1036818\" href=\"https:\/\/www.archdaily.com\/1036637\/the-architecture-agenda-inside-the-key-events-of-2026?ad_medium=widget&amp;ad_name=related-article&amp;ad_content=1036818\" rel=\"nofollow noopener\" target=\"_blank\">The Architecture Agenda: Inside the Key Events of 2026<\/a>  <script async src=\"https:\/\/platform.twitter.com\/widgets.js\" charset=\"utf-8\"><\/script><\/p>\n","protected":false},"excerpt":{"rendered":"Milan Design Week TAM TAM. Temple, Action, Movement by Alvisi Kirimoto. Image \u00a9 Giuseppe Miotto &#8211; Marco Cappelletti&hellip;\n","protected":false},"author":2,"featured_media":234579,"comment_status":"","ping_status":"","sticky":false,"template":"","format":"standard","meta":{"footnotes":""},"categories":[267],"tags":[120341,124711,367,33541,365,362,363,364,124720,124718,18272,124705,124715,124717,366,124710,81100,6130,18,117,124709,35620,124722,19,17,124719,124714,19238,124723,124706,124704,83510,98598,124721,4915,124716,7267,124713,124712,124708,124707,115685,33540],"class_list":{"0":"post-234578","1":"post","2":"type-post","3":"status-publish","4":"format-standard","5":"has-post-thumbnail","7":"category-arts-and-design","8":"tag-archdaily-topic-2025-year-in-review","9":"tag-archdaily-x-open-house","10":"tag-architecture","11":"tag-architecture-exhibitions","12":"tag-arts","13":"tag-arts-and-design","14":"tag-artsanddesign","15":"tag-artsdesign","16":"tag-bal-2025","17":"tag-bukhara-biennial","18":"tag-chicago-architecture-biennial","19":"tag-chicago-design-week","20":"tag-concentrico","21":"tag-copenhagen-architecture-biennial","22":"tag-design","23":"tag-domesticity","24":"tag-dutch-design-week","25":"tag-ecology","26":"tag-eire","27":"tag-entertainment","28":"tag-experimentation","29":"tag-expo-2025-osaka","30":"tag-festival-des-architectures-vives","31":"tag-ie","32":"tag-ireland","33":"tag-islamic-arts-biennale","34":"tag-latin-american-architecture-biennial-bal-2025","35":"tag-lisbon-architecture-triennale","36":"tag-london-design-biennale","37":"tag-maison-et-objet","38":"tag-mextropoli","39":"tag-milan-design-week","40":"tag-milan-design-week-2025","41":"tag-nycxdesign","42":"tag-public-spaces","43":"tag-sao-paulo-architecture-biennial","44":"tag-seoul","45":"tag-seoul-biennale-2025","46":"tag-tac-festival-de-arquitectura-urbana","47":"tag-urban-exploration","48":"tag-urban-interventions","49":"tag-urban-regeneration","50":"tag-venice-biennale"},"share_on_mastodon":{"url":"","error":"Validation failed: Text character limit of 500 exceeded"},"_links":{"self":[{"href":"https:\/\/www.europesays.com\/ie\/wp-json\/wp\/v2\/posts\/234578","targetHints":{"allow":["GET"]}}],"collection":[{"href":"https:\/\/www.europesays.com\/ie\/wp-json\/wp\/v2\/posts"}],"about":[{"href":"https:\/\/www.europesays.com\/ie\/wp-json\/wp\/v2\/types\/post"}],"author":[{"embeddable":true,"href":"https:\/\/www.europesays.com\/ie\/wp-json\/wp\/v2\/users\/2"}],"replies":[{"embeddable":true,"href":"https:\/\/www.europesays.com\/ie\/wp-json\/wp\/v2\/comments?post=234578"}],"version-history":[{"count":0,"href":"https:\/\/www.europesays.com\/ie\/wp-json\/wp\/v2\/posts\/234578\/revisions"}],"wp:featuredmedia":[{"embeddable":true,"href":"https:\/\/www.europesays.com\/ie\/wp-json\/wp\/v2\/media\/234579"}],"wp:attachment":[{"href":"https:\/\/www.europesays.com\/ie\/wp-json\/wp\/v2\/media?parent=234578"}],"wp:term":[{"taxonomy":"category","embeddable":true,"href":"https:\/\/www.europesays.com\/ie\/wp-json\/wp\/v2\/categories?post=234578"},{"taxonomy":"post_tag","embeddable":true,"href":"https:\/\/www.europesays.com\/ie\/wp-json\/wp\/v2\/tags?post=234578"}],"curies":[{"name":"wp","href":"https:\/\/api.w.org\/{rel}","templated":true}]}}