{"id":237073,"date":"2025-12-17T07:44:12","date_gmt":"2025-12-17T07:44:12","guid":{"rendered":"https:\/\/www.europesays.com\/ie\/237073\/"},"modified":"2025-12-17T07:44:12","modified_gmt":"2025-12-17T07:44:12","slug":"a-rambunctious-and-humorous-set-with-heartfelt-moments-the-irish-times","status":"publish","type":"post","link":"https:\/\/www.europesays.com\/ie\/237073\/","title":{"rendered":"A rambunctious and humorous set with heartfelt moments \u2013 The Irish Times"},"content":{"rendered":"<p>Kneecap3Arena, Dublin\u2605\u2605\u2605\u2605<\/p>\n<p class=\"c-paragraph paywall \">It\u2019s 14 months since <a href=\"https:\/\/www.irishtimes.com\/tags\/kneecap\" target=\"_blank\" rel=\"noreferrer nofollow noopener\" title=\"https:\/\/www.irishtimes.com\/tags\/kneecap\">Kneecap<\/a> released a semi-fictional movie about their overnight rise \u2013 but it turns out that the real drama was yet to come.<\/p>\n<p class=\"c-paragraph paywall \">Demonstrating an uncanny talent for staying in the spotlight the Derry-Belfast rap trio have gone on to be championed by Elton John, condemned in the House of Commons, feted at Glastonbury and dragged before the British courts. <\/p>\n<p class=\"c-paragraph paywall \">At the end of 12 months like that there is the obvious worry that the first of two headline performances at 3Arena Dublin might be an anticlimax. Are they already thinking of a Christmas breather?<\/p>\n<p class=\"c-paragraph paywall \">As if aware of that possibility the trio of Mo Chara, M\u00f3gla\u00ed Bap, and DJ Pr\u00f3va\u00ed, bring the energy with a rambunctious and humorous set, that begins polemic on the video screens about the use of Shannon by the US military but which then keeps the politics largely in the wings (\u201cno flags on stage, only bags\u201d).<\/p>\n<p><img decoding=\"async\" data-chromatic=\"ignore\" alt=\"A Tricolour balclava-clad fan reacts during the gig. Photograph: Chris Maddaloni\" class=\"c-image\" loading=\"lazy\" src=\"https:\/\/www.europesays.com\/ie\/wp-content\/uploads\/2025\/12\/DQGKMNIGYJGYVFZYCJ55ZG4UBE.JPG\"   width=\"800\" height=\"533\"\/>A Tricolour balclava-clad fan reacts during the gig. Photograph: Chris Maddaloni <img decoding=\"async\" data-chromatic=\"ignore\" alt=\"Kneecap on stage in the 3Arena. Photograph: Chris Maddaloni\" class=\"c-image\" loading=\"lazy\" src=\"https:\/\/www.europesays.com\/ie\/wp-content\/uploads\/2025\/12\/UAJIFUWAPRCGDAF4ICT63KB24I.JPG\"   width=\"800\" height=\"533\"\/>Kneecap on stage in the 3Arena. Photograph: Chris Maddaloni <\/p>\n<p class=\"c-paragraph paywall \">How strange to recall that, this time a year ago, Kneecap were not regarded as especially outspoken about Palestine. Yes, they talked about it at every concert \u2013 but \u2013 most of the attention was on their Irish language activism. All that changed at the Coachella festival in California last April when they projected the message \u201cF*ck Israel\u201d on stage. The internet went into meltdown \u2013 and the group were both condemned and celebrated with equal enthusiasm.<\/p>\n<p class=\"c-paragraph paywall \">At the 3Arena, they deliver their now customary stump speech about Palestine \u2013 after criticising the landlords and tech companies who they say have caused rents to rise in Dublin (they should have seen Dublin before the tech companies). They also speak out on behalf of hunger strikers linked to Palestine Action in jail in the UK.<\/p>\n<p class=\"c-paragraph paywall \">Kneecap\u2019s feelings about Palestine are of course entirely sincere. But their political outspokenness has done wonders too for their profile.<\/p>\n<p class=\"c-paragraph paywall \">In the UK, fans and detractors alike have likened them to the Sex Pistols \u2013 another group who terrified the moral majority and sent politicians into a collective faint. <\/p>\n<p><img decoding=\"async\" data-chromatic=\"ignore\" alt=\"DJ Pr&#xF3;va&#xED; performing with Kneecap in the 3Arena on Tuesday. Photograph: Chris Maddaloni\" class=\"c-image\" loading=\"lazy\" src=\"https:\/\/www.europesays.com\/ie\/wp-content\/uploads\/2025\/12\/UUYYPDIXSVFN7IA3K3W3IDOXDY.JPG\"   width=\"800\" height=\"533\"\/>DJ Pr\u00f3va\u00ed performing with Kneecap in the 3Arena on Tuesday. Photograph: Chris Maddaloni <img decoding=\"async\" data-chromatic=\"ignore\" alt=\"M&#xF3;gla&#xED; Bap and Mo Chara. Photograph: Chris Maddaloni\" class=\"c-image\" loading=\"lazy\" src=\"https:\/\/www.europesays.com\/ie\/wp-content\/uploads\/2025\/12\/AYXC2P2OERGWFOEYONV3F4K3AI.JPG\"   width=\"800\" height=\"533\"\/>M\u00f3gla\u00ed Bap and Mo Chara. Photograph: Chris Maddaloni <\/p>\n<p class=\"c-paragraph paywall \">The Sex Pistols were of course ultimately a victory of hype over music (they had tunes but not enough to keep the bandwagon going). Might that be true of Kneecap? Worryingly the new songs they have released post-Coachella have suggested a less interesting prodigy and lack the wit of their debut album Fine Art. <\/p>\n<p class=\"c-paragraph paywall \">That LP is more or less played in full and showcases not only their politics but also their humour. There are heartfelt moments, too, including the dedication of a song to the late  writer and broadcaster Manch\u00e1n Magan. <\/p>\n<p class=\"c-paragraph paywall \">They reveal that playing 3Arena was always their long-term ambition. To mark the occasion there are guest appearances by Limerick rapper Shane Davis and Dundalk\u2019s The Mary Wallopers with their hip hop project TPM, plus an a cappella rendition of the Dublin trad dirge Auld Triangle.<\/p>\n<p><img decoding=\"async\" data-chromatic=\"ignore\" alt=\"DJ Pr&#xF3;va&#xED; on stage. Photograph: Chris Maddaloni\" class=\"c-image\" loading=\"lazy\" src=\"https:\/\/www.europesays.com\/ie\/wp-content\/uploads\/2025\/12\/DNPLTBNQ4NAXPELZNJ275NMCDA.JPG\"   width=\"800\" height=\"533\"\/>DJ Pr\u00f3va\u00ed on stage. Photograph: Chris Maddaloni <img decoding=\"async\" data-chromatic=\"ignore\" alt=\"Mo Chara performs on stage during the show. Photograph: Chris Maddaloni\" class=\"c-image\" loading=\"lazy\" src=\"https:\/\/www.europesays.com\/ie\/wp-content\/uploads\/2025\/12\/UZARF2LAW5ARTIZQ75AHL7T2HE.JPG\"   width=\"800\" height=\"533\"\/>Mo Chara performs on stage during the show. Photograph: Chris Maddaloni <\/p>\n<p class=\"c-paragraph paywall \">Kneecap later dedicate the rave onslaught Get Your Brits out to late British prime minister Margaret Thatcher and lead a chant of \u201cMaggie\u2019s in a box\u201d. This is sure to cause no controversy whatsoever on social media and will undoubtedly pass without comment. <\/p>\n<p class=\"c-paragraph paywall \">With DJ Pr\u00f3va\u00ed rapping from the middle of the crowd, Kneepcap begin the encore with the Recap \u2013 a brash new tune that chronicles their run-in with British justice over the display of a Hizbullah flag at a show. They finish with a singalong of Fairytale of New York, dedicated to M\u00f3gla\u00ed Baps\u2019s late grandmother Theresa Carleton.<\/p>\n<p class=\"c-paragraph paywall \">What does the future hold for Kneecap? Are they a three-headed controversy machine or will they outlast the infamy sure to evaporate sooner or later? You feel the next chapter will be crucial \u2013 but for now, Kneecap remain a formidable live machine and this concert is great fun.<\/p>\n","protected":false},"excerpt":{"rendered":"Kneecap3Arena, Dublin\u2605\u2605\u2605\u2605 It\u2019s 14 months since Kneecap released a semi-fictional movie about their overnight rise \u2013 but it&hellip;\n","protected":false},"author":2,"featured_media":237074,"comment_status":"","ping_status":"","sticky":false,"template":"","format":"standard","meta":{"footnotes":""},"categories":[75],"tags":[26778,663,955,52,18,8824,117,27686,19,17,4066,49976,72],"class_list":{"0":"post-237073","1":"post","2":"type-post","3":"status-publish","4":"format-standard","5":"has-post-thumbnail","7":"category-entertainment","8":"tag-3arena","9":"tag-belfast","10":"tag-derry","11":"tag-dublin","12":"tag-eire","13":"tag-elton-john","14":"tag-entertainment","15":"tag-glastonbury-festival","16":"tag-ie","17":"tag-ireland","18":"tag-kneecap","19":"tag-manchan-magan","20":"tag-palestine"},"share_on_mastodon":{"url":"https:\/\/pubeurope.com\/@ie\/115733795485701094","error":""},"_links":{"self":[{"href":"https:\/\/www.europesays.com\/ie\/wp-json\/wp\/v2\/posts\/237073","targetHints":{"allow":["GET"]}}],"collection":[{"href":"https:\/\/www.europesays.com\/ie\/wp-json\/wp\/v2\/posts"}],"about":[{"href":"https:\/\/www.europesays.com\/ie\/wp-json\/wp\/v2\/types\/post"}],"author":[{"embeddable":true,"href":"https:\/\/www.europesays.com\/ie\/wp-json\/wp\/v2\/users\/2"}],"replies":[{"embeddable":true,"href":"https:\/\/www.europesays.com\/ie\/wp-json\/wp\/v2\/comments?post=237073"}],"version-history":[{"count":0,"href":"https:\/\/www.europesays.com\/ie\/wp-json\/wp\/v2\/posts\/237073\/revisions"}],"wp:featuredmedia":[{"embeddable":true,"href":"https:\/\/www.europesays.com\/ie\/wp-json\/wp\/v2\/media\/237074"}],"wp:attachment":[{"href":"https:\/\/www.europesays.com\/ie\/wp-json\/wp\/v2\/media?parent=237073"}],"wp:term":[{"taxonomy":"category","embeddable":true,"href":"https:\/\/www.europesays.com\/ie\/wp-json\/wp\/v2\/categories?post=237073"},{"taxonomy":"post_tag","embeddable":true,"href":"https:\/\/www.europesays.com\/ie\/wp-json\/wp\/v2\/tags?post=237073"}],"curies":[{"name":"wp","href":"https:\/\/api.w.org\/{rel}","templated":true}]}}