{"id":23998,"date":"2025-08-26T09:31:11","date_gmt":"2025-08-26T09:31:11","guid":{"rendered":"https:\/\/www.europesays.com\/ie\/23998\/"},"modified":"2025-08-26T09:31:11","modified_gmt":"2025-08-26T09:31:11","slug":"48-baby-turtles-hatch-reach-sea-in-western-turkiye","status":"publish","type":"post","link":"https:\/\/www.europesays.com\/ie\/23998\/","title":{"rendered":"48 baby turtles hatch, reach sea in western T\u00fcrkiye"},"content":{"rendered":"<p>In Ayd\u0131n, in western T\u00fcrkiye, 48 baby turtles emerged from their nest on the beach and made their way to the sea.<\/p>\n<p>According to a statement from the Association for the Protection of Ecosystems and Nature Lovers, the caretta caretta nest at Sevgi Beach in the Davutlar neighborhood was carefully opened under controlled conditions with contributions from professor O\u011fuz T\u00fcrkozan, a faculty member of the Biology Department at the Faculty of Arts and Sciences, Adnan Menderes University.<\/p>\n<p>The 48 hatchlings that emerged from the nest later reached the blue waters.<\/p>\n<p>Local residents on the beach also recorded the moment the turtles met the sea on their mobile phones.<\/p>\n<p>In the statement, the Association&#8217;s President, Bahattin S\u00fcr\u00fcc\u00fc, noted that although Ayd\u0131n is outside the usual nesting areas for sea turtles, the number of nests has increased in recent years.<\/p>\n<p>\u201cThis year, there were seven nests in Ku\u015fadas\u0131 and three in Didim. All nests were placed under protection through our collaboration with the National Parks Branch Directorate. The first hatchlings in Ku\u015fadas\u0131 have started emerging. A turtle laid 61 eggs in the Ku\u015fadas\u0131 nest and 48 hatchlings reached the sea. It was observed that 13 eggs were defective. The increasing number of nests each year is very important,\u201d S\u00fcr\u00fcc\u00fc said.<\/p>\n<p>                    <img fetchpriority=\"high\" decoding=\"async\" src=\"https:\/\/www.europesays.com\/ie\/wp-content\/uploads\/2025\/08\/JN9LXf.png\" alt=\"\"\/><\/p>\n<p>\n                    The Daily Sabah Newsletter\n                <\/p>\n<p>\n                    Keep up to date with what\u2019s happening in Turkey,<br \/>\n                    it\u2019s region and the world.\n                <\/p>\n<p>                    SIGN ME UP\n                <\/p>\n<p>\n                    You can unsubscribe at any time. By signing up you are agreeing to our Terms of Use and Privacy Policy.<br \/>\n                    This site is protected by reCAPTCHA and the Google Privacy Policy and Terms of Service apply.\n                <\/p>\n","protected":false},"excerpt":{"rendered":"In Ayd\u0131n, in western T\u00fcrkiye, 48 baby turtles emerged from their nest on the beach and made their&hellip;\n","protected":false},"author":2,"featured_media":23999,"comment_status":"","ping_status":"","sticky":false,"template":"","format":"standard","meta":{"footnotes":""},"categories":[273],"tags":[20211,20212,18,19,17,133,3167,461],"class_list":{"0":"post-23998","1":"post","2":"type-post","3":"status-publish","4":"format-standard","5":"has-post-thumbnail","7":"category-wildlife","8":"tag-aydin","9":"tag-baby-turtles","10":"tag-eire","11":"tag-ie","12":"tag-ireland","13":"tag-science","14":"tag-turtle","15":"tag-wildlife"},"share_on_mastodon":{"url":"","error":""},"_links":{"self":[{"href":"https:\/\/www.europesays.com\/ie\/wp-json\/wp\/v2\/posts\/23998","targetHints":{"allow":["GET"]}}],"collection":[{"href":"https:\/\/www.europesays.com\/ie\/wp-json\/wp\/v2\/posts"}],"about":[{"href":"https:\/\/www.europesays.com\/ie\/wp-json\/wp\/v2\/types\/post"}],"author":[{"embeddable":true,"href":"https:\/\/www.europesays.com\/ie\/wp-json\/wp\/v2\/users\/2"}],"replies":[{"embeddable":true,"href":"https:\/\/www.europesays.com\/ie\/wp-json\/wp\/v2\/comments?post=23998"}],"version-history":[{"count":0,"href":"https:\/\/www.europesays.com\/ie\/wp-json\/wp\/v2\/posts\/23998\/revisions"}],"wp:featuredmedia":[{"embeddable":true,"href":"https:\/\/www.europesays.com\/ie\/wp-json\/wp\/v2\/media\/23999"}],"wp:attachment":[{"href":"https:\/\/www.europesays.com\/ie\/wp-json\/wp\/v2\/media?parent=23998"}],"wp:term":[{"taxonomy":"category","embeddable":true,"href":"https:\/\/www.europesays.com\/ie\/wp-json\/wp\/v2\/categories?post=23998"},{"taxonomy":"post_tag","embeddable":true,"href":"https:\/\/www.europesays.com\/ie\/wp-json\/wp\/v2\/tags?post=23998"}],"curies":[{"name":"wp","href":"https:\/\/api.w.org\/{rel}","templated":true}]}}