{"id":242960,"date":"2025-12-20T15:52:09","date_gmt":"2025-12-20T15:52:09","guid":{"rendered":"https:\/\/www.europesays.com\/ie\/242960\/"},"modified":"2025-12-20T15:52:09","modified_gmt":"2025-12-20T15:52:09","slug":"eileen-holland-nee-scanlan-limericks-live-95","status":"publish","type":"post","link":"https:\/\/www.europesays.com\/ie\/242960\/","title":{"rendered":"Eileen Holland (n\u00e9e Scanlan) &#8211; Limerick&#8217;s Live 95"},"content":{"rendered":"<p style=\"text-align: center;\"><img decoding=\"async\" alt=\"\" src=\"https:\/\/www.europesays.com\/ie\/wp-content\/uploads\/2025\/12\/694698804e659.jpg\" style=\"\"\/><\/p>\n<p style=\"text-align: center;\"><strong>Breskabeg, Clarina, Co. Limerick, formerly of Glenbawn, Ballyhahill, Co. Limerick.<\/strong><\/p>\n<p>20th December, peacefully at home.\u00a0<\/p>\n<p>Predeceased by her beloved husband Paudie, infant daughter and brother Dan.\u00a0<\/p>\n<p>Sadly missed by her loving children Michael, Kevin, Margaret (O\u2019Leary), Donal, Stephen and John Paul, daughter in law Caroline, son in law Killian, grandchildren David, F\u00e9lim, Niall, R\u00f3is\u00edn, Fiona and L\u00f3rc\u00e1n, great grandchild James, sister Joan, brothers Con and John Jo and extended family and friends. Ar dheis D\u00e9 go raibh a anam.\u00a0<\/p>\n<p>Reposing at St. Joseph&#8217;s Church, Ballybrown on Sunday 21st December from 4 to 5:30pm.<\/p>\n<p>Requiem Mass on\u00a0Monday 22nd of December at 11am\u00a0with burial afterwards in Kilcornan Cemetery.<\/p>\n<p>The Requiem Mass will be live-streamed <a href=\"https:\/\/m.twitch.tv\/ballybrownchurch\/home\" rel=\"nofollow noopener\" target=\"_blank\">here<\/a>.\u00a0<\/p>\n<p>Family flowers only. Donations in lieu may be made to Milford Hospice <a href=\"https:\/\/milfordcarecentre.ie\/donate-now\/\" rel=\"nofollow noopener\" target=\"_blank\">here<\/a>\u00a0and the Irish Cancer Society <a href=\"https:\/\/fundraise.cancer.ie\/donate\" rel=\"nofollow noopener\" target=\"_blank\">here<\/a>.\u00a0<\/p>\n<p>House private.\u00a0<\/p>\n<p>The family would like to express their sincere gratitude to the Milford home care team, especially nurse Catriona and the Irish Cancer Society nurses.\u00a0<\/p>\n<p>UNDERTAKER: Kieran Madigan, Funeral Director, Main Street, Askeaton, Co Limerick Tel 061 392121.<\/p>\n<p>\u00a0<\/p>\n","protected":false},"excerpt":{"rendered":"Breskabeg, Clarina, Co. Limerick, formerly of Glenbawn, Ballyhahill, Co. Limerick. 20th December, peacefully at home.\u00a0 Predeceased by her&hellip;\n","protected":false},"author":2,"featured_media":242961,"comment_status":"","ping_status":"","sticky":false,"template":"","format":"standard","meta":{"footnotes":""},"categories":[40],"tags":[9,10,18,13,14,6,19,17,11,12,3006,3009,3005,3008,3007,3010,15,16,5,7,8],"class_list":{"0":"post-242960","1":"post","2":"type-post","3":"status-publish","4":"format-standard","5":"has-post-thumbnail","7":"category-ireland","8":"tag-breaking-news","9":"tag-breakingnews","10":"tag-eire","11":"tag-featured-news","12":"tag-featurednews","13":"tag-headlines","14":"tag-ie","15":"tag-ireland","16":"tag-latest-news","17":"tag-latestnews","18":"tag-limerick-radio","19":"tag-limerick-today","20":"tag-limericks-live95fm","21":"tag-live-95","22":"tag-live95fm","23":"tag-live95fm-homepage","24":"tag-main-news","25":"tag-mainnews","26":"tag-news","27":"tag-top-stories","28":"tag-topstories"},"share_on_mastodon":{"url":"https:\/\/pubeurope.com\/@ie\/115752701246345114","error":""},"_links":{"self":[{"href":"https:\/\/www.europesays.com\/ie\/wp-json\/wp\/v2\/posts\/242960","targetHints":{"allow":["GET"]}}],"collection":[{"href":"https:\/\/www.europesays.com\/ie\/wp-json\/wp\/v2\/posts"}],"about":[{"href":"https:\/\/www.europesays.com\/ie\/wp-json\/wp\/v2\/types\/post"}],"author":[{"embeddable":true,"href":"https:\/\/www.europesays.com\/ie\/wp-json\/wp\/v2\/users\/2"}],"replies":[{"embeddable":true,"href":"https:\/\/www.europesays.com\/ie\/wp-json\/wp\/v2\/comments?post=242960"}],"version-history":[{"count":0,"href":"https:\/\/www.europesays.com\/ie\/wp-json\/wp\/v2\/posts\/242960\/revisions"}],"wp:featuredmedia":[{"embeddable":true,"href":"https:\/\/www.europesays.com\/ie\/wp-json\/wp\/v2\/media\/242961"}],"wp:attachment":[{"href":"https:\/\/www.europesays.com\/ie\/wp-json\/wp\/v2\/media?parent=242960"}],"wp:term":[{"taxonomy":"category","embeddable":true,"href":"https:\/\/www.europesays.com\/ie\/wp-json\/wp\/v2\/categories?post=242960"},{"taxonomy":"post_tag","embeddable":true,"href":"https:\/\/www.europesays.com\/ie\/wp-json\/wp\/v2\/tags?post=242960"}],"curies":[{"name":"wp","href":"https:\/\/api.w.org\/{rel}","templated":true}]}}