{"id":24385,"date":"2025-08-26T13:41:08","date_gmt":"2025-08-26T13:41:08","guid":{"rendered":"https:\/\/www.europesays.com\/ie\/24385\/"},"modified":"2025-08-26T13:41:08","modified_gmt":"2025-08-26T13:41:08","slug":"former-dublin-gaa-manager-jim-gavin-as-fianna-fails-presidential-candidate-the-pros-and-cons-the-irish-times","status":"publish","type":"post","link":"https:\/\/www.europesays.com\/ie\/24385\/","title":{"rendered":"Former Dublin GAA manager Jim Gavin as Fianna F\u00e1il\u2019s presidential candidate? The pros and cons \u2013 The Irish Times"},"content":{"rendered":"<p class=\"c-paragraph paywall \"><a href=\"https:\/\/www.irishtimes.com\/tags\/jim-gavin\/\" target=\"_self\" rel=\"nofollow noopener\" title=\"https:\/\/www.irishtimes.com\/tags\/jim-gavin\/\">Jim Gavin<\/a> belongs to a small group of <a href=\"https:\/\/www.irishtimes.com\/tags\/dublin-gaa\/\" target=\"_self\" rel=\"nofollow noopener\" title=\"https:\/\/www.irishtimes.com\/tags\/dublin-gaa\/\">Dublin GAA<\/a> football players who have won an All Ireland championship as both a player and a manager. <\/p>\n<p class=\"c-paragraph paywall \">Now his name is linked to a very different kind of national contest: the <a href=\"https:\/\/www.irishtimes.com\/tags\/presidential-election\/\" target=\"_self\" rel=\"nofollow noopener\" title=\"https:\/\/www.irishtimes.com\/tags\/presidential-election\/\">presidency of Ireland<\/a>, as a possible candidate for Government party <a href=\"https:\/\/www.irishtimes.com\/tags\/fianna-fail\/\" target=\"_self\" rel=\"nofollow noopener\" title=\"https:\/\/www.irishtimes.com\/tags\/fianna-fail\/\">Fianna F\u00e1il<\/a>.<\/p>\n<p class=\"c-paragraph paywall \">Gavin lined out as half forward on the team that won the Sam Maguire by defeating Tyrone in 1995. <\/p>\n<p class=\"c-paragraph paywall \">He played underage football with Dublin all the way up and was an accomplished player but he did not have the stellar reputation of the big stars such as Charlie Redmond and Jason Sherlock. <\/p>\n<p class=\"c-paragraph paywall \">Gavin was more of a worker bee, a team player. <\/p>\n<p class=\"c-paragraph paywall \">Speaking about it almost a quarter of a century later to the GAA\u2019s website, the 1995 manager Dr Pat O\u2019Neill said that Gavin\u2019s philosophy was tilted to the collective rather than the individual. <\/p>\n<p class=\"c-paragraph paywall \">\u201cHe was certainly very disciplined and functioned as part of a team and I think you can still see that,\u201d he said.<\/p>\n<p class=\"c-paragraph paywall \">\u201cIt\u2019s very much a team effort, he doesn\u2019t promote individuals in any form or fashion.\u201d<\/p>\n<p class=\"c-paragraph paywall \">As Fianna F\u00e1il runs the rule over potential candidates in the race for \u00c1ras an Uachtar\u00e1in, the party will be considering the pros and cons of picking a candidate such as Gavin and whether his popularity will transfer from sport to politics.<\/p>\n<p class=\"c-paragraph b-it-article-body__interstitial-link\">[\u00a0<a aria-label=\"Open related story\" class=\"c-link\" href=\"https:\/\/www.irishtimes.com\/politics\/2025\/08\/26\/bertie-ahern-not-among-fianna-fail-favourites-for-presidential-run\/\" rel=\"noreferrer nofollow noopener\" target=\"_blank\">Bertie Ahern not among Fianna F\u00e1il favourites for presidential runOpens in new window<\/a>\u00a0]<\/p>\n<p>The pros<\/p>\n<p class=\"c-paragraph paywall \">Gavin\u2019s reputation in the GAA is not based so much on his time as a player but his hugely successful stint as Dublin senior football manager when he brought back six All-Ireland titles to the capital. <\/p>\n<p class=\"c-paragraph paywall \">In tandem with that, he has been a senior figure in the public service for most of his working career. <\/p>\n<p class=\"c-paragraph paywall \">He trained as an officer and a pilot in the Air Corps, was involved in overseas peacekeeping and continued his career in the Defence Forces as the chief flying instructor and chief of military aviation in the Air Corps. <\/p>\n<p class=\"c-paragraph paywall \">He also trained as a commercial jet pilot and has spent his post-Defence Forces career as an aviation regulator. <\/p>\n<p class=\"c-paragraph paywall \">He is currently chief operations officer of the Irish Aviation Authority, which gives operational responsibility for air safety in Ireland.<\/p>\n<p class=\"c-paragraph paywall \">In 2022, he chaired a Citizens\u2019 Assembly examining the case for a directly elected mayor for Dublin. He has also chaired, since 2023, a taskforce seeking to improve services, facilities and the quality of live in Dublin\u2019s northeast inner city, which has suffered significant disadvantage over many decades. <\/p>\n<p class=\"c-paragraph paywall \">Within the GAA, his reputation has been burnished in the past year by his chairmanship of the GAA\u2019s football rule committee, which has revolutionised the playing rules of Gaelic football. Gavin assembled the most highly rated former players and managers in the country and has introduced radical rule changes that have transformed the game at inter-county level. <\/p>\n<p><img decoding=\"async\" data-chromatic=\"ignore\" alt=\"'Presidential campaigns can be truly brutal,' says one former senior adviser to the party. Photograph: INPHO\/ Bryan Keane\" class=\"c-image\" loading=\"lazy\" src=\"https:\/\/www.europesays.com\/ie\/wp-content\/uploads\/2025\/08\/H2HSW5GGIZFO7IOB6QOZPGASOQ.jpg\"   width=\"800\" height=\"533\"\/>&#8216;Presidential campaigns can be truly brutal,&#8217; says one former senior adviser to the party. Photograph: INPHO\/ Bryan Keane <\/p>\n<p class=\"c-paragraph paywall \">Similar to his approach in other areas, the project has been characterised by a high level of organisation and planning, extensive consultation, research, real-life trialling, feedback and a willingness to adapt when a reform has not been wholly successful. <\/p>\n<p class=\"c-paragraph paywall \">In public, Gavin has a low-key and understated persona, but it belies what friends say is a genuine passion for the State and for its values. His career and his other activities manifest those values, he says.<\/p>\n<p>The cons<\/p>\n<p class=\"c-paragraph paywall \">If Gavin were to be elected President, he would be the first since <a href=\"https:\/\/www.irishtimes.com\/tags\/douglas-hyde\/\" target=\"_self\" rel=\"nofollow noopener\" title=\"https:\/\/www.irishtimes.com\/tags\/douglas-hyde\/\">Douglas Hyde<\/a> to have no background in politics. <\/p>\n<p class=\"c-paragraph paywall \">While <a href=\"https:\/\/www.irishtimes.com\/tags\/mary-robinson\/\" target=\"_self\" rel=\"nofollow noopener\" title=\"https:\/\/www.irishtimes.com\/tags\/mary-robinson\/\">Mary Robinson<\/a> and <a href=\"https:\/\/www.irishtimes.com\/tags\/mary-mcaleese\/\" target=\"_self\" rel=\"nofollow noopener\" title=\"https:\/\/www.irishtimes.com\/tags\/mary-mcaleese\/\">Mary McAleese<\/a> were not active in politics when selected to run, both had been involved with political parties. <\/p>\n<p class=\"c-paragraph paywall \">While he will have a strong support base within the large and national GAA community, he will be largely unknown to many who don\u2019t follow sport. <\/p>\n<p class=\"c-paragraph paywall \">Columnist Gerry Howlin, a former senior adviser to Fianna F\u00e1il governments, does not follow sport and admits he \u201chad to Google\u201d Gavin to find out more about him. <\/p>\n<p class=\"c-paragraph paywall \">He said that Gavin ticks many of the boxes in terms of leadership and public service, as well as having an exemplary character. <\/p>\n<p class=\"c-paragraph b-it-article-body__interstitial-link\">[\u00a0<a aria-label=\"Open related story\" class=\"c-link\" href=\"https:\/\/www.irishtimes.com\/politics\/2025\/08\/25\/whats-going-on-with-fianna-fails-presidential-election-plan-to-pick-a-nominee\/\" rel=\"noreferrer nofollow noopener\" target=\"_blank\">What\u2019s going on with Fianna F\u00e1il\u2019s presidential election plan to pick a nominee?Opens in new window<\/a>\u00a0]<\/p>\n<p class=\"c-paragraph paywall \">\u201cSo the question is: when he goes live, can he synthesise? I don\u2019t know the answer to that question. So he has a lot of ingredients, which, if they were synthesised, could sizzle.<\/p>\n<p class=\"c-paragraph paywall \">\u201cIf they\u2019re not synthesised, he\u2019ll be at the poor man\u2019s Heather Humphreys,\u201d he said, referring to the former Fine Gael minister and the party\u2019s front-runner to become its presidential candidate.<\/p>\n<p class=\"c-paragraph paywall \">He says Gavin would be an unknown quantity in a campaign that will last eight weeks, which is well over twice the length of a general election campaign and in which the individual is subject to far more scrutiny. <\/p>\n<p class=\"c-paragraph paywall \">Another former senior adviser to the party Derek Mooney shares similar observations, saying Gavin\u2019s professional and GAA career are big advantages.<\/p>\n<p class=\"c-paragraph paywall \">\u201cThe biggest con is that he has never fought an election. Presidential campaigns can be truly brutal, especially for those from outside the political sphere,\u201d he said.<\/p>\n<p class=\"c-paragraph paywall \">\u201cHe also lacks any international dimension, and the Robinson, McAleese and Higgins\u2019 presidencies have highlighted the importance of this.\u201d<\/p>\n","protected":false},"excerpt":{"rendered":"Jim Gavin belongs to a small group of Dublin GAA football players who have won an All Ireland&hellip;\n","protected":false},"author":2,"featured_media":24386,"comment_status":"","ping_status":"","sticky":false,"template":"","format":"standard","meta":{"footnotes":""},"categories":[40],"tags":[9,10,18614,18,13,14,4771,6,19,17,19487,11,12,15,16,5,59,7,8],"class_list":{"0":"post-24385","1":"post","2":"type-post","3":"status-publish","4":"format-standard","5":"has-post-thumbnail","7":"category-ireland","8":"tag-breaking-news","9":"tag-breakingnews","10":"tag-dublin-gaa","11":"tag-eire","12":"tag-featured-news","13":"tag-featurednews","14":"tag-fianna-fail","15":"tag-headlines","16":"tag-ie","17":"tag-ireland","18":"tag-jim-gavin","19":"tag-latest-news","20":"tag-latestnews","21":"tag-main-news","22":"tag-mainnews","23":"tag-news","24":"tag-presidential-election","25":"tag-top-stories","26":"tag-topstories"},"share_on_mastodon":{"url":"","error":""},"_links":{"self":[{"href":"https:\/\/www.europesays.com\/ie\/wp-json\/wp\/v2\/posts\/24385","targetHints":{"allow":["GET"]}}],"collection":[{"href":"https:\/\/www.europesays.com\/ie\/wp-json\/wp\/v2\/posts"}],"about":[{"href":"https:\/\/www.europesays.com\/ie\/wp-json\/wp\/v2\/types\/post"}],"author":[{"embeddable":true,"href":"https:\/\/www.europesays.com\/ie\/wp-json\/wp\/v2\/users\/2"}],"replies":[{"embeddable":true,"href":"https:\/\/www.europesays.com\/ie\/wp-json\/wp\/v2\/comments?post=24385"}],"version-history":[{"count":0,"href":"https:\/\/www.europesays.com\/ie\/wp-json\/wp\/v2\/posts\/24385\/revisions"}],"wp:featuredmedia":[{"embeddable":true,"href":"https:\/\/www.europesays.com\/ie\/wp-json\/wp\/v2\/media\/24386"}],"wp:attachment":[{"href":"https:\/\/www.europesays.com\/ie\/wp-json\/wp\/v2\/media?parent=24385"}],"wp:term":[{"taxonomy":"category","embeddable":true,"href":"https:\/\/www.europesays.com\/ie\/wp-json\/wp\/v2\/categories?post=24385"},{"taxonomy":"post_tag","embeddable":true,"href":"https:\/\/www.europesays.com\/ie\/wp-json\/wp\/v2\/tags?post=24385"}],"curies":[{"name":"wp","href":"https:\/\/api.w.org\/{rel}","templated":true}]}}