{"id":253707,"date":"2025-12-27T08:20:24","date_gmt":"2025-12-27T08:20:24","guid":{"rendered":"https:\/\/www.europesays.com\/ie\/253707\/"},"modified":"2025-12-27T08:20:24","modified_gmt":"2025-12-27T08:20:24","slug":"gene-kelly-realt-an-rince-on-tg4-absorbing-documentary-reveals-a-rare-affable-genius-the-irish-times","status":"publish","type":"post","link":"https:\/\/www.europesays.com\/ie\/253707\/","title":{"rendered":"Gene Kelly &#8211; R\u00e9alt an Rince on TG4: Absorbing documentary reveals a rare, affable genius \u2013 The Irish Times"},"content":{"rendered":"<p class=\"c-paragraph paywall \">Christmas as we know it today is partly the creation of entertainers such as <a href=\"https:\/\/www.irishtimes.com\/tags\/gene-kelly\/\" target=\"_self\" rel=\"nofollow noopener\" title=\"https:\/\/www.irishtimes.com\/tags\/gene-kelly\/\">Gene Kelly<\/a>: pre-rock \u2019n roll crooners and hoofers whose music was as wholesome as a yule log and as cosy as a seasonal jumper. Their jingle-all-the-way, 1950s Hollywood take on December 25th has helped shape the myth of the perfect white Christmas \u2013 an ideal towards which, consciously or not, we all aspire today.<\/p>\n<p class=\"c-paragraph paywall \">But if Kelly\u2019s folksy persona gave off a comforting glow of chestnuts roasting on an open fire, he was a significant figure in the history of 20th-century Irish America, too. Born Eugene Curran Kelly, he was the grandson of Irish immigrants, and the fascinating documentary Gene Kelly &#8211; R\u00e9alt an Rince (Christmas Day, <a href=\"https:\/\/www.irishtimes.com\/tags\/tg4\/\" target=\"_self\" rel=\"nofollow noopener\" title=\"https:\/\/www.irishtimes.com\/tags\/tg4\/\">TG4<\/a>, 10.05pm) reveals that his love for the old country extended to holidaying in Tipperary and becoming a local at a village bar.<\/p>\n<p class=\"c-paragraph paywall \">It is a revealing portrait of a figure who, going on for three decades since his death, risks slipping through the cracks. \u201cA very friendly, warm man,\u201d recalls Margaret Kennedy, who as a child remembers Kelly visiting her family pub in the village of Puckane, close to Lough Derg. \u201cHe was warm and welcoming to all the people who came to meet him.\u201d<\/p>\n<p class=\"c-paragraph paywall \">Kelly was more than a friendly American tourist and a lot more than an entertainer. With showstopping movies such as Singin\u2019 in the Rain and An American in Paris, he revolutionised how dance was depicted on screen. He was also that rare, affable genius. Unlike the angsty Sinatra and the alcoholic Crosby, the folksy dad figure we saw on screen wasn\u2019t all that far removed from the real Kelly.<\/p>\n<p class=\"c-paragraph paywall \">R\u00e9alt an Rince draws a vivid picture of his hardscrabble upbringing in Pittsburgh and the film is almost as effective as a chronicling of the Irish-American experience as it is as a <a href=\"https:\/\/www.irishtimes.com\/tags\/hollywood-la\/\" target=\"_self\" rel=\"nofollow noopener\" title=\"https:\/\/www.irishtimes.com\/tags\/hollywood-la\/\">Hollywood<\/a> biography. It was a tough town, especially for a kid of Irish heritage at a time when Hibernophobia was as thick as the smoke rolling in from the steel mills that dominated the city.<\/p>\n<p class=\"c-paragraph paywall \">\u201cHe grew up in a social context of enormous discrimination and prejudice. He used to tell stories about how to get from their house to their primary school. They had to traverse a Polish neighbourhood, a Jewish neighbourhood, and an Italian neighbourhood,\u201d recalls his daughter, Kerry Kelly Novick. \u201cThese were all population groups that were not friendly toward one another. Because they were all competing as immigrants for whatever labour was available, the way he described it, he fought his way to school every day and back.\u201d <\/p>\n<p class=\"c-paragraph paywall \">His talent was evident from an early age, and he felt no self-consciousness about being a boy who could dance. His story was a sort of Billy Elliot in reverse: far from being a source of embarrassment, he and his siblings were encouraged to dance and sing. They even went into business with their own Trapp Family-style troupe.<\/p>\n<p class=\"c-paragraph paywall \">Gene was the most driven of the Kellys by far and was soon in New York, burning up a hot streak on Broadway. That led to Hollywood, where his career was interrupted by the second World War. He returned to civilian life as a has-been in the eyes of Tinseltown and had to claw his way back. But he never gave up, and with 1952\u2019s Singin\u2019 in the Rain, sealed his immortality. It influenced generations of dancers \u2013 including Michael Jackson, who sought Kelly\u2019s advice before leaving The Jacksons for a solo career. He took to heart Kelly\u2019s recommendation that he always wear white socks: \u201cThey\u2019ll see your feet.\u201d<\/p>\n<p class=\"c-paragraph paywall \">Some of the most revealing segments in this engaging film are from an interview conducted in Tipperary in the early 1970s by RT\u00c9 broadcaster Donncha \u00d3 D\u00falaing. Relaxed and chatty, Kelly talks about his ambitions to direct again and his love for Ireland.<\/p>\n<p class=\"c-paragraph b-it-article-body__interstitial-link\">[\u00a0<a aria-label=\"Open related story\" class=\"c-link\" href=\"https:\/\/www.irishtimes.com\/life-and-style\/married-to-gene-kelly-he-didn-t-seem-that-old-to-me-1.3950371\" rel=\"noreferrer nofollow noopener\" target=\"_blank\">Married to Gene Kelly: &#8216;He didn&#8217;t seem that old to me&#8217;Opens in new window<\/a>\u00a0]<\/p>\n<p class=\"c-paragraph paywall \">The story, in the eyes of his children, has a sad ending. In 1990, he married Patricia Kelly Ward, his third wife, who was 47 years his junior. When he died in 1996 at age 83, she cremated his body without a funeral, to the horror of his four children by his two previous marriages. Patricia insisted she was honouring his instructions, but the family does not see it that way. \u201cShe tried very hard to keep us from him,\u201d says Kerry Kelly Novick. \u201cIt was really very tragic.\u201d<\/p>\n<p class=\"c-paragraph paywall \">Gene Kelly remains a prominent figure from 20th-century popular culture. Even if you know nothing about him, you can recall at will the signature scene in Singin\u2019 in the Rain where he lolls around under a downpour \u2013 his dancing giving physical expression to the feeling of not having a care in the world. But behind the dancing was a fascinating life, and this absorbing documentary tells it with a light touch and a spring in its step. <\/p>\n","protected":false},"excerpt":{"rendered":"Christmas as we know it today is partly the creation of entertainers such as Gene Kelly: pre-rock \u2019n&hellip;\n","protected":false},"author":2,"featured_media":253708,"comment_status":"","ping_status":"","sticky":false,"template":"","format":"standard","meta":{"footnotes":""},"categories":[75],"tags":[118594,18,117,10836,131655,19,17,25129],"class_list":{"0":"post-253707","1":"post","2":"type-post","3":"status-publish","4":"format-standard","5":"has-post-thumbnail","7":"category-entertainment","8":"tag-bing-crosby","9":"tag-eire","10":"tag-entertainment","11":"tag-frank-sinatra","12":"tag-gene-kelly","13":"tag-ie","14":"tag-ireland","15":"tag-michael-jackson"},"share_on_mastodon":{"url":"https:\/\/pubeurope.com\/@ie\/115790559813685943","error":""},"_links":{"self":[{"href":"https:\/\/www.europesays.com\/ie\/wp-json\/wp\/v2\/posts\/253707","targetHints":{"allow":["GET"]}}],"collection":[{"href":"https:\/\/www.europesays.com\/ie\/wp-json\/wp\/v2\/posts"}],"about":[{"href":"https:\/\/www.europesays.com\/ie\/wp-json\/wp\/v2\/types\/post"}],"author":[{"embeddable":true,"href":"https:\/\/www.europesays.com\/ie\/wp-json\/wp\/v2\/users\/2"}],"replies":[{"embeddable":true,"href":"https:\/\/www.europesays.com\/ie\/wp-json\/wp\/v2\/comments?post=253707"}],"version-history":[{"count":0,"href":"https:\/\/www.europesays.com\/ie\/wp-json\/wp\/v2\/posts\/253707\/revisions"}],"wp:featuredmedia":[{"embeddable":true,"href":"https:\/\/www.europesays.com\/ie\/wp-json\/wp\/v2\/media\/253708"}],"wp:attachment":[{"href":"https:\/\/www.europesays.com\/ie\/wp-json\/wp\/v2\/media?parent=253707"}],"wp:term":[{"taxonomy":"category","embeddable":true,"href":"https:\/\/www.europesays.com\/ie\/wp-json\/wp\/v2\/categories?post=253707"},{"taxonomy":"post_tag","embeddable":true,"href":"https:\/\/www.europesays.com\/ie\/wp-json\/wp\/v2\/tags?post=253707"}],"curies":[{"name":"wp","href":"https:\/\/api.w.org\/{rel}","templated":true}]}}