{"id":258134,"date":"2025-12-30T14:09:07","date_gmt":"2025-12-30T14:09:07","guid":{"rendered":"https:\/\/www.europesays.com\/ie\/258134\/"},"modified":"2025-12-30T14:09:07","modified_gmt":"2025-12-30T14:09:07","slug":"michael-mc-cullagh-59-orchard-road-sion-mills-highland-radio","status":"publish","type":"post","link":"https:\/\/www.europesays.com\/ie\/258134\/","title":{"rendered":"Michael Mc Cullagh, 59 Orchard Road, Sion Mills &#8211; Highland Radio"},"content":{"rendered":"<p><img fetchpriority=\"high\" decoding=\"async\" class=\"size-full wp-image-441098 aligncenter\" src=\"https:\/\/www.europesays.com\/ie\/wp-content\/uploads\/2025\/12\/Obit-Template-17.png\" alt=\"\" width=\"828\" height=\"534\"  \/><\/p>\n<p>The death has taken place December 30th, 2025 at his home of Michael Mc Cullagh, 59 Orchard Road, Sion Mills.<\/p>\n<p>Beloved husband of Bernie. Much loved father of Patrick, Maria and Peter. Father-in-law of Patricia, Peter and Denise. Dearly loved grandfather of Pa\u00edd\u00ed, Miche\u00e1l, Eion, Aibh\u00edn, Cillian, Eimear, Maebh, Aisling and Niamh. Loving son of the late Mary-Ann and Michael Mc Cullagh and brother of Rosemary, Susan and John.<\/p>\n<p>Reposing at his home on Tuesday, December 30th, from 4p.m.<\/p>\n<p>Funeral leaving his home on Thursday, January 1st, at 11.25a.m. for Requiem Mass in St Theresa`s Church, Sion Mills at 12 noon.<\/p>\n<p>Interment afterwards in the adjoining cemetery.<\/p>\n<p>Deeply regretted by his sorrowing wife, sons, daughter, daughters-in-law, son-in-law, grandchildren, brother, sisters<br \/>and family circle.<\/p>\n<p>Sacred Heart of Jesus have mercy on his soul.<\/p>\n<p>FAMILY TIME PLEASE FROM 10P.M. to 11A.M. AND ON THE MORNING OF THE FUNERAL.<\/p>\n<p>The Requiem Mass can be viewed live via the Parish webcam <a href=\"https:\/\/churchmedia.tv\/camera\/st-theresas-church-sion-mills-donegal-webcam\" rel=\"nofollow noopener\" target=\"_blank\">https:\/\/churchmedia.tv\/camera\/st-theresas-church-sion-mills-donegal-webcam.<\/a><\/p>\n","protected":false},"excerpt":{"rendered":"The death has taken place December 30th, 2025 at his home of Michael Mc Cullagh, 59 Orchard Road,&hellip;\n","protected":false},"author":2,"featured_media":258135,"comment_status":"","ping_status":"","sticky":false,"template":"","format":"standard","meta":{"footnotes":""},"categories":[41],"tags":[9,10,13,14,6,11,12,15,16,5,7,8,65,66,67],"class_list":{"0":"post-258134","1":"post","2":"type-post","3":"status-publish","4":"format-standard","5":"has-post-thumbnail","7":"category-world","8":"tag-breaking-news","9":"tag-breakingnews","10":"tag-featured-news","11":"tag-featurednews","12":"tag-headlines","13":"tag-latest-news","14":"tag-latestnews","15":"tag-main-news","16":"tag-mainnews","17":"tag-news","18":"tag-top-stories","19":"tag-topstories","20":"tag-world","21":"tag-world-news","22":"tag-worldnews"},"share_on_mastodon":{"url":"https:\/\/pubeurope.com\/@ie\/115808918872393922","error":""},"_links":{"self":[{"href":"https:\/\/www.europesays.com\/ie\/wp-json\/wp\/v2\/posts\/258134","targetHints":{"allow":["GET"]}}],"collection":[{"href":"https:\/\/www.europesays.com\/ie\/wp-json\/wp\/v2\/posts"}],"about":[{"href":"https:\/\/www.europesays.com\/ie\/wp-json\/wp\/v2\/types\/post"}],"author":[{"embeddable":true,"href":"https:\/\/www.europesays.com\/ie\/wp-json\/wp\/v2\/users\/2"}],"replies":[{"embeddable":true,"href":"https:\/\/www.europesays.com\/ie\/wp-json\/wp\/v2\/comments?post=258134"}],"version-history":[{"count":0,"href":"https:\/\/www.europesays.com\/ie\/wp-json\/wp\/v2\/posts\/258134\/revisions"}],"wp:featuredmedia":[{"embeddable":true,"href":"https:\/\/www.europesays.com\/ie\/wp-json\/wp\/v2\/media\/258135"}],"wp:attachment":[{"href":"https:\/\/www.europesays.com\/ie\/wp-json\/wp\/v2\/media?parent=258134"}],"wp:term":[{"taxonomy":"category","embeddable":true,"href":"https:\/\/www.europesays.com\/ie\/wp-json\/wp\/v2\/categories?post=258134"},{"taxonomy":"post_tag","embeddable":true,"href":"https:\/\/www.europesays.com\/ie\/wp-json\/wp\/v2\/tags?post=258134"}],"curies":[{"name":"wp","href":"https:\/\/api.w.org\/{rel}","templated":true}]}}