{"id":263179,"date":"2026-01-02T09:59:07","date_gmt":"2026-01-02T09:59:07","guid":{"rendered":"https:\/\/www.europesays.com\/ie\/263179\/"},"modified":"2026-01-02T09:59:07","modified_gmt":"2026-01-02T09:59:07","slug":"politicians-queries-to-rsa-on-the-rise-the-irish-times","status":"publish","type":"post","link":"https:\/\/www.europesays.com\/ie\/263179\/","title":{"rendered":"Politicians\u2019 queries to RSA on the rise \u2013 The Irish Times"},"content":{"rendered":"<p class=\"c-paragraph paywall \">A Senator made representations on behalf of someone who was not allowed to do their driving test because they were wearing sandals.<\/p>\n<p class=\"c-paragraph paywall \">It was one of dozens of queries from public representatives released by the <a href=\"https:\/\/www.irishtimes.com\/tags\/road-safety-authority\/\" target=\"_self\" rel=\"nofollow noopener\" title=\"https:\/\/www.irishtimes.com\/tags\/road-safety-authority\/\">Road Safety Authority<\/a>  (RSA) under the Freedom of Information Act.<\/p>\n<p class=\"c-paragraph paywall \">It reported a 93 per cent increase in such emails up to November 2025, when compared with the same period last year.<\/p>\n<p class=\"c-paragraph paywall \">Some 45 per cent of these queries related to driving tests, \u201cwith the majority looking for a test date for a constituent or for an update on a constituent\u2019s driving test application\u201d, a representative said.<\/p>\n<p class=\"c-paragraph paywall \">In a random sample of queries sent this year, some TDs and Senators  requested driving tests be \u201cexpedited\u201d for constituents, as waits for learner drivers reached an average of about 27 weeks earlier this year.<\/p>\n<p class=\"c-paragraph paywall \">\u201cThe above named was scheduled to do his test today but he wasn\u2019t allowed to proceed as he was wearing sandals,\u201d an email written on behalf of <a href=\"https:\/\/www.irishtimes.com\/tags\/fine-gael\/\" target=\"_self\" rel=\"nofollow noopener\" title=\"https:\/\/www.irishtimes.com\/tags\/fine-gael\/\">Fine Gael<\/a> Senator Manus Boyle to the  RSA in July reads.<\/p>\n<p class=\"c-paragraph paywall \">\u201cHe is only here for two and half weeks as he presently lives abroad but is moving here next year and wanted to have his driving licence in order on his return. He has reapplied so is there any way to expedite the application?\u201d<\/p>\n<p class=\"c-paragraph paywall \">More than 100,000 learners were waiting for a slot before the <a href=\"https:\/\/www.irishtimes.com\/ireland\/2025\/05\/22\/road-safety-authority-unveils-plans-to-cut-driving-test-waiting-lists\/\" target=\"_self\" rel=\"nofollow noopener\" title=\"https:\/\/www.irishtimes.com\/ireland\/2025\/05\/22\/road-safety-authority-unveils-plans-to-cut-driving-test-waiting-lists\/\">RSA launched an action plan in May<\/a> to reduce waits to the 10-week service level agreement target.<\/p>\n<p class=\"c-paragraph paywall \">In April Minister of State <a href=\"https:\/\/www.irishtimes.com\/tags\/alan-dillon\/\" target=\"_self\" rel=\"nofollow noopener\" title=\"https:\/\/www.irishtimes.com\/tags\/alan-dillon\/\">Alan Dillon<\/a> wrote that two \u201cintegral\u201d staff members of a company were awaiting tests, adding: \u201cI would respectfully ask if it was possible to expedite their tests.\u201d<\/p>\n<p class=\"c-paragraph b-it-article-body__interstitial-link\">[\u00a0<a aria-label=\"Open related story\" class=\"c-link\" href=\"https:\/\/www.irishtimes.com\/transport\/2025\/12\/27\/its-clogging-up-the-whole-system-record-number-of-no-shows-for-driving-tests\/\" rel=\"noreferrer nofollow noopener\" target=\"_blank\">\u2018It\u2019s clogging up the whole system\u2019: Record number of \u2018no shows\u2019 for driving testsOpens in new window<\/a>\u00a0]<\/p>\n<p class=\"c-paragraph paywall \">Several requests for expedited tests were based on a constituent\u2019s need for a licence for work purposes, with Fine Gael Senator Gareth Scahill asking that the  individual be facilitated as a \u201cmatter of urgency\u201d.<\/p>\n<p class=\"c-paragraph paywall \">Fianna F\u00e1il TD Brendan Smith, meanwhile, asked the RSA for \u201curgent and favourable consideration\u201d to be given to one constituent who required a licence for work.<\/p>\n<p class=\"c-paragraph paywall \">In November Minister of State<b> <\/b>Michael Healy-Rae wrote that a man who applied to sit a bus driving test had been told he could be waiting up to 16 weeks, before asking if \u201cthere is any way he could be called sooner\u201d.<\/p>\n<p class=\"c-paragraph paywall \">Minister of State Colm Brophy, meanwhile, asked if a re-test for a trainee primary schoolteacher, whose initial test was cancelled due to a faulty brake light, could be \u201ccarried out at an earlier date\u201d.<\/p>\n<p class=\"c-paragraph paywall \">Independent Ireland TD Michael Fitzmaurice wrote that his constituent had been advised of a seven-month wait for a test, saying \u201che would be grateful if his application can be expedited\u201d.<\/p>\n<p class=\"c-paragraph b-it-article-body__interstitial-link\">[\u00a0<a aria-label=\"Open related story\" class=\"c-link\" href=\"https:\/\/www.irishtimes.com\/ireland\/2025\/12\/29\/becoming-intolerable-use-of-housing-estate-by-learner-drivers-among-complaints-made-to-rsa\/\" rel=\"noreferrer nofollow noopener\" target=\"_blank\">Driving tester\u2019s \u2018energy\u2019 making learner feel \u2018uncomfortable\u2019 among complaints to RSAOpens in new window<\/a>\u00a0]<\/p>\n<p class=\"c-paragraph paywall \">In April Fine Gael TD John Clendennen requested that the RSA \u201cconsider expediting\u201d the driving test of a constituent \u201cat the earliest possible date\u201d, noting the wait was causing \u201csignificant struggles\u201d getting to and from work in the evenings at a rural pub.<\/p>\n<p class=\"c-paragraph paywall \">Other requests for expedited, \u201csooner\u201d or \u201cearlier\u201d tests for constituents were submitted by or on behalf of Minister of State Niamh Smyth, Fine Gael TD Joe Cooney, Sinn F\u00e9in TD Ruair\u00ed \u00d3 Murch\u00fa, Fianna F\u00e1il TD P\u00e1draig O\u2019Sullivan, and Fianna F\u00e1il TD John Lahart.<\/p>\n<p class=\"c-paragraph paywall \">The RSA said it does \u201cnot prioritise any driving test applicant based on queries from public representatives\u201d.<\/p>\n<p class=\"c-paragraph paywall \">\u201cWe operate a fair and transparent appointment scheduling process as it is only fair that those who are eligible and have waited the longest would be offered a test first,\u201d it said.<\/p>\n","protected":false},"excerpt":{"rendered":"A Senator made representations on behalf of someone who was not allowed to do their driving test because&hellip;\n","protected":false},"author":2,"featured_media":263180,"comment_status":"","ping_status":"","sticky":false,"template":"","format":"standard","meta":{"footnotes":""},"categories":[73],"tags":[111050,79,18,553,19,17,79877],"class_list":{"0":"post-263179","1":"post","2":"type-post","3":"status-publish","4":"format-standard","5":"has-post-thumbnail","7":"category-business","8":"tag-alan-dillon","9":"tag-business","10":"tag-eire","11":"tag-fine-gael","12":"tag-ie","13":"tag-ireland","14":"tag-road-safety-authority"},"share_on_mastodon":{"url":"","error":""},"_links":{"self":[{"href":"https:\/\/www.europesays.com\/ie\/wp-json\/wp\/v2\/posts\/263179","targetHints":{"allow":["GET"]}}],"collection":[{"href":"https:\/\/www.europesays.com\/ie\/wp-json\/wp\/v2\/posts"}],"about":[{"href":"https:\/\/www.europesays.com\/ie\/wp-json\/wp\/v2\/types\/post"}],"author":[{"embeddable":true,"href":"https:\/\/www.europesays.com\/ie\/wp-json\/wp\/v2\/users\/2"}],"replies":[{"embeddable":true,"href":"https:\/\/www.europesays.com\/ie\/wp-json\/wp\/v2\/comments?post=263179"}],"version-history":[{"count":0,"href":"https:\/\/www.europesays.com\/ie\/wp-json\/wp\/v2\/posts\/263179\/revisions"}],"wp:featuredmedia":[{"embeddable":true,"href":"https:\/\/www.europesays.com\/ie\/wp-json\/wp\/v2\/media\/263180"}],"wp:attachment":[{"href":"https:\/\/www.europesays.com\/ie\/wp-json\/wp\/v2\/media?parent=263179"}],"wp:term":[{"taxonomy":"category","embeddable":true,"href":"https:\/\/www.europesays.com\/ie\/wp-json\/wp\/v2\/categories?post=263179"},{"taxonomy":"post_tag","embeddable":true,"href":"https:\/\/www.europesays.com\/ie\/wp-json\/wp\/v2\/tags?post=263179"}],"curies":[{"name":"wp","href":"https:\/\/api.w.org\/{rel}","templated":true}]}}