{"id":264865,"date":"2026-01-03T08:48:22","date_gmt":"2026-01-03T08:48:22","guid":{"rendered":"https:\/\/www.europesays.com\/ie\/264865\/"},"modified":"2026-01-03T08:48:22","modified_gmt":"2026-01-03T08:48:22","slug":"from-film-and-music-to-arts-activism-sport-and-more-the-irish-times","status":"publish","type":"post","link":"https:\/\/www.europesays.com\/ie\/264865\/","title":{"rendered":"From film and music to arts, activism, sport and more \u2013 The Irish Times"},"content":{"rendered":"<p class=\"c-paragraph paywall b-it-article-body__text--center\">From Cillian Murphy\u2019s teen actor son Aran Murphy to the band Florence Road and Formula 2 driver Alexander Dunne, these 50 talented people (and groups) have been selected by our writers as the ones to watch in the year ahead. <\/p>\n<p class=\"c-paragraph paywall b-it-article-body__text--center\">MUSIC<\/p>\n<p>By Nadine O\u2019Regan<b>Reggie <\/b><img decoding=\"async\" data-chromatic=\"ignore\" alt=\"Since the Talk of the Town remix, everything has changed for Dundalk rapper Reggie. Photograph: Alex McDonnell\" class=\"c-image\" loading=\"lazy\" src=\"https:\/\/www.europesays.com\/ie\/wp-content\/uploads\/2026\/01\/IQMTEUXWEBFJRKFPBVMLD6CAKE.JPG\"   width=\"800\" height=\"600\"\/>Since the Talk of the Town remix, everything has changed for Dundalk rapper Reggie. Photograph: Alex McDonnell <\/p>\n<p class=\"c-paragraph paywall \">Nigeria-born, Dundalk-raised rapper Reggie had a life-changing moment in 2025, when producer Fred Again remixed his song Talk of the Town, and invited Reggie to perform it on stage with him at the RDS in Dublin. <\/p>\n<p class=\"c-paragraph paywall \">\u201cIt was monumental,\u201d Reggie says. Now 26, Reggie first started making music in Dundalk at 14, and began releasing his drill-influenced original material at 17. <\/p>\n<p class=\"c-paragraph paywall \">Since the Talk of the Town remix, everything has changed. \u201cIt\u2019s a dream come true,\u201d he says. \u201cMy Instagram DMs have been flooded. My Spotify streams are mental \u2013 right now, we have three million monthly listeners, which is insane.\u201d Straight after the RDS show, Reggie disappeared back into the studio. He has new collaborations \u201cIrish and international\u201d planned for release in 2026, management in London, and more shows on the horizon. <\/p>\n<p><b>Burglar <\/b><img decoding=\"async\" data-chromatic=\"ignore\" alt=\"In January, Burglar will unleash a new single, Lovey, and complete their debut album\" class=\"c-image\" loading=\"lazy\" src=\"https:\/\/www.europesays.com\/ie\/wp-content\/uploads\/2026\/01\/DVVH5NNIJRFPZPC5IYDFXTRZXI.jpg\"   width=\"800\" height=\"533\"\/>In January, Burglar will unleash a new single, Lovey, and complete their debut album <\/p>\n<p class=\"c-paragraph paywall \">If there\u2019s pressure on Willow Hannon \u2013 daughter of The Divine Comedy\u2019s Neil Hannon \u2013 to live up to the achievements of her award-winning, chart-topping, musician father, you can\u2019t hear it on indie act Burglar. <\/p>\n<p class=\"c-paragraph paywall \">Formed in 2021 while at Trinity College Dublin, Burglar comprises Hannon and Eduardo Pinheiro, who was born in England and raised around the punk rock scene in his hometown of Goi\u00e2nia, Brazil. When Pinheiro (23) moved to Dublin with his aunt and uncle, his first impression of music in the capital was \u201cwatching Sing Street when I was 15\u201d and wanting to be just like the band\u2019s lead character. <\/p>\n<p class=\"c-paragraph paywall \">There\u2019s a woozy, Strokes-y feel to Burglar\u2019s first EP Unlucky, released last summer. \u201cWe get loud now and then but only for choruses,\u201d Pinheiro says. In January, Burglar will unleash a new single, Lovey, and complete their debut album, with a headline tour across Ireland planned for February. <\/p>\n<p><b>Florence Road <\/b><img decoding=\"async\" data-chromatic=\"ignore\" alt=\"Florence Road is named after the road in Bray in Co Wicklow where the four members met as 12-year-olds at school\" class=\"c-image\" loading=\"lazy\" src=\"https:\/\/www.europesays.com\/ie\/wp-content\/uploads\/2026\/01\/3WEQ3D72QVDQZERESVB6L6LWCA.jpg\"   width=\"800\" height=\"800\"\/>Florence Road is named after the road in Bray in Co Wicklow where the four members met as 12-year-olds at school <\/p>\n<p class=\"c-paragraph paywall \">They\u2019ve supported marquee names including Olivia Rodrigo and Wolf Alice, signed to Warner, and their fans already have a nickname for themselves: the \u201cFlo-Roadies\u201d. The future is looking bright for Florence Road, named after the road in Bray in Co Wicklow where the four members met as 12-year-olds at school. <\/p>\n<p class=\"c-paragraph paywall \">Big on TikTok, where their fish-eye videos have gone viral, last June they played Hyde Park in London to 65,000 people supporting Rodrigo, and in March they will support The Last Dinner Party in north America. <\/p>\n<p class=\"c-paragraph paywall \">It\u2019s a long way from their early days in Col\u00e1iste R\u00e1ith\u00edn, where they performed Hozier covers, encouraged by their teachers. All aged 20 or 21, they\u2019ve already attended the Brit Awards as guests and their hooky, earworm songs are star-quality. They will headline the Olympia Theatre in May. <\/p>\n<p class=\"c-paragraph paywall \">\u201cIt doesn\u2019t feel real,\u201d says frontwoman Lily Aron. \u201cIt\u2019s the kind of moment you imagine for years.\u201d <\/p>\n<p><b>Thanks Mom<\/b><img decoding=\"async\" data-chromatic=\"ignore\" alt=\"Influenced by Olivia Rodrigo and Nirvana, Thanks Mom are currently working on a new EP\" class=\"c-image\" loading=\"lazy\" src=\"https:\/\/www.europesays.com\/ie\/wp-content\/uploads\/2026\/01\/UJJBIRY5HRFZZFK5YQ3NIGHNVA.jpg\"   width=\"800\" height=\"533\"\/>Influenced by Olivia Rodrigo and Nirvana, Thanks Mom are currently working on a new EP <\/p>\n<p class=\"c-paragraph paywall \">\u201cIt\u2019s been amazing to see the crowds grow,\u201d says Erica Lee of Thanks Mom. \u201cIt\u2019s a lot of young, cool people and because I write the songs, the biggest thing for me is hearing people sing the words back: that gives me a feeling in my heart that\u2019s insane.\u201d <\/p>\n<p class=\"c-paragraph paywall \">For the Kildare four-piece, the biggest obstacle in front of them for the past few years has been their Leaving Certs. This year, finally all members will have finished school, leaving them free to concentrate on music. <\/p>\n<p class=\"c-paragraph paywall \">Influenced by Olivia Rodrigo and Nirvana, they\u2019re currently working on a new EP. \u201cIt\u2019s acoustic guitars and loads of percussion and really layered, so I\u2019m excited about that,\u201d says Lee. The band name is a sincere ode to the efforts put in by Lee\u2019s mother on their behalf. \u201cI really love my mom, she\u2019s great and she helps out a lot. She\u2019s literally our chauffeur.\u201d <\/p>\n<p><b>Ria Rua <\/b><img decoding=\"async\" data-chromatic=\"ignore\" alt=\"Ria Rua's debut album arrives on February 27th\" class=\"c-image\" loading=\"lazy\" src=\"https:\/\/www.europesays.com\/ie\/wp-content\/uploads\/2026\/01\/5TGOF44RBFA3NEPPQN6AKARDZY.jpg\"   width=\"800\" height=\"532\"\/>Ria Rua&#8217;s debut album arrives on February 27th <\/p>\n<p class=\"c-paragraph paywall \">The name Ria Rua (Red Queen) isn\u2019t just a catchy moniker, it\u2019s a clapback to the taunts Clare Martin of Ria Rua endured as a redheaded kid in Meath. \u201cI had loads of nicknames and I hated my hair, then I turned it on its head,\u201d she says. <\/p>\n<p class=\"c-paragraph paywall \">Ria Rua emerged as a drummer (she has drummed for Jiggy and Emma Langford on tour) and still alternates between drums and guitars on stage while singing, but these days Ria Rua is a fuller proposition live, including Chris Schuette on bass and Chloe Corcoran Hanlon on a second drumkit. With lyrics like \u201chow can I legally dump you in a ditch?\u201d, Ria Rua\u2019s punchy approach is winning airplay on indie stations like 8Radio. <\/p>\n<p class=\"c-paragraph paywall \">You can\u2019t hear Ria Rua on Spotify \u2013 she won\u2019t use the service \u2013 but raucous songs like It\u2019s a Hit and Lovesick are worth tracking down. Her debut album arrives on February 27th, with a launch gig in Whelan\u2019s in Dublin the night before. Fans of Nine Inch Nails and Sonic Youth should beat a path. <\/p>\n<p>FASHION &amp; BEAUTYBy Deirdre McQuillan and Simone GannonLucy ArbuthnottModel<img decoding=\"async\" data-chromatic=\"ignore\" alt=\"Lucy Arbuthnott was spotted by a modelling agent from NotAnotherInt in Dublin at 16\" class=\"c-image\" loading=\"lazy\" src=\"https:\/\/www.europesays.com\/ie\/wp-content\/uploads\/2026\/01\/QOUMXBKFU5G5FE3F5HFFH5OEBQ.jpg\"   width=\"800\" height=\"600\"\/>Lucy Arbuthnott was spotted by a modelling agent from NotAnotherInt in Dublin at 16 <\/p>\n<p class=\"c-paragraph paywall \">Tall with long red hair, Dubliner Lucy Arbuthnott, aged 21, from Booterstown in Dublin, a final year law student at Trinity College, has had a successful year as a model walking for Valentino, Issey Miyake and Hermes (where she had to carry a red saddle on her head) at Paris Fashion Week, as well as for Marni in Milan. <\/p>\n<p class=\"c-paragraph paywall \">She also featured in a fashion cover shoot for the How To Spend It magazine in the Financial Times in February. \u201cThat was super cool,\u201d she says. A keen sportswoman at school in Mount Anville, she was spotted by a modelling agent from NotAnotherInt in Dublin at 16, and her first job at 17 was for Create in Brown Thomas. <\/p>\n<p class=\"c-paragraph paywall \">In her first year at TCD in 2023 she signed up with agencies in London, Paris and Milan, and her modelling career has developed ever since alongside her studies. \u201c[Modelling] was brutal at first, but now it\u2019s a lot more fun,\u201d she says. The youngest of three from a family of scientists, she was always interested in law, and in her final year of study she is focusing on how it relates to medicine. On an Erasmus exchange at Bocconi in Milan, a guest lecturer talking about intellectual property litigation in the fashion world gave her another perspective on how her two passions intersect. <\/p>\n<p class=\"c-paragraph paywall \">\u201cI am going to give modelling a proper shot, and when I am not studying (for her solicitors exams), I can model and when I am not modelling, I can study.\u201d<\/p>\n<p>Caolum McCabeFashion designer<img decoding=\"async\" data-chromatic=\"ignore\" alt=\"Caolum McCabe describes himself as an emotional and conceptual designer, who wants to put more magic into fashion\" class=\"c-image\" loading=\"lazy\" src=\"https:\/\/www.europesays.com\/ie\/wp-content\/uploads\/2026\/01\/CULYQIWAZNBXZNICSIBVEV457I.jpg\"   width=\"800\" height=\"999\"\/>Caolum McCabe describes himself as an emotional and conceptual designer, who wants to put more magic into fashion <\/p>\n<p class=\"c-paragraph paywall \">Caolumn McCabe\u2019s 16-piece debut collection \u201cPersona\u201d in September, inspired by Ingmar Bergman\u2019s film, marked the 27-year-old Newry designer as one to watch. With its innovative silhouettes, wayward silk knitwear, oil slicked pieces, pearlised button tweed d\u00e9cor and hand dyed slip dresses, it was a tour de force from a talented creative who cuts, sews and pattern drafts, and believes the \u201ctouch of hand is really special\u201d. <\/p>\n<p class=\"c-paragraph paywall \">A love of fashion was inherited from his grandmother who was a dressmaker, and his tutors at the Arts University Bournemouth worked with McQueen and Galliano. After graduation he spent time with Vivienne Westwood and designer SS Daley (recipient of the LVMH prize) in London before returning home to reconnect with his heritage. <\/p>\n<p class=\"c-paragraph paywall \">A job in a local hospital helped him pay for fabrics for his self-funded show. He describes himself as an emotional and conceptual designer, who wants to put more magic into fashion. He is careful about his next steps. \u201cWe won\u2019t rush because this is something we dreamed up for a long time. There will be a chapter two collection.\u201d<\/p>\n<p>Hollie Marie GallagherFashion designer<img decoding=\"async\" data-chromatic=\"ignore\" alt=\"Hollie Marie Gallagher: 'I&#x2019;m excited about opportunities in my underestimated county of Donegal'\" class=\"c-image\" loading=\"lazy\" src=\"https:\/\/www.europesays.com\/ie\/wp-content\/uploads\/2026\/01\/BDYM3OJWQ5F4TFWBUS667OCR64.jpeg\"   width=\"800\" height=\"600\"\/>Hollie Marie Gallagher: &#8216;I\u2019m excited about opportunities in my underestimated county of Donegal&#8217; <\/p>\n<p class=\"c-paragraph paywall \">From Donegal, Hollie Marie Gallagher\u2019s family ties to weaving are strong; the clothes in her Dare to Howl avant-garde fashion brand collection, in collaboration with Magee, merge Irish heritage materials with slow fashion principles and challenge fast fashion culture. <\/p>\n<p class=\"c-paragraph paywall \">Her redefinition of the traditional Irish cloak, and her curvaceous oversized silhouettes in tweed and taffeta from her graduate collection at ATU Donegal, made a strong statement, marking a new direction for a heritage textile from a young local designer. Rosy Temple of Magee describes her work as \u201cdaringly modern with a relevant perspective\u201d. <\/p>\n<p class=\"c-paragraph paywall \">Gallagher credits her lecturer Eilish Kennedy with encouraging her to be bold in her approach to design. This year, the 23-year-old collaborated with other young designers at Dublin Independent Fashion Week, and her plans include future collaborations, internships and funding efforts. <\/p>\n<p class=\"c-paragraph paywall \">A karate champion since the age of 10, she had to stop due to severe injury and surgery. Martial art has taught her about discipline, resilience and teamwork, qualities that will stand to her in her future fashion career. \u201cI\u2019m excited about opportunities in my underestimated county of Donegal, and I really want to be part of that.\u201d<\/p>\n<p>Sam DalyTextile designer<img decoding=\"async\" data-chromatic=\"ignore\" alt=\"Sam Daly was responsible for designing Ireland&#x2019;s Eye 2025 Christmas sweaters\" class=\"c-image\" loading=\"lazy\" src=\"https:\/\/www.europesays.com\/ie\/wp-content\/uploads\/2026\/01\/4RUR5XM6FJBBLMXB5CLBX2IO4M.jpg\"   width=\"800\" height=\"599\"\/>Sam Daly was responsible for designing Ireland\u2019s Eye 2025 Christmas sweaters <\/p>\n<p class=\"c-paragraph paywall \">From a family of skilled artisans in Stamullen in Co Meath, Sam Daly\u2019s interest in textiles began during Covid when he taught himself to weave and machine knit. His aim was to produce something well-designed of good quality \u201cthat doesn\u2019t produce waste\u201d. <\/p>\n<p class=\"c-paragraph paywall \">Having graduated from NCAD, his skills have already been recognised; his graduate collection was displayed in London, he won the DCCI\u2019s Future Makers award in 2023 and the RDS Craft Award 2024, and was shortlisted for the Gucci Global Graduate Design in London. <\/p>\n<p class=\"c-paragraph paywall \">In 2024, Daly, now 24, began working with Ireland\u2019s Eye on the knitwear factory floor. He is now an assistant designer and was responsible for designing the company\u2019s 2025 Christmas sweaters. He is also involved in the new collections for men and women in lightweight wool and cashmere, launching this year in March and September.<\/p>\n<p>Susan Fox and Carly Colgan BatesFounders of Eal\u00fa<img decoding=\"async\" data-chromatic=\"ignore\" alt=\"Susan Fox and Carly Colgan Bates are taking Eal&#xFA; into spas in 2026\" class=\"c-image\" loading=\"lazy\" src=\"https:\/\/www.europesays.com\/ie\/wp-content\/uploads\/2026\/01\/4IXTRBDCLBFAHDXK5XJQIRHHIY.jpg\"   width=\"800\" height=\"533\"\/>Susan Fox and Carly Colgan Bates are taking Eal\u00fa into spas in 2026 <\/p>\n<p class=\"c-paragraph paywall \">Susan Fox and Carly Colgan Bates are founders of Eal\u00fa (pronounced \u201cay-lu\u201d, meaning \u201cescape\u201d), one of Ireland\u2019s most exciting emerging body care brands. The duo created the brand in 2024 after recognising how easily personal wellbeing slips down the list for busy women balancing work, family and life, and aims to offer people daily opportunities for self-care using premium body care products. <\/p>\n<p class=\"c-paragraph paywall \">Every product is vegan and cruelty free and formulated and produced in Ireland, blending active ingredients with luxurious textures and memorable scents. <\/p>\n<p class=\"c-paragraph paywall \">Eighteen months since Eal\u00fa hit the market, the brand has grown from an initial offering of three products to five, along with a line of accessories, stocked in more than 100 retailers, with multiple national and international awards earned along the way. In 2026, Fox and Colgan Bates are taking Eal\u00fa into spas, expanding their product range, and growing their community via wellness events and workshops. This is a brand poised to travel well beyond our shores.<\/p>\n<p>FOOD &amp; DRINKBy Corinna HardgraveElizabeth DunphyPastry sous chef, The Bishop\u2019s Buttery<img decoding=\"async\" data-chromatic=\"ignore\" alt=\"Elizabeth Dunphy works under head chef Stefan McEntee and shapes the dessert menu at The Bishop&#x2019;s Buttery\" class=\"c-image\" loading=\"lazy\" src=\"https:\/\/www.europesays.com\/ie\/wp-content\/uploads\/2026\/01\/ZN72Y6P7UZEZXMM7YTK3TBGWZI.jpg\"   width=\"800\" height=\"600\"\/>Elizabeth Dunphy works under head chef Stefan McEntee and shapes the dessert menu at The Bishop\u2019s Buttery <\/p>\n<p class=\"c-paragraph paywall \">When Euro-Toques Ireland introduced its Rising Pastry Chef of the Year award in November, the first winner was Elizabeth Dunphy of The Bishop\u2019s Buttery. Her dish, \u201cNot Your Typical Apple Tart\u201d, reworked a familiar Irish dessert with sharp, layered precision. Using apples from Con Trass\u2019s Apple Farm, she built a caramel mousse capped with almond sabl\u00e9, roasted the fruit with skins on to reduce waste, compressed apple with apple brandy for contrast, and finished the plate with blackberry gel and almond ice-cream. <\/p>\n<p class=\"c-paragraph paywall \">Dunphy works under head chef Stefan McEntee and shapes the dessert menu at the one-Michelin-star restaurant. Her process is methodical: a notebook of sketches, ideas and technical notes refined until each element earns its place. <\/p>\n<p class=\"c-paragraph paywall \">She began in hospitality at 16 as a part-time server at the Newpark Hotel, trained at Waterford IT, worked across several kitchens, then spent time as a pastry chef in US east coast country clubs before returning to Ireland. She has been at Cashel Palace for two years.<\/p>\n<p>Shauna and Mark FroydenlundChef-patrons, the Fold<img decoding=\"async\" data-chromatic=\"ignore\" alt=\"Shauna and Mark Froydenlund's new project, The Fold, shows what they can do independently. Photograph: Elaine Hill Photography\" class=\"c-image\" loading=\"lazy\" src=\"https:\/\/www.europesays.com\/ie\/wp-content\/uploads\/2026\/01\/RQS4LE5NOBDXDDQ2JQN5C4KQCU.jpg\"   width=\"800\" height=\"533\"\/>Shauna and Mark Froydenlund&#8217;s new project, The Fold, shows what they can do independently. Photograph: Elaine Hill Photography <\/p>\n<p class=\"c-paragraph paywall \">I first met Shauna Froydenlund at P\u00e9trus, then owned by Gordon Ramsay, where Marcus Wareing was head chef and the restaurant held one Michelin star, later rising to two. When Wareing took over the site and reopened it as Marcus, also with two stars, Shauna and Mark Froydenlund were central to the operation. <\/p>\n<p class=\"c-paragraph paywall \">After almost 15 years there, the couple \u2013 now married with children \u2013 left London for Shauna\u2019s hometown of Derry to take over The Exchange from her father, restaurateur Mark Caithness. <\/p>\n<p class=\"c-paragraph paywall \">Their new project, The Fold, shows what they can do independently. In a restored stone building in Ebrington Square, they opened their bakehouse at the end of October, with plans for a charcoal-led food yard and a 24-seat supper club. The bakery turns out sourdough, focaccia, Past\u00e9is de Nata and cinnamon cruffins, followed later by pork-belly doughnuts and Japanese milk bread. The yard will serve prawn toast, jambon croquettes, house-fried chicken, shell-on prawns with honey and chilli, and slow-cooked lamb neck, while the supper club will draw on the couple\u2019s Michelin two-star experience.<\/p>\n<p>Nivene SadickOwner, Cairo 2 Cork food truck<img decoding=\"async\" data-chromatic=\"ignore\" alt=\"Nivene Sadick describes her approach as Egyptian-Irish fusion\" class=\"c-image\" loading=\"lazy\" src=\"https:\/\/www.europesays.com\/ie\/wp-content\/uploads\/2026\/01\/TVPAEXKFZBBMVHZTJEUGXWWVTI.jpg\"   width=\"800\" height=\"600\"\/>Nivene Sadick describes her approach as Egyptian-Irish fusion <\/p>\n<p class=\"c-paragraph paywall \">Nivene Sadick opened her Cairo 2 Cork food truck outside the Paul Street Shopping Centre in mid-October. Half Irish, half Egyptian, she spent her summers in Cairo learning to cook from her grandmother; after the 2011 revolution she returned for five years, staying with family, working in a school and absorbing the city\u2019s food culture first-hand. <\/p>\n<p class=\"c-paragraph paywall \">She describes her approach as Egyptian-Irish fusion. The viral Egyptian Munch Box is the draw: chicken and beef shawarma with Egyptian-style mac and cheese, vermicelli rice, fries, pickles and garlic sauce \u2013 generous, fast and still rooted in Cairo street food. So too is the Cairo Crunch (Hawawshi): spiced lamb mince sealed inside toasted pitta with tahini and garlic sauce. The rest of the menu extends the idea \u2013 shawarma wraps, vermicelli bowls, loaded mac and cheese and Basha Bowls with lemon-dressed salad, plus falafel, sauces and sides. Sadick now plans to grow the business, potentially adding a second truck for festivals.<\/p>\n<p>Zachary NicollSommelier, Restaurant Patrick Guilbaud<img decoding=\"async\" data-chromatic=\"ignore\" alt=\"Zachary Nicoll says the wine to look out for in 2026 is Godello-based whites from Bierzo in Spain\" class=\"c-image\" loading=\"lazy\" src=\"https:\/\/www.europesays.com\/ie\/wp-content\/uploads\/2026\/01\/VOYZRODEVRBL7FAQC7HY5TWJHM.jpg\"   width=\"800\" height=\"599\"\/>Zachary Nicoll says the wine to look out for in 2026 is Godello-based whites from Bierzo in Spain <\/p>\n<p class=\"c-paragraph paywall \">When Zachary Nicoll joined Restaurant Patrick Guilbaud as a sommelier in October, he had barely unpacked before he was already working the room with a startling level of composure. <\/p>\n<p class=\"c-paragraph paywall \">I saw him within his first few weeks: precise without being stiff, quick on detail, and tuned into the small signals that separate competent service from genuinely good hospitality. <\/p>\n<p class=\"c-paragraph paywall \">He arrived from the two-Michelin-star Clove Club, where nearly three years under Emer Landgraf shaped a style of service that\u2019s exact without being showy. When C\u00e9dric Bonneau moved to Dublin to head up the wine team at Restaurant Patrick Guilbaud, Nicoll followed. He says the wine to look out for in 2026 is Godello-based whites from Bierzo in Spain. He loves champagne. His favourite for special occasions is Egly Ouriets Les Vignes de Vrigny. <\/p>\n<p class=\"c-paragraph paywall \">When off the clock, in the absence of a Burgundy budget, he likes the sharp, mineral styles of Juran\u00e7on, and suggests Jean-Pierre Robinot\u2019s Bistrologie for anyone who claims to \u201chate\u201d natural wine.<\/p>\n<p>Maurice Deasy Irish heritage wheat grower and brewer<img decoding=\"async\" data-chromatic=\"ignore\" alt=\"Mark Twohig and Maurice Deasy of Canvas\" class=\"c-image\" loading=\"lazy\" src=\"https:\/\/www.europesays.com\/ie\/wp-content\/uploads\/2026\/01\/FLXRNUBZY7WGJMYIQJOFFAAUYI.jpg\"   width=\"800\" height=\"450\"\/>Mark Twohig and Maurice Deasy of Canvas <\/p>\n<p class=\"c-paragraph paywall \">While researching heritage Irish grain varieties for a brewing project on his family\u2019s north Tipperary farm, Maurice Deasy found that Ireland cannot only grow hops, but has a heritage variety dating to the 14th century, brought from Brittany. <\/p>\n<p class=\"c-paragraph paywall \">At Canvas Brewery he brews single-source beer using Irish-grown heritage grains malted on-site, his own hops, spring water and electricity from the farm\u2019s screw-hydro plant. This sits within the farm\u2019s wider shift away from chemical inputs toward no-till and crop rotation, prompted by falling yields and returns. <\/p>\n<p class=\"c-paragraph paywall \">His interest in agroecology \u2013 farming the land as an ecosystem rather than an industrial process \u2013 led him to Talamh Beo, the grassroots group advocating for soil health, biodiversity and fairer food systems. Deasy argues that producing food that improves soil, water quality and emissions shouldn\u2019t earn farmers the same payment as systems that damage them. He also supports anaerobic digestion for biomethane, arguing it works best when tied to food production: you end up reducing the carbon intensity of food and a byproduct of that is energy production.<\/p>\n<p>ACTIVISMBy Una MullallyB\u00e1n\u00fa<img decoding=\"async\" data-chromatic=\"ignore\" alt=\"B&#xE1;n&#xFA; highlights the housing crisis in the Connemara Gaeltacht, and Gaeltacht areas more generally. Photograph: &#xC9;anna &#xD3; Caolla&#xED;\" class=\"c-image\" loading=\"lazy\" src=\"https:\/\/www.europesays.com\/ie\/wp-content\/uploads\/2026\/01\/GBM5MBS6WFCS5BGMECZMPSSJVU.JPG\"   width=\"800\" height=\"496\"\/>B\u00e1n\u00fa highlights the housing crisis in the Connemara Gaeltacht, and Gaeltacht areas more generally. Photograph: \u00c9anna \u00d3 Caolla\u00ed <\/p>\n<p class=\"c-paragraph paywall \">Frequently, discourse about the housing crisis is focussed on urban areas. But B\u00e1n\u00fa, a community action group founded in late 2023, highlights the housing crisis in the Connemara Gaeltacht, and Gaeltacht areas more generally. <\/p>\n<p class=\"c-paragraph paywall \">Issues with planning, a lack of public or affordable housing schemes, the high cost of rent in areas deemed \u201ctourist\u201d rather than local, and the omnipresence of Airbnb short-term rentals as well as holiday homes often empty for large parts of the year, are some of the main issues highlighted by the group. Many of these issues cut across other areas of the country \u2013 especially the lack of long-term rented homes available \u2013 but what\u2019s also relevant is the impact this is having on the Irish language. <\/p>\n<p class=\"c-paragraph paywall \">Narratives about the Irish language \u201crevival\u201d are also disproportionately focussed on urban areas, but Gaeltacht areas are vital to the language surviving and thriving. Expect rural gentrification and the Gaeltacht housing crisis to continue to grow as an issue in 2026.<\/p>\n<p>Jenny MaguireActivist and writer<img decoding=\"async\" data-chromatic=\"ignore\" alt=\"Jenny Maguire: 'It doesn&#x2019;t matter if someone is using my pronouns or not if they&#x2019;re evicting me.' Photograph: Alan Betson\" class=\"c-image\" loading=\"lazy\" src=\"https:\/\/www.europesays.com\/ie\/wp-content\/uploads\/2026\/01\/HTGOCYSSZZFMXAFCEVFEMZXARU.JPG\"   width=\"800\" height=\"600\"\/>Jenny Maguire: &#8216;It doesn\u2019t matter if someone is using my pronouns or not if they\u2019re evicting me.&#8217; Photograph: Alan Betson <\/p>\n<p class=\"c-paragraph paywall \">The former Trinity College Dublin Students\u2019 Union president emerged as a strong voice within the student movement, particularly as one of the students who oversaw the BDS (Boycott, Divestment, Sanctions) encampment on Trinity\u2019s campus last summer, which ultimately resulted in Trinity cutting ties with Israel. <\/p>\n<p class=\"c-paragraph paywall \">An exceptional speaker, Maguire is appearing on current affairs programmes with increasing frequency, as well as writing opinion pieces for the Irish Independent. Maguire has the kind of energy that acts as a mobilising force; she\u2019s also an excellent communicator with a sense of humour. <\/p>\n<p class=\"c-paragraph paywall \">A strong voice in trans rights and LGBTQ+ rights more generally \u2013 especially as co-organiser of Trans and Intersex Pride Dublin \u2013 in an interview with the University Times last August, Maguire outlined economic justice as her main political cause, saying: \u201cIt doesn\u2019t matter if someone is using my pronouns or not if they\u2019re evicting me.\u201d<\/p>\n<p>Edwina Guckian <img decoding=\"async\" data-chromatic=\"ignore\" alt=\"Edwina Guckian created The Devil's in the Dancehall production that looks back on the evolution of Ireland's dance halls. Photograph: Enda O'Dowd\" class=\"c-image\" loading=\"lazy\" src=\"https:\/\/www.europesays.com\/ie\/wp-content\/uploads\/2026\/01\/6CWQ7Y6QUNE6TA6CS26X5TVBRU.jpg\"   width=\"800\" height=\"533\"\/>Edwina Guckian created The Devil&#8217;s in the Dancehall production that looks back on the evolution of Ireland&#8217;s dance halls. Photograph: Enda O&#8217;Dowd <\/p>\n<p class=\"c-paragraph paywall \">This Leitrim dancer, teacher, and organiser from Drumsna has an infectious energy and is an out and out doer. Guckian established \u00c1irc Damhsa Culture Club and is also the artistic director of Leitrim Dance Project, which hosts Leitrim Dance Festival and the Effrinagh Crossroads Dance. <\/p>\n<p class=\"c-paragraph paywall \">She was awarded the Gradam Comaoine TG4 in 2022, and in 2024 published her first children\u2019s book, Sparks from the Flagstones. In an era of increasing appreciation for traditional culture amongst new generations, Guckian is an inspiring cultural figure, full of ideas and ambition. She closed out the year with an epic series called The Devil\u2019s in the Dancehall with the Gralton Big Band, which toured dancehalls in Leitrim, Galway, Mayo, Clare and Donegal. <\/p>\n<p class=\"c-paragraph paywall \">In December she also ran a Mummers\u2019 hat workshop in Drumshanbo. Is dancing activism? If keeping the bright flames of traditions burning matters, which it does &#8211; from the Mummers to dancehall hooleys &#8211; then absolutely.<\/p>\n<p>Irish Bloc Berlin <img decoding=\"async\" data-chromatic=\"ignore\" alt=\"The Irish Bloc has consistently showed up in solidarity with Palestinians, while navigating an increasingly violent context of police crackdowns on protest\" class=\"c-image\" loading=\"lazy\" src=\"https:\/\/www.europesays.com\/ie\/wp-content\/uploads\/2026\/01\/3DTFRF5IXJFPRP3UJRE6DRRF34.jpeg\"   width=\"800\" height=\"600\"\/>The Irish Bloc has consistently showed up in solidarity with Palestinians, while navigating an increasingly violent context of police crackdowns on protest <\/p>\n<p class=\"c-paragraph paywall \">It\u2019s not just in Ireland where solidarity with Palestine is pronounced, but also within the Irish diaspora. Perhaps the most mobilised and most vocal community of Irish activists and protestors abroad is the Irish Bloc in Berlin. <\/p>\n<p class=\"c-paragraph paywall \">Since the outset of the genocide, protests in the German capital have been characterised by Palestinians, Arab immigrant communities, Berlin\u2019s queer community, and the Irish immigrant community. The Irish Bloc has consistently showed up in solidarity with Palestinians, while navigating an increasingly violent context of police crackdowns on protest. Many have been arrested and beaten. <\/p>\n<p class=\"c-paragraph paywall \">Irish citizens in Berlin continue to contend with various consequences of their activism, including accusations of police violence and surveillance, threats of deportation, arrests, charges and intimidation. Yet throughout, they speak of a strong sense of community and solidarity, and are consistent in pointing to the much more arduous situation in the city for Palestinians and people of colour. <\/p>\n<p>Queer Sheds Network<img decoding=\"async\" data-chromatic=\"ignore\" alt=\"Fionn Kidney and Aoife Hammond, co-founders of the Queer Sheds Network project at Common Knowledge\" class=\"c-image\" loading=\"lazy\" src=\"https:\/\/www.europesays.com\/ie\/wp-content\/uploads\/2026\/01\/4AKKCNFMLBARVD5TZVAR2NUXJI.jpg\"   width=\"800\" height=\"530\"\/>Fionn Kidney and Aoife Hammond, co-founders of the Queer Sheds Network project at Common Knowledge <\/p>\n<p class=\"c-paragraph paywall \">Inspired by the Men\u2019s and Women\u2019s Sheds movements, Queer Sheds creates hands-on queer-led spaces where LGBTQ+ people learn and share practical skills. Initiated by Common Knowledge, the Clare-based social enterprise that teaches people self-building and other skills, in 2024 the first official Queer Shed in the world was established in Clare. <\/p>\n<p class=\"c-paragraph paywall \">Recent events include Irish language conversations, blacksmith skill sharing, potluck dinner nights and experimental music demonstrations. <\/p>\n<p class=\"c-paragraph paywall \">In 2025, a new Queer Shed began in D\u00fan Laoghaire-Rathdown in Dublin. This year, Queer Sheds will run its third edition of the Faoin Tuath festival, an event where LGBTQ+ people in rural Ireland learn practical skills and spend time in nature, along with workshops, gigs and talks. The Queer Sheds manifesto states: \u201cThis is a meitheal of queers seeking belonging and creating change beyond the mainstream.\u201d <\/p>\n<p>FILM &amp; TELEVISIONBy Donald ClarkeBeth FallonActor<img decoding=\"async\" data-chromatic=\"ignore\" alt=\"Beth Fallon: 'I learned to take my time and work out different ways to do the scenes'\" class=\"c-image\" loading=\"lazy\" src=\"https:\/\/www.europesays.com\/ie\/wp-content\/uploads\/2026\/01\/QF5MJFPRBFFYHFM32J26U4SJSU.jpeg\"   width=\"800\" height=\"600\"\/>Beth Fallon: &#8216;I learned to take my time and work out different ways to do the scenes&#8217; <\/p>\n<p class=\"c-paragraph paywall \">\u201cWhen people perceive Paul Rudd, they always think he\u2019s an amazing person and he genuinely is,\u201d Beth Fallon, now 16, tells me from her home in Kildare. She should know. She has just finished shooting her role as daughter to Rudd\u2019s character in the latest musical drama from the creator of Once and Sing Street. <\/p>\n<p class=\"c-paragraph paywall \">John Carney\u2019s Power Ballad features Rudd as \u201ca wedding singer who comes to Ireland\u201d, she says. Nick Jonas plays an American pop star. \u201cA song comes between them and, I don\u2019t know how much else I can give away,\u201d she continues, laughing. <\/p>\n<p class=\"c-paragraph paywall \">Fallon, who attended Vicky Barry Performing Arts, has already had a brush with screen fame. She was electric as the title character in Louise Lives Large, a recent, acclaimed RT\u00c9 series about a young girl readjusting after recovery from cancer. <\/p>\n<p class=\"c-paragraph paywall \">\u201cI learned to take my time and work out different ways to do the scenes,\u201d she says of that experience. \u201cJust enjoy what you\u2019re doing while it\u2019s happening.\u201d<\/p>\n<p>Aran Murphy Actor<img decoding=\"async\" data-chromatic=\"ignore\" alt=\"In 2026, Aran Murphy has good roles in HBO&#x2019;s legal series War, and Taika Waititi&#x2019;s film adaptation of Kazuo Ishiguro&#x2019;s dystopian novel Klara and the Sun\" class=\"c-image\" loading=\"lazy\" src=\"https:\/\/www.europesays.com\/ie\/wp-content\/uploads\/2026\/01\/YI6IVQSPBJGFLBFWJCIL4XNGGE.jpeg\"   width=\"800\" height=\"600\"\/>In 2026, Aran Murphy has good roles in HBO\u2019s legal series War, and Taika Waititi\u2019s film adaptation of Kazuo Ishiguro\u2019s dystopian novel Klara and the Sun <\/p>\n<p class=\"c-paragraph paywall \">Aran Murphy, teenage son of Cillian Murphy and Yvonne McGuinness, has been creeping up the inside rail for some time. Back in 2019, he starred in Hamnet, a one-person show about Shakespeare\u2019s son that played in the Project Arts Centre and The Abbey Theatre (no relation to Maggie O\u2019Farrell\u2019s book or the upcoming film). <\/p>\n<p class=\"c-paragraph paywall \">\u201cThat was just incredible,\u201d he says. \u201cBut then I didn\u2019t do much for a long while.\u201d Murphy was strong in Andrew Legge\u2019s experimental feature LOLA from 2022. He hits big, in 2026, with good roles in HBO\u2019s legal series War, and Taika Waititi\u2019s film adaptation of Kazuo Ishiguro\u2019s dystopian novel Klara and the Sun. Amy Adams and Jenna Ortega are also among the cast. <\/p>\n<p class=\"c-paragraph paywall \">\u201cWe shot in New Zealand, so that was pretty surreal,\u201d he says. \u201cTaika Waititi has been a pretty formative figure for me.\u201d What next? College? \u201cI\u2019m telling people that I\u2019m taking a preliminary year out, but that\u2019s just my easy way out of that question. Ha, ha!\u201d<\/p>\n<p>Isolt McCaffreyActor<img decoding=\"async\" data-chromatic=\"ignore\" alt=\"Isolt McCaffrey, a prot&#xE9;g&#xE9; of the drama teacher Anne Kavanagh, first registered in the BBC Three series Video Nasty\" class=\"c-image\" loading=\"lazy\" src=\"https:\/\/www.europesays.com\/ie\/wp-content\/uploads\/2026\/01\/K44IVO4C2VBSXEFYGA2UY5N3EA.jpeg\"   width=\"800\" height=\"533\"\/>Isolt McCaffrey, a prot\u00e9g\u00e9 of the drama teacher Anne Kavanagh, first registered in the BBC Three series Video Nasty <\/p>\n<p class=\"c-paragraph paywall \">Rob Walpole, veteran Irish producer, cannot say enough nice things about Isolt McCaffrey. \u201cWe feel very lucky to have worked with her this early in her career,\u201d he says. \u201cIsolt is a preternaturally talented actor and is destined for great things.\u201d The young Dubliner, a prot\u00e9g\u00e9 of the drama teacher Anne Kavanagh, first registered in the BBC Three series Video Nasty, but I notice she has a credit in David Freyne\u2019s zombie flick The Cured from back in 2017. She must have been tiny then. <\/p>\n<p class=\"c-paragraph paywall \">\u201cI was a little zombie child, and got all the blood and everything,\u201d she says. In 2026, McCaffrey takes a major role in RT\u00c9\u2019s comedy drama These Sacred Vows. Written by John Butler, produced by Walpole and Rebecca O\u2019Flanagan, the show begins with a mysterious death following a wedding on a Spanish island. \u201cIt\u2019s very funny,\u201d McCaffrey says. \u201cIt\u2019s a satirical comedy on people in Ireland and in Dublin especially.\u201d<\/p>\n<p>Leo HannaActor<img decoding=\"async\" data-chromatic=\"ignore\" alt=\"Leo Hanna takes a significant part in Jon Erwin&#x2019;s Young Washington, following the US first president in formative years\" class=\"c-image\" loading=\"lazy\" src=\"https:\/\/www.europesays.com\/ie\/wp-content\/uploads\/2026\/01\/QKY5SXROQNEEXAWHK43VT7AQQM.jpeg\"   width=\"800\" height=\"900\"\/>Leo Hanna takes a significant part in Jon Erwin\u2019s Young Washington, following the US first president in formative years <\/p>\n<p class=\"c-paragraph paywall \">\u201cBeing an opera singer was on the cards for a while,\u201d Leo Hanna says of early plans. I haven\u2019t heard him sing, but he has the unavoidable presence that profession demands. He has worked consistently since leaving the Lir Academy at Trinity College Dublin. On stage, he was in Roddy Doyle\u2019s The Giggler Treatment and \u2013 the opera influence \u2013 Terence McNally\u2019s Master Class: An Audience with Maria Callas. <\/p>\n<p class=\"c-paragraph paywall \">Then, he landed a role opposite Mark Rylance in Sean O\u2019Casey\u2019s Juno and the Paycock in London\u2019s West End. \u201cGetting to work with Mark Rylance? How do you top that?\u201d <\/p>\n<p class=\"c-paragraph paywall \">Well, in 2026, we will see him take a significant part in Jon Erwin\u2019s Young Washington, following the US first president in formative years. \u201cIt\u2019s a very physical part,\u201d he says. \u201cA lot of walking around in mud.\u201d Will that erase memories of Margo Martindale blowing his head off in Cocaine Bear? \u201cA video that is played at every party I go to,\u201d he says, chortling. <\/p>\n<p>Jessica Reynolds Actor<img decoding=\"async\" data-chromatic=\"ignore\" alt=\"In 2026, you can see Jessica Reynolds opposite &#xC9;anna Hardwicke in David Turpin&#x2019;s highly anticipated drama Ancestors\" class=\"c-image\" loading=\"lazy\" src=\"https:\/\/www.europesays.com\/ie\/wp-content\/uploads\/2026\/01\/QKGDJFOS5ZBIVG3JLXIHTPS5B4.jpg\"   width=\"800\" height=\"800\"\/>In 2026, you can see Jessica Reynolds opposite \u00c9anna Hardwicke in David Turpin\u2019s highly anticipated drama Ancestors <\/p>\n<p class=\"c-paragraph paywall \">\u201cIt\u2019s the biggest thing I\u2019ve ever taken on,\u201d Jessica Reynolds says. \u201cIt was incredible. But it was tough. Real TV is not for the weak.\u201d The Holywood woman (that\u2019s Co Down, not southern California) is talking about her lead role in the upcoming Channel 4 adaptation of Barbara Taylor Bradford\u2019s era-defining 1979 novel A Woman of Substance. <\/p>\n<p class=\"c-paragraph paywall \">Adapted by the same network in 1984 \u2013 with Jenny Seagrove where Reynolds now sits \u2013 the epic follows the protagonist from domestic servant to head of a business empire. Brenda Blethyn and our own Emmet Scanlon also star. Reynolds is no neophyte. She shone as across-the-barricades love interest in Kneecap. She had a regular role in House of Guinness. <\/p>\n<p class=\"c-paragraph paywall \">In 2026, you can also see her opposite \u00c9anna Hardwicke in David Turpin\u2019s highly anticipated drama Ancestors. But A Woman of Substance is the behemoth. \u201cWhen you\u2019re leading a TV show \u2013 and it\u2019s my first time doing that \u2013 you have to be a bit of an athlete,\u201d she says. <\/p>\n<p>ARTS &amp; ENTERTAINMENTBy Gemma Tipton and Nadine O\u2019Regan<b>Asha Murray<\/b>Artist<img decoding=\"async\" data-chromatic=\"ignore\" alt=\"Asha Murray: 'I look at recreating the consumer objects that creep into the background of our subconscious, and upscale these items into hand-tufted sculptures'\" class=\"c-image\" loading=\"lazy\" src=\"https:\/\/www.europesays.com\/ie\/wp-content\/uploads\/2026\/01\/FW43RK64AJHKZFXN3HZY24GPRA.jpg\"   width=\"800\" height=\"533\"\/>Asha Murray: &#8216;I look at recreating the consumer objects that creep into the background of our subconscious, and upscale these items into hand-tufted sculptures&#8217; <\/p>\n<p class=\"c-paragraph paywall \">Working in a marvellous mash up of experimental film, sculpture and wool tufting (think narrative carpets), Limerick School of Art graduate Asha Murray explores life through a feminist lens. She was a finalist in 2023\u2019s RDS Visual Art Awards; the RHA Graduate Studio Residency followed and she hasn\u2019t looked back since. <\/p>\n<p class=\"c-paragraph paywall \">\u201cDuring lockdown, I found my trips to the grocery shops inspiring,\u201d she says. \u201cI thought about women\u2019s places within the household: the chores, the roles, the rituals.\u201d Films and tufted works from this period were based on lost shopping lists, found on her walks. \u201cI look at recreating the consumer objects that creep into the background of our subconscious, and upscale these items into hand-tufted sculptures.\u201d An added layer of satire makes for a rich visual experience. <\/p>\n<p class=\"c-paragraph paywall \">2026 sees Murray in a major RHA group exhibition exploring consumerism, opening in February, and a solo show in Galway\u2019s 126 Gallery, running from April 4th to 29th. \u201cI feel very lucky to have had a studio for the past two years, but as that comes to an end, the stress of finding a space hangs over me.\u201d Working as an emerging artist means, she says, \u201cpicking up a lot of different gigs to fund your practice, to make sure the work you need to make gets made.\u201d<\/p>\n<p><b>Djamel White <\/b><b>Writer<\/b><img decoding=\"async\" data-chromatic=\"ignore\" alt=\"Djamel White's debut novel All Them Dogs lands in March. Photograph: Conor Horgan\" class=\"c-image\" loading=\"lazy\" src=\"https:\/\/www.europesays.com\/ie\/wp-content\/uploads\/2026\/01\/PS2SCS5D7VF45FTMDJQNBM4WGI.jpg\"   width=\"800\" height=\"699\"\/>Djamel White&#8217;s debut novel All Them Dogs lands in March. Photograph: Conor Horgan <\/p>\n<p class=\"c-paragraph paywall \">Djamel White left school in Dublin at 17, but quickly won a placement at Roddy Doyle\u2019s Fighting Words initiative, where his love of writing and literature saw him move from an internship to becoming a volunteer mentor. An undergraduate and master\u2019s degree in literature and creative writing at UCD followed, during which time he developed his craft. <\/p>\n<p class=\"c-paragraph paywall \">Now in his late 20s, his debut novel All Them Dogs lands in March. A gritty gangland drama set in Dublin, it\u2019s published by John Murray Press and Riverhead Books and has won advance praise from Marlon James and Anne Enright, who says his hero Tony Ward is a \u201cbittersweet confection of self-defeating swagger\u201d. \u201cIt\u2019s easy to feel like what you want to make doesn\u2019t matter,\u201d White told this paper last May. But plenty of people are tipping this book as one of the debuts of the year. <\/p>\n<p><b>Ellen Kirk<\/b>Theatre designer<img decoding=\"async\" data-chromatic=\"ignore\" alt=\"Ellen Kirk: 'I love collaborating ... making big unexpected moments happen'\" class=\"c-image\" loading=\"lazy\" src=\"https:\/\/www.europesays.com\/ie\/wp-content\/uploads\/2026\/01\/LAPMAU3SFRFDJKJILI77IOQOJ4.jpeg\"   width=\"800\" height=\"599\"\/>Ellen Kirk: &#8216;I love collaborating &#8230; making big unexpected moments happen&#8217; <\/p>\n<p class=\"c-paragraph paywall \">Following her work as an associate artist with THISISPOPBABY, set and costume designer Ellen Kirk is a resident artist with the Murmuration collective at Project Arts Centre. Recent design credits include Konstantin for the 2025 Dublin Theatre Festival, and Pea Dineen\u2019s award-winning Fringe Festival show, Raising Her Voice. She has also been working on her first feature film, Everybody Digs Bill Evans, written by Mark O\u2019Halloran, which premiers in 2026. <\/p>\n<p class=\"c-paragraph paywall \">\u201cI love collaborating,\u201d says the Dublin-based artist. \u201cI love making big unexpected moments happen and developing an idea that I would never have come to on my own.\u201d <\/p>\n<p class=\"c-paragraph paywall \">Anyone at Glastonbury, Altogether Now and Electric Picnic will have seen her stage and production design for the likes of Soda Blonde and Kojaque, and in theatre she has been inspired by the work of Dead Centre, Broken Talkers and Landmark. \u201cBeing exposed to international festivals and venues at a young age definitely influenced me, and made me want to make ambitious, contemporary work.\u201d <\/p>\n<p class=\"c-paragraph paywall \">In 2026, she will be developing a new work with Murmuration, and has more theatre shows and feature films still to be announced. \u201cA thriving art scene is so essential to a country\u2019s wellbeing,\u201d she says. \u201cThe lack of affordable housing, studio space, clubs and venues is depriving us of so much talent. Scenes need spaces to flourish in.\u201d <\/p>\n<p><b>Ana Kinsella <\/b><b>Writer<\/b><img decoding=\"async\" data-chromatic=\"ignore\" alt=\"Ana Kinsella's debut novel Frida Slattery as Herself is to be released in May\" class=\"c-image\" loading=\"lazy\" src=\"https:\/\/www.europesays.com\/ie\/wp-content\/uploads\/2026\/01\/WEKH6B5TEJBOLCA5KHDSB2P5GU.jpg\"   width=\"800\" height=\"639\"\/>Ana Kinsella&#8217;s debut novel Frida Slattery as Herself is to be released in May <\/p>\n<p class=\"c-paragraph paywall \">\u201cEpic and intimate, funny and wise.\u201d Who wouldn\u2019t want those words festooning the cover of their debut novel, particularly when they stem from Rois\u00edn O\u2019Donnell, this year\u2019s winner of the Irish Book Awards Novel of the Year? <\/p>\n<p class=\"c-paragraph paywall \">Due from Scribner in May, Frida Slattery as Herself was acquired after a hotly contested six-publisher auction and comes from journalist and author Ana Kinsella, who was raised in Dublin before decamping to London in her early 20s to study fashion journalism at Central Saint Martins. Her novel tells of Frida, who meets John Reddan in a Dublin pub in 2006: Frida is struggling to launch her acting career; John is winning a name for himself as a director. \u201cIt\u2019s got Stoneybatter cottages and Palm Springs poolsides, a tortoiseshell cat and the Abbey stage,\u201d Kinsella has said. \u201cAnd it\u2019s sort of a love story too.\u201d <\/p>\n<p><b>Muck<\/b>Maker<img decoding=\"async\" data-chromatic=\"ignore\" alt=\"Muck uses traditional tooling, and adds a little bit of ritual to make modern marvels in wood. Photograph: Tristan Hutchinson\" class=\"c-image\" loading=\"lazy\" src=\"https:\/\/www.europesays.com\/ie\/wp-content\/uploads\/2026\/01\/GGSIDYKHI5F73BDUEJGRIPHLJE.jpg\"   width=\"800\" height=\"533\"\/>Muck uses traditional tooling, and adds a little bit of ritual to make modern marvels in wood. Photograph: Tristan Hutchinson <\/p>\n<p class=\"c-paragraph paywall \">Also known as Michael Murphy of Wicklow-based Non Violent Cutlery, Muck uses traditional tooling, and adds a little bit of ritual to make modern marvels in wood. From chairs and cups, to sculptural spoons and \u201cvessels for imaginary moments\u201d, his current work is a homage to the ash, \u201cqueen of Irish trees\u201d. The non-violent aspect comes from his realisation that \u201ca spoon has no victims, unlike a knife and a fork\u201d. <\/p>\n<p class=\"c-paragraph paywall \">2025 saw Muck flat out making chairs and tables for \u00d3m\u00f3s, the much-heralded Laois eatery and sleepery opening in July: \u201cSome might say it\u2019s crazy to make 45 of them on your own with hand tools, but I\u2019m a glutton for doing things the hard way.\u201d <\/p>\n<p class=\"c-paragraph paywall \">This year will also include a solo show at Dee Morgan\u2019s Fort Gallery on Ormond Quay, and the release of a documentary about his work with Tristan Hutchinson. Muck will also be running workshops in the autumn. \u201cI\u2019d love people to know the value in having handmade objects in their lives, to know there are people scattered across the country creating beautiful pieces. Reach out and support your local makers,\u201d he says. <\/p>\n<p><b>Tanya Sweeney <\/b><b>Writer<\/b><img decoding=\"async\" data-chromatic=\"ignore\" alt=\"Tanya Sweeney's novel Esther is Now Following You arrives in shops later this month. Photograph: Ruth Medjber\" class=\"c-image\" loading=\"lazy\" src=\"https:\/\/www.europesays.com\/ie\/wp-content\/uploads\/2026\/01\/UTDVGVDVCFEWJLVFLUPEHXL7AI.jpg\"   width=\"800\" height=\"533\"\/>Tanya Sweeney&#8217;s novel Esther is Now Following You arrives in shops later this month. Photograph: Ruth Medjber <\/p>\n<p class=\"c-paragraph paywall \">Tanya Sweeney is already a well-established name in Irish journalism as a columnist and feature writer for the Irish Independent, but her debut novel should catapult her into a whole new area of renown. <\/p>\n<p class=\"c-paragraph paywall \">Esther is Now Following You arrives in shops later this month, with lavish praise from the likes of Marian Keyes, Liz Nugent and Andrea Mara. The story pole-vaults us into the life of Esther, who one day sees Canadian actor and comedian Ted Levy walking in a park in London. Transfixed by the momentary encounter, Esther starts following him online, reading about his life as an actor, and joining his fan site as a \u201cTedette\u201d. <\/p>\n<p class=\"c-paragraph paywall \">Pitched as \u201cBaby Reindeer from the stalker\u2019s perspective\u201d, the novel was snapped up by Transworld in a six-figure, two-book deal, and looks set to be the smash of 2026. <\/p>\n<p><b>Roger O\u2019Sullivan <\/b><b>Comedian<\/b><img decoding=\"async\" data-chromatic=\"ignore\" alt=\"Roger O'Sullivan won the Comedian&#x2019;s Choice Award for best newcomer at the Edinburgh Fringe Festival in the summer\" class=\"c-image\" loading=\"lazy\" src=\"https:\/\/www.europesays.com\/ie\/wp-content\/uploads\/2026\/01\/LMRKWKPXNBC65NKHAOBGRQKFUI.jpg\"   width=\"800\" height=\"600\"\/>Roger O&#8217;Sullivan won the Comedian\u2019s Choice Award for best newcomer at the Edinburgh Fringe Festival in the summer <\/p>\n<p class=\"c-paragraph paywall \">\u201cI genuinely thought I\u2019m going to move here and my life is going to change and they banned comedy.\u201d Timing hasn\u2019t always worked out for Roger O\u2019Sullivan: the Cork comedian moved to London a month before the Covid lockdown kicked in, meaning cancelled gigs and few career prospects. Luckily, the tides are turning now. <\/p>\n<p class=\"c-paragraph paywall \">O\u2019Sullivan, now 32, won the Comedian\u2019s Choice Award for best newcomer at the Edinburgh Fringe Festival in the summer for his show which explores his relationship with his farmer father via PlayStation games. An Irish tour is planned for April, and attendees can expect the same warm absurdist style of humour he showcases on his Instagram feed: one recent bit has O\u2019Sullivan explaining the British really need to stop trying to own things \u2013 particularly time (with their Greenwich Mean Time and British summertime tags), and remember that time is really Irish and Catholic: after all, as he says, \u201cthere are 12 in the O\u2019Clock family\u201d. <\/p>\n<p><b>Eimhin FitzGerald Doherty<\/b>Theatre actor<img decoding=\"async\" data-chromatic=\"ignore\" alt=\"Eimhin FitzGerald Doherty: 'There was no acting background in my family, but we are all quite big characters'\" class=\"c-image\" loading=\"lazy\" src=\"https:\/\/www.europesays.com\/ie\/wp-content\/uploads\/2026\/01\/2CZQIBVVZZHXBKKR2U5YDQUE6Q.jpeg\"   width=\"800\" height=\"600\"\/>Eimhin FitzGerald Doherty: &#8216;There was no acting background in my family, but we are all quite big characters&#8217; <\/p>\n<p class=\"c-paragraph paywall \">Eimhin FitzGerald Doherty got his start on stage with the Mullingar Arts Centre, before going on to study at the Lir, where he was released early to go on stage in a US production of Martin McDonagh\u2019s Beauty Queen of Leenane. <\/p>\n<p class=\"c-paragraph paywall \">\u201cIt was through Ronan Noone, an Irish playwright, based in Boston,\u201d recalls the actor. \u201cWe came into contact by fluke [and] he gave me advice about the industry.\u201d An introduction to Broadway director Theresa Rebeck followed, and so too did the part. \u201cI was marked on the production as the final module of my degree,\u201d he adds modestly. That was in 2024, and since then, he has appeared with the Gielgud Theatre in Juno and the Paycock alongside Mark Rylance, and at the Old Vic in Conor McPherson\u2019s The Brightening Air (the play comes to the Gate in July 2026). And all that was before his Irish debut, this year, in Marina Carr\u2019s The Boy at The Abbey. <\/p>\n<p class=\"c-paragraph paywall \">\u201cThere was no acting background in my family, but we are all quite big characters,\u201d he says, adding that auditioning is tough. \u201cI\u2019m still learning to strike the balance. It\u2019s hard to completely invest myself into a character without getting attached and being really disheartened when I don\u2019t get the part.\u201d <\/p>\n<p class=\"c-paragraph paywall \">That said, his next role is already lined up for 2026, \u201cI can\u2019t yet say what it is, but it\u2019s quite an iconic and special part that has a lot of history\u201d.<\/p>\n<p><b>Neil Tully<\/b><b>Writer<\/b><img decoding=\"async\" data-chromatic=\"ignore\" alt=\"Neil Tully: 'The last thing someone wants when you&#x2019;re doing a root canal is someone getting creative'\" class=\"c-image\" loading=\"lazy\" src=\"https:\/\/www.europesays.com\/ie\/wp-content\/uploads\/2026\/01\/PNM3H6H3XJG53LNT4CPMG7QELM.jpg\"   width=\"800\" height=\"615\"\/>Neil Tully: &#8216;The last thing someone wants when you\u2019re doing a root canal is someone getting creative&#8217; <\/p>\n<p class=\"c-paragraph paywall \">Set in June 1963, at the time of John F Kennedy\u2019s visit to New Ross, Neil Tully\u2019s forthcoming debut novel The Visit has already drawn comparisons to work from Donal Ryan and Colm T\u00f3ib\u00edn. High praise, then, and luckily the authors themselves agree \u2013 T\u00f3ib\u00edn has called the novel \u201cbrilliant\u201d while Ryan says it is \u201ceffortlessly lyrical, a stunning novel\u201d. <\/p>\n<p class=\"c-paragraph paywall \">Arriving in March from Eiriu Press, the Cork-dwelling, Ballina-born Tully, now 36, did a masters in creative writing at University of Limerick, fitting in his fiction-writing schedule around his day job as a dentist. <\/p>\n<p class=\"c-paragraph paywall \">\u201cFor writing I need to switch off the dentistry state of the brain,\u201d he says. \u201cWriting is driven by real love. With dentistry you have to be more clinical and methodical. The last thing someone wants when you\u2019re doing a root canal is someone getting creative.\u201d <\/p>\n<p><b>Anna Clifford <\/b><b>Comedy<\/b><\/p>\n<p class=\"c-paragraph paywall \">Not every comedian works well as a presenter on the small screen, but Anna Clifford\u2019s four-part series for RT\u00c9 Player, Ireland\u2019s Perfect Pubs, showcased her flair for low-key witticisms. <\/p>\n<p class=\"c-paragraph paywall \">She was also a guest on the Traitors Ireland after-show, indicating her gradual rise in status in the comedy world. A graduate of The Gaiety School of Acting, Clifford first cut her teeth in drama: she has credits in Fair City and Harry Wild amongst others. <\/p>\n<p class=\"c-paragraph paywall \">This year, in addition to her regular show Comedy for Witches, an astrology-led interactive comedy night, Clifford will tour her stand-up show Soapstar, which debuted at the Dublin Fringe Festival in 2025 and reflects on her time as a teen in Fair City. The stage is set for her career to go to the next level. <\/p>\n<p>SPORTBy Malachy ClerkinCaspar GabrielRugby <img decoding=\"async\" data-chromatic=\"ignore\" alt=\"Caspar Gabriel has risen through the Leinster ranks as one of their most exciting backline talents. Photograph: INPHO\/ Tom Maher\" class=\"c-image\" loading=\"lazy\" src=\"https:\/\/www.europesays.com\/ie\/wp-content\/uploads\/2026\/01\/V37BJPICCNC33IETTQ5XBLWY4I.jpg\"   width=\"800\" height=\"594\"\/>Caspar Gabriel has risen through the Leinster ranks as one of their most exciting backline talents. Photograph: INPHO\/ Tom Maher <\/p>\n<p class=\"c-paragraph paywall \">Vienna in Austria is nobody\u2019s idea of the place to find the next star of Irish rugby, but the buzz around Caspar Gabriel is undeniable. Still only 20, he made his Leinster debut last October and has been fizzing around the AIL for Terenure for a couple of seasons now. <\/p>\n<p class=\"c-paragraph paywall \">Pandemic aside, he has lived in Ireland since wowing the Terenure coaches playing for an Austrian school in an under-16 match in 2019. He will be Irish qualified next season. Maybe because he didn\u2019t start his rugby life in Ireland, Gabriel has an X-factor about him that means his attacking instincts hit slightly different from everyone else around him. A brilliant kicker and passer, he has risen through the Leinster ranks as one of their most exciting backline talents.<\/p>\n<p>Alex Dunne Motor racing<img decoding=\"async\" data-chromatic=\"ignore\" alt=\"Offaly driver Alexander Dunne's step into the big time can&#x2019;t be far away. Photograph: Clive Rose\/Getty Images\" class=\"c-image\" loading=\"lazy\" src=\"https:\/\/www.europesays.com\/ie\/wp-content\/uploads\/2026\/01\/QJTTUTS6IZBFDI2XD2ETJFMJIE.jpg\"   width=\"800\" height=\"536\"\/>Offaly driver Alexander Dunne&#8217;s step into the big time can\u2019t be far away. Photograph: Clive Rose\/Getty Images <\/p>\n<p class=\"c-paragraph paywall \">Nothing is ever straightforward. There were times in 2025 when it seemed possible that Alex Dunne would land a job with one of the big Formula One teams in the coming year, but mooted moves to McLaren and Red Bull didn\u2019t pan out. The Offaly driver had a magnificent debut year in the Formula Two drivers championship though, and his step into the big time can\u2019t be far away. <\/p>\n<p class=\"c-paragraph paywall \">Dunne is a self-made phenomenon, climbing through the ranks of a sport that hasn\u2019t had an Irish driver in the top tier since the heady days of Eddie Irvine. He led the Formula Two ranks for most of the season before technical issues and on-track incidents saw his title challenge wane towards the end. But if he can tidy up the small things and keep building on his pure driving ability, his Formula One shot will come.<\/p>\n<p>Ava CreanAthletics<img decoding=\"async\" data-chromatic=\"ignore\" alt=\"Ava Crean seemed to fall from the clear blue sky to come sixth in the 2025 Dublin marathon and win the women&#x2019;s title. Photograph: Alan Betson\/The Irish Times\" class=\"c-image\" loading=\"lazy\" src=\"https:\/\/www.europesays.com\/ie\/wp-content\/uploads\/2026\/01\/BQGUUUMJ7JFI5GZMENO2MP3WR4.JPG\"   width=\"800\" height=\"537\"\/>Ava Crean seemed to fall from the clear blue sky to come sixth in the 2025 Dublin marathon and win the women\u2019s title. Photograph: Alan Betson\/The Irish Times <\/p>\n<p class=\"c-paragraph paywall \">This almost never happens in sport \u2013 and especially not in the marathon. Ava Crean seemed to fall from the clear blue sky to come sixth in the 2025 Dublin marathon and win the women\u2019s title. She is still just 19 years old and only took up running during the pandemic, starting off on the treadmill initially because she was too embarrassed to run outdoors. <\/p>\n<p class=\"c-paragraph paywall \">The Limerick teenager announced herself with that run in October and now she has the chance to build an athletics career for herself, one that she never really considered up to now. She was a good enough basketball player to make the Ireland academy at under-17 so clearly she has sporting brilliance in her. But if she can win the national marathon title at just 19, who\u2019s to say what she could be capable of as she gets older?<\/p>\n<p>Patsy JoyceBoxing<img decoding=\"async\" data-chromatic=\"ignore\" alt=\"Patsy Joyce was the youngest member of the Ireland team that went to the World Championships in Liverpool last September. Photograph: Shauna Clinton\/Sportsfile\" class=\"c-image\" loading=\"lazy\" src=\"https:\/\/www.europesays.com\/ie\/wp-content\/uploads\/2026\/01\/P6UUALWKR6JTLQG5UP6OZ674XA.jpg\"   width=\"800\" height=\"545\"\/>Patsy Joyce was the youngest member of the Ireland team that went to the World Championships in Liverpool last September. Photograph: Shauna Clinton\/Sportsfile <\/p>\n<p class=\"c-paragraph paywall \">The men\u2019s side of Irish amateur boxing is badly in need of a new star. Kellie Harrington, Aoife O\u2019Rourke and Katie Taylor have brought in truckloads of medals over the past two decades but with the exception of Aidan Walsh in Tokyo, it has been a disappointing time for the men. <\/p>\n<p class=\"c-paragraph paywall \">Westmeath fighter Patsy Joyce could be the boy to change all that. A nephew of 2008 Olympian John Joe Joyce, Patsy was the youngest member of the Ireland team that went to the World Championships in Liverpool last September. But even though he was still only 19, he still came away with a bronze medal in the bantamweight division. <\/p>\n<p class=\"c-paragraph paywall \">Bubbly, energetic and a rapid puncher, Joyce makes no secret of the fact that he aims to be in Los Angeles fighting at the Olympics in 2028. The work for that starts now.<\/p>\n<p>Ellie McCartneySwimming<img decoding=\"async\" data-chromatic=\"ignore\" alt=\"Ellie McCartney has shown that she belongs at the highest level &#x2013; now for the next step. Photograph: INPHO\/Andrea Staccioli\" class=\"c-image\" loading=\"lazy\" src=\"https:\/\/www.europesays.com\/ie\/wp-content\/uploads\/2026\/01\/LZB24RNH4XVJHWXDGCFGVQQK6E.jpg\"   width=\"800\" height=\"533\"\/>Ellie McCartney has shown that she belongs at the highest level \u2013 now for the next step. Photograph: INPHO\/Andrea Staccioli <\/p>\n<p class=\"c-paragraph paywall \">The problem with having a breakthrough year is that now everyone is watching. Nobody expected Ellie McCartney to make such a splash in 2025 but now everybody expects her to build on it in 2026. She won gold, silver and bronze at the world under-23 championships last year and made her first world senior final in August. Her progress is clear for all to see. <\/p>\n<p class=\"c-paragraph paywall \">McCartney is from Enniskillen and swims out of Limerick. She specialises in breaststroke but won her under-23 medal in the individual medley so is comfortable as an all-rounder. At the European short-course championships in Poland in December, she made another senior final, this time in the 100m breaststroke. She has shown that she belongs at the highest level \u2013 now for the next step.<\/p>\n<p>SUSTAINABILITYBy Joanne HuntBrilliant Ballybunion <img decoding=\"async\" data-chromatic=\"ignore\" alt=\"Brilliant Ballybunion at The Barna Way. From left: (front) Polina Serohina, Lisa Fingleton, Mona Lynch, Grainne Toomey, Aoife Hederman and Aine Hellard, (back) Oleksandr Levochko, Danny Houlihan, Karen Costello and Sean Culhane\" class=\"c-image\" loading=\"lazy\" src=\"https:\/\/www.europesays.com\/ie\/wp-content\/uploads\/2026\/01\/OVZNK2EDLVGVHPJENTJW2SBTBI.JPG\"   width=\"800\" height=\"533\"\/>Brilliant Ballybunion at The Barna Way. From left: (front) Polina Serohina, Lisa Fingleton, Mona Lynch, Grainne Toomey, Aoife Hederman and Aine Hellard, (back) Oleksandr Levochko, Danny Houlihan, Karen Costello and Sean Culhane <\/p>\n<p class=\"c-paragraph paywall \">Nature, food, creativity \u2013 that\u2019s Brilliant Ballybunion\u2019s recipe for community climate action. The enormity of climate change and biodiversity loss can leave the individual feeling disempowered, but by coming together and acting locally, we can transform how we feel and create change, the group believes. <\/p>\n<p class=\"c-paragraph paywall \">Brilliant Ballybunion began with a call out to the north Kerry community for those passionate about nature, food or creativity to collaborate. Nature-lovers, farmers, bird watchers, photographers, sketchers, writers and ecologists came forward and so began a journey of creative climate action. <\/p>\n<p class=\"c-paragraph paywall \">Outputs so far include the Ballybunion Nature Group, a 60-strong collective that has carried out a survey of the Ringed Plover, a tiny ground-nesting bird in decline in the area. The group protects nests and talks to walkers about the importance of keeping dogs on lead. Journaling and sketching helps collaborators to record and process what they are seeing, and inspire action. <\/p>\n<p class=\"c-paragraph paywall \">\u201cIf we don\u2019t know the names of the birds, the trees or the animals, how will we know when they are gone,\u201d says artist and grower Lisa Fingleton. \u201cIf our eyes are not open to nature, we just don\u2019t see the loss.\u201d<\/p>\n<p>Alicia Mateos-C\u00e1rdenasSustainability leader<img decoding=\"async\" data-chromatic=\"ignore\" alt=\"Dr Alicia Mateos-C&#xE1;rdenas: 'I focus on what I can influence, and how I can create positive meaningful change in the world around me'\" class=\"c-image\" loading=\"lazy\" src=\"https:\/\/www.europesays.com\/ie\/wp-content\/uploads\/2026\/01\/6CLOMEPJR5HWJDYSTZPRRHQQN4.jpg\"   width=\"800\" height=\"600\"\/>Dr Alicia Mateos-C\u00e1rdenas: &#8216;I focus on what I can influence, and how I can create positive meaningful change in the world around me&#8217; <\/p>\n<p class=\"c-paragraph paywall \">Winning a global award at the World Chamber Congress last year was a career highlight for Dr Alicia Mateos-C\u00e1rdenas, sustainability lead for Cork Chamber of Commerce. She leads the Chamber\u2019s collaboration with Cork City Council on a \u201cLocal Green Deal\u201d, a model that unites business, government and civic partners through formally signed agreements that include measurable sustainability targets, clear timelines and shared accountability. <\/p>\n<p class=\"c-paragraph paywall \">\u201cOur model is not just Cork\u2019s success, it\u2019s a replicable framework for any city, anywhere. It proves that chambers are not only advocates of businesses, but can also be architects of sustainable and economic prosperity,\u201d says Mateos-C\u00e1rdenas. <\/p>\n<p class=\"c-paragraph paywall \">Originally from Zamora in Spain, a PhD in microplastics brought her to UCC. Post-doc research on compostable tea bags made headlines with some brands changing their manufacturing. She leads REEValue for Cork Chamber, a European Commission-funded project that advises food, beverage and transport industries on being more energy-efficient. \u201cI focus on what I can influence, and how I can create positive meaningful change in the world around me,\u201d she says. \u201cSustainability can feel overwhelming at times, but simple choices, consistent habits and everyday conversations genuinely matter.\u201d <\/p>\n<p>Brian MeredithOrganic farmer<img decoding=\"async\" data-chromatic=\"ignore\" alt=\"Brian Meredith's farm has been recognised by Teagasc for its progress in lightening the load of farming on the environment\" class=\"c-image\" loading=\"lazy\" src=\"https:\/\/www.europesays.com\/ie\/wp-content\/uploads\/2026\/01\/7BZ4EOCE3ZCGPNTJYLU535FHUI.jpg\"   width=\"800\" height=\"1066\"\/>Brian Meredith&#8217;s farm has been recognised by Teagasc for its progress in lightening the load of farming on the environment <\/p>\n<p class=\"c-paragraph paywall \">Change can be hard, but since switching to organic farming, Brian Meredith hasn\u2019t looked back. Returning from New Zealand to farm with his dad Keith, the pair run a fully organic suckler beef farm near Strabally, Co Laois. Planting diverse forage plants, such as grasses, clover and herbs has enhanced soil health and biodiversity, increased quality silage yields and reduced chemical nitrogen fertiliser by 100 per cent over three years. Planting new whitethorn hedging, broadleaf native and heirloom apple trees have further enhanced biodiversity. <\/p>\n<p class=\"c-paragraph paywall \">\u201cThe biggest change has probably been mindset,\u201d says Meredith, whose farm has been recognised by Teagasc for its progress in lightening the load of farming on the environment.  Meredith wants to break down barriers with consumers \u2013 \u201cthat idea of, \u2018l\u2019ll produce the food, you stay outside the gate\u2019 \u2013 I don\u2019t like that,\u201d he says. He hosts farm walks and through Social Farming Ireland people experiencing disadvantage come to participate in day to day farming. Hosting a local monthly tea break has forged bonds. <\/p>\n<p class=\"c-paragraph paywall \">\u201cI didn\u2019t know all my neighbours that well, I only ever saw them when their cattle broke into ours, or ours into theirs. I found farming quite isolated and I figured other people did too.\u201d <\/p>\n<p>Shannen Healy De-influencer <img decoding=\"async\" data-chromatic=\"ignore\" alt=\"Shannen Healy: 'My page is about making sustainability more accessible to everyone'\" class=\"c-image\" loading=\"lazy\" src=\"https:\/\/www.europesays.com\/ie\/wp-content\/uploads\/2026\/01\/GG6RXT2IK5H37IETR55J4WYMQE.jpg\"   width=\"800\" height=\"600\"\/>Shannen Healy: &#8216;My page is about making sustainability more accessible to everyone&#8217; <\/p>\n<p class=\"c-paragraph paywall \">Posting as @_greengal on TikTok and Instagram, Shannen Healy is on a mission to make sustainable living something we can all do. With tips on everything from how to clean your Birkenstocks to prolonging the life of your gym gear, Healy\u2019s smart and informative content shows how small, everyday changes can add up to a big difference, and maybe to a mindset change too. <\/p>\n<p class=\"c-paragraph paywall \">After three degrees &#8211; in microbiology food business and innovation, and sustainability in enterprise &#8211; and work in the decarbonisation and renewable energy sector, Healy realised information about sustainability wasn\u2019t being communicated in a way that was easily understood. And so began her work as a \u201cdeinfluencer\u201d where she shares her own \u201cimperfect\u201d sustainable journey. \u201cMy page is about making sustainability more accessible to everyone,\u201d she says.  <\/p>\n<p class=\"c-paragraph paywall \">She has blitzed high street shops to highlight misleading labelling of fossil fuel-derived jumpers, microplastic-shedding cardigans, and fast-fashion summer dresses already disintegrating on the shop floor. <\/p>\n<p class=\"c-paragraph paywall \">\u201cWe are all going to be impacted by climate change in the coming years. We have to make a journey towards being more sustainable. It\u2019s my hope that by making information more accessible, people can make better decisions, one at a time.\u201d<\/p>\n<p>Tullamore Lions Club<img decoding=\"async\" data-chromatic=\"ignore\" alt=\"Tullamore Lions Club&#x2019;s peatland conservation project changed this course for Clonbeale More bog in Co Offaly\" class=\"c-image\" loading=\"lazy\" src=\"https:\/\/www.europesays.com\/ie\/wp-content\/uploads\/2026\/01\/GQSNWGKWL5CNHGFBE7SBDQESV4.jpg\"   width=\"800\" height=\"457\"\/>Tullamore Lions Club\u2019s peatland conservation project changed this course for Clonbeale More bog in Co Offaly <\/p>\n<p class=\"c-paragraph paywall \">Peatlands can act as a massive carbon sink, but draining for peat extraction sucks the life out of them, making bogs emitters of carbon and damaging biodiversity. Tullamore Lions Club\u2019s peatland conservation project, in collaboration with Birr Lions Club, changed this course for Clonbeale More bog in Co Offaly and is seeing its work replicated elsewhere. <\/p>\n<p class=\"c-paragraph paywall \">\u201cLike many other privately-owned peatlands, drains had sucked the life out of it, but we discovered we could reverse it,\u201d says retired telecoms engineer and Tullamore Lions Club member Michael Carroll, who spearheaded the project for the club. <\/p>\n<p class=\"c-paragraph paywall \">Partnering with the landowner, the group commissioned an ecology study, and then won a competitive pitch for Community Climate Action funding to build dams, install weirs and re-wet Clonbeale More bog. The result? Tonnes of carbon emissions saved every year, a significant boost to biodiversity so species and habitats in decline can recover, and a children\u2019s book about it all. <\/p>\n<p class=\"c-paragraph paywall \">Encouraging other Lions Clubs to follow their lead was the next challenge, says Carroll. Lions Clubs in Birr and Portlaoise have started projects, Ballinasloe is in talks with peatland owners and the club in Tullamore is about to secure a second site. \u201cWe want to ensure the benefits we have already experienced at Clonbeale More are replicated many times around Ireland.\u201d<\/p>\n<p>ENTREPRENEURS &amp; TECHBy Ciara O\u2019BrienLiam FullerFounder of Source <img decoding=\"async\" data-chromatic=\"ignore\" alt=\"Liam Fuller previously went viral with a photo on LinkedIn taking a business call in a school bathroom stall\" class=\"c-image\" loading=\"lazy\" src=\"https:\/\/www.europesays.com\/ie\/wp-content\/uploads\/2026\/01\/XCB5J53ZNVBBRG3SKEU4R3KEGU.jpg\"   width=\"800\" height=\"533\"\/>Liam Fuller previously went viral with a photo on LinkedIn taking a business call in a school bathroom stall <\/p>\n<p class=\"c-paragraph paywall \">Teenager Liam Fuller turned heads last year when his company Source raised $1.4 million (\u20ac1.19 million) in funding. But that wasn\u2019t the first time he had commanded attention; Fuller previously went viral with a photo on LinkedIn taking a business call in a school bathroom stall. That stunt earned him a one-day suspension, but it also galvanised him into action; he left school at 17 to pursue business full-time. <\/p>\n<p class=\"c-paragraph paywall \">He developed Source, a platform for retail stock ordering that uses agentic\u202f<a href=\"https:\/\/www.irishtimes.com\/tags\/artificial-intelligence\/\" rel=\"nofollow noopener\" target=\"_blank\">artificial intelligence<\/a> that can carry out specific tasks with limited human intervention &#8211; to optimise procurement. He hasn\u2019t looked back, using a family trip to Australia to meet cold-call investors, a move that eventually led to getting Square Peg founder Paul Bassat as a backer. <\/p>\n<p class=\"c-paragraph paywall \">Now he is building the platform and eyeing a move to the US. \u201cAge becomes irrelevant; it just matters whether you have something valuable and if they\u2019re willing to pay for it.\u201d <\/p>\n<p>Meg Brennan Founder of Polliknow <img decoding=\"async\" data-chromatic=\"ignore\" alt=\"Meg Brennan, founder of the insect-monitoring device Polliknow\" class=\"c-image\" loading=\"lazy\" src=\"https:\/\/www.europesays.com\/ie\/wp-content\/uploads\/2026\/01\/3ICIN7V2UBDTTA24SMYSEQ3LZE.jpg\"   width=\"800\" height=\"600\"\/>Meg Brennan, founder of the insect-monitoring device Polliknow <\/p>\n<p class=\"c-paragraph paywall \">We may not always appreciate them, but insects play a vital role in nature. And while the contribution of the honey bee is almost universally acknowledged, the other insects who play an important role as pollinators barely get a look in. Climate-tech start-up Polliknow, set up by Meg Brennan, is trying to redress the balance. <\/p>\n<p class=\"c-paragraph paywall \">It uses advanced sensors and computer-vision software to monitor insect pollinators \u2013 from butterflies to hoverflies &#8211; in their natural habitats, providing valuable real-time data on biodiversity without interfering. <\/p>\n<p class=\"c-paragraph paywall \">Brennan designed the Polliknow monitoring device herself, and the company has been working with organisations who are seeking to monitor biodiversity on the land they manage, alongside biodiversity credit projects.<\/p>\n<p>Finbarr Power Founder of Sampla <img decoding=\"async\" data-chromatic=\"ignore\" alt=\"Sampla, founded by Finbarr Power, is making more sustainable footwear from apple-derived leather\" class=\"c-image\" loading=\"lazy\" src=\"https:\/\/www.europesays.com\/ie\/wp-content\/uploads\/2026\/01\/BRABOKTAUJFMRBOXWSN64YXPJE.jpg\"   width=\"800\" height=\"565\"\/>Sampla, founded by Finbarr Power, is making more sustainable footwear from apple-derived leather <\/p>\n<p class=\"c-paragraph paywall \">Would you wear shoes made from apple skins? Sampla, founded by Finbarr Power, is making more sustainable footwear from apple-derived leather, a water-resistant material that is made from repurposed apple waste. <\/p>\n<p class=\"c-paragraph paywall \">Add in natural crepe rubber for the soles, organic cotton laces and recycled polyurethane from the automotive industry, and you have footwear that ticks the sustainable boxes. The shoes are unisex and designed for casual wear. The range has been kept simple \u2013 the same design, but with different colours \u2013 although there may be additional designs in the works. <\/p>\n<p class=\"c-paragraph paywall \">Power is also planning to keep control of the company, having previously dismissed the idea of looking for outside investment. <\/p>\n<p>Zoe O\u2019SullivanFounder of Lymphia <img decoding=\"async\" data-chromatic=\"ignore\" alt=\"Zoe O&#x2019;Sullivan created the Lymphia device after close personal experience with lymphoedema\" class=\"c-image\" loading=\"lazy\" src=\"https:\/\/www.europesays.com\/ie\/wp-content\/uploads\/2026\/01\/Q7LH3NQSCVG5LLUX7332EZT5JE.jpg\"   width=\"800\" height=\"533\"\/>Zoe O\u2019Sullivan created the Lymphia device after close personal experience with lymphoedema <\/p>\n<p class=\"c-paragraph paywall \">This year\u2019s Irish national winner of the James Dyson Awards, Zoe O\u2019Sullivan, booked her spot in the global competition with a simple yet impactful idea: a device to help patients perform lymphatic drainage massage to treat conditions such as lymphoedema, which affects up to 30 per cent of breast cancer patients, and lipedema, a painful swelling caused by an abnormal accumulation of fat cells. <\/p>\n<p class=\"c-paragraph paywall \">The Maynooth University graduate created the device after close personal experience with lymphoedema, which affects around 20,000 people in Ireland, often as a result of cancer treatment. <\/p>\n<p class=\"c-paragraph paywall \">The Lymphia device\u202fwill help patients carry out manual lymphatic drainage in the comfort of their own home, using precisely sized steel balls and a feedback system to guide users in applying the correct pressure. A companion app will also instruct users on the correct techniques. <\/p>\n<p>Lee Sherlock and Brendan MartinFounders of Meta-Flux <img decoding=\"async\" data-chromatic=\"ignore\" alt=\"Meta-Flux, co-founded by Lee Sherlock and Brendan Martin, is developing an AI platform that helps pharma teams validate drugs earlier\" class=\"c-image\" loading=\"lazy\" src=\"https:\/\/www.europesays.com\/ie\/wp-content\/uploads\/2026\/01\/4S5BAFJUFFDU3CCAKDYVXQEG3Q.jpg\"   width=\"800\" height=\"533\"\/>Meta-Flux, co-founded by Lee Sherlock and Brendan Martin, is developing an AI platform that helps pharma teams validate drugs earlier <\/p>\n<p class=\"c-paragraph paywall \">AI is everywhere, and not always in a good way. But if Dublin-based biotech Meta-Flux has its way, the technology will usher in a new era of drug discovery \u2013 and a cheaper one at that. <\/p>\n<p class=\"c-paragraph paywall \">One of the risks of drug development is failure, and with it comes wasted time, money and resources. But the company, cofounded by Lee Sherlock and Brendan Martin in 2021, is developing an AI platform that helps pharma teams validate drugs earlier, thus reducing waste and delays in drug development. Sherlock describes it as \u201cbuilding a bridge between preclinical and clinical\u201d, giving a birds-eye view of the drug development maze and allowing companies to test out all the potential routes for drugs. <\/p>\n<p class=\"c-paragraph paywall \">In 2025, Meta-Flux announced a $2 million seed funding round, backed by pharma executives from Pfizer, Merck and Gilead Sciences, alongside tech leaders from Google and Amazon. It has already begun commercialising the technology. <\/p>\n","protected":false},"excerpt":{"rendered":"From Cillian Murphy\u2019s teen actor son Aran Murphy to the band Florence Road and Formula 2 driver Alexander&hellip;\n","protected":false},"author":2,"featured_media":264866,"comment_status":"","ping_status":"","sticky":false,"template":"","format":"standard","meta":{"footnotes":""},"categories":[75],"tags":[18,117,2215,19,17,361],"class_list":{"0":"post-264865","1":"post","2":"type-post","3":"status-publish","4":"format-standard","5":"has-post-thumbnail","7":"category-entertainment","8":"tag-eire","9":"tag-entertainment","10":"tag-for-you","11":"tag-ie","12":"tag-ireland","13":"tag-magazine"},"share_on_mastodon":{"url":"https:\/\/pubeurope.com\/@ie\/115830306682801350","error":""},"_links":{"self":[{"href":"https:\/\/www.europesays.com\/ie\/wp-json\/wp\/v2\/posts\/264865","targetHints":{"allow":["GET"]}}],"collection":[{"href":"https:\/\/www.europesays.com\/ie\/wp-json\/wp\/v2\/posts"}],"about":[{"href":"https:\/\/www.europesays.com\/ie\/wp-json\/wp\/v2\/types\/post"}],"author":[{"embeddable":true,"href":"https:\/\/www.europesays.com\/ie\/wp-json\/wp\/v2\/users\/2"}],"replies":[{"embeddable":true,"href":"https:\/\/www.europesays.com\/ie\/wp-json\/wp\/v2\/comments?post=264865"}],"version-history":[{"count":0,"href":"https:\/\/www.europesays.com\/ie\/wp-json\/wp\/v2\/posts\/264865\/revisions"}],"wp:featuredmedia":[{"embeddable":true,"href":"https:\/\/www.europesays.com\/ie\/wp-json\/wp\/v2\/media\/264866"}],"wp:attachment":[{"href":"https:\/\/www.europesays.com\/ie\/wp-json\/wp\/v2\/media?parent=264865"}],"wp:term":[{"taxonomy":"category","embeddable":true,"href":"https:\/\/www.europesays.com\/ie\/wp-json\/wp\/v2\/categories?post=264865"},{"taxonomy":"post_tag","embeddable":true,"href":"https:\/\/www.europesays.com\/ie\/wp-json\/wp\/v2\/tags?post=264865"}],"curies":[{"name":"wp","href":"https:\/\/api.w.org\/{rel}","templated":true}]}}