{"id":271376,"date":"2026-01-07T02:27:10","date_gmt":"2026-01-07T02:27:10","guid":{"rendered":"https:\/\/www.europesays.com\/ie\/271376\/"},"modified":"2026-01-07T02:27:10","modified_gmt":"2026-01-07T02:27:10","slug":"local-link-waterford-pay-tribute-board-member-on-his-passing-news","status":"publish","type":"post","link":"https:\/\/www.europesays.com\/ie\/271376\/","title":{"rendered":"Local Link Waterford pay tribute board member on his passing &#8211; News"},"content":{"rendered":"<p class=\"\">Local Link has paid tribute to a \u201cvalued friend, colleague and board member,\u201d Ned Ryan, on his passing.<\/p>\n<p class=\"\">Mr Ryan from Vicarstown Modeligo passed away on Tuesday, January 2, 2026.<\/p>\n<p class=\"\">Chairperson of Local Link Waterford councillor John Pratt said he will be greatly missed.<\/p>\n<p class=\"\">\u201cFor 15 years, Ned gave unwavering commitment to Local Link and to the communities we serve.<\/p>\n<p class=\"\">\u201cHis wisdom, integrity, and genuine care for people shaped our Board and strengthened Local Link Waterford immeasurably.<\/p>\n<p class=\"\">\u201cHe was a trusted colleague and a true friend, and will be greatly missed by us all,\u201d said Cllr Pratt.<\/p>\n<p class=\"\">The board, management, staff, extended their deepest sympathies to Ned&#8217;s wife, Mary and their family, friends and loved ones.\u00a0<\/p>\n<p class=\"\">They said he was a \u201cstrong advocate for community transport and rural connectivity\u201d and \u201c his insight, integrity, and commitment were evident in all he did\u201d.<\/p>\n<p class=\"\">Local Link General Manager James O&#8217;Donoghue said Mr Ryan<\/p>\n<p class=\"\">\u201cNed was always deeply supportive of our staff and management and always generous with his time and encouragement.\u00a0<\/p>\n<p class=\"\">&#8220;His calm presence throughout his time with us made for a lasting impression on our organisation and the services we provide.\u00a0<\/p>\n<p class=\"\">&#8220;We will ensure that his legacy will continue in the work we do every day,\u201d said Mr O&#8217;Donoghue\u00a0<\/p>\n<p class=\"\">Mr Ryan&#8217;s funeral mass will take place on Friday, January 9, 2026 at 11am at Our Lady of the Assumption Church, Modeligo.<\/p>\n<p class=\"\">Burial will take place in the adjoining cemetery.<\/p>\n<p class=\"\">Lying in repose at his home, Vicarstown, Modeligo, on Thursday, January 8, from 2pm until 7pm.<\/p>\n<p class=\"\">A shuttle bus service will operate from the Modeligo Community Centre from 2pm.<\/p>\n<p class=\"\">Mr Ryan is pre-deceased by his parents Maggie and Ned Ryan.<\/p>\n<p class=\"\">He is missed by his wife Mary (Nee Harrington), sons Declan and J.P., daughters Marguerite, Rosanne and Colette, daughters-in-law Geraldine and Niamh, sons-in-law Michael Walsh, Gerred Barrowclough and Bob Manahan.<\/p>\n<p class=\"\">He is also missed by his grandchildren Muireann, James, Mikey and B\u00e9bhinn Walsh, Annie and Eamonn Ryan, Br\u00f3nagh, C\u00e9ire, Dearbhla and Paddy Ryan, Eoghan, Tadhg and Liam Barrowclough, Caitlin and Riain Manahan, James\u2019 fianc\u00e9e Shauna and Muireann\u2019s partner Eoin, great-grandson Vincent, sister Nellie Power, nieces Anna, Aileen, Lucy and Aoife, brother-in-law Tony Harrington, sisters-in-law Brigid Murphy, Phil Hutchings and their families, relatives, many neighbours and friends.<\/p>\n","protected":false},"excerpt":{"rendered":"Local Link has paid tribute to a \u201cvalued friend, colleague and board member,\u201d Ned Ryan, on his passing.&hellip;\n","protected":false},"author":2,"featured_media":271377,"comment_status":"","ping_status":"","sticky":false,"template":"","format":"standard","meta":{"footnotes":""},"categories":[40],"tags":[9,10,18,13,14,6,19,17,11,12,15,16,5,7,8],"class_list":{"0":"post-271376","1":"post","2":"type-post","3":"status-publish","4":"format-standard","5":"has-post-thumbnail","7":"category-ireland","8":"tag-breaking-news","9":"tag-breakingnews","10":"tag-eire","11":"tag-featured-news","12":"tag-featurednews","13":"tag-headlines","14":"tag-ie","15":"tag-ireland","16":"tag-latest-news","17":"tag-latestnews","18":"tag-main-news","19":"tag-mainnews","20":"tag-news","21":"tag-top-stories","22":"tag-topstories"},"share_on_mastodon":{"url":"https:\/\/pubeurope.com\/@ie\/115851456872248963","error":""},"_links":{"self":[{"href":"https:\/\/www.europesays.com\/ie\/wp-json\/wp\/v2\/posts\/271376","targetHints":{"allow":["GET"]}}],"collection":[{"href":"https:\/\/www.europesays.com\/ie\/wp-json\/wp\/v2\/posts"}],"about":[{"href":"https:\/\/www.europesays.com\/ie\/wp-json\/wp\/v2\/types\/post"}],"author":[{"embeddable":true,"href":"https:\/\/www.europesays.com\/ie\/wp-json\/wp\/v2\/users\/2"}],"replies":[{"embeddable":true,"href":"https:\/\/www.europesays.com\/ie\/wp-json\/wp\/v2\/comments?post=271376"}],"version-history":[{"count":0,"href":"https:\/\/www.europesays.com\/ie\/wp-json\/wp\/v2\/posts\/271376\/revisions"}],"wp:featuredmedia":[{"embeddable":true,"href":"https:\/\/www.europesays.com\/ie\/wp-json\/wp\/v2\/media\/271377"}],"wp:attachment":[{"href":"https:\/\/www.europesays.com\/ie\/wp-json\/wp\/v2\/media?parent=271376"}],"wp:term":[{"taxonomy":"category","embeddable":true,"href":"https:\/\/www.europesays.com\/ie\/wp-json\/wp\/v2\/categories?post=271376"},{"taxonomy":"post_tag","embeddable":true,"href":"https:\/\/www.europesays.com\/ie\/wp-json\/wp\/v2\/tags?post=271376"}],"curies":[{"name":"wp","href":"https:\/\/api.w.org\/{rel}","templated":true}]}}