{"id":273318,"date":"2026-01-08T02:27:10","date_gmt":"2026-01-08T02:27:10","guid":{"rendered":"https:\/\/www.europesays.com\/ie\/273318\/"},"modified":"2026-01-08T02:27:10","modified_gmt":"2026-01-08T02:27:10","slug":"tributes-flow-after-death-of-complete-gentleman-and-award-winning-cork-restaurateur","status":"publish","type":"post","link":"https:\/\/www.europesays.com\/ie\/273318\/","title":{"rendered":"Tributes flow after death of &#8216;complete gentleman&#8217; and award-winning Cork restaurateur"},"content":{"rendered":"<p>The grandfather is remembered as being the &#8216;beating heart of business in Midleton&#8217;<\/p>\n<p>19:22, 07 Jan 2026Updated 19:42, 07 Jan 2026<\/p>\n<p><img decoding=\"async\" src=\"https:\/\/www.europesays.com\/ie\/wp-content\/uploads\/2026\/01\/0_Finin_O_Sullivan_3676109890e641684a2425f3ebb07bcf6c42ab891b8777a2jpeg.jpg\" alt=\"Fin\u00edn O'Sullivan\" loading=\"eager\"  \/>Fin\u00edn O&#8217;Sullivan(Image: RIP.ie)<\/p>\n<p class=\"Paragraph_paragraph-text__PVKlh \" data-tmdatatrack=\"content-unit\" data-tmdatatrack-type=\"paragraph\"><strong class=\"Strong_strong__e2x35\">Hundreds of people are paying tribute following the death of a &#8216;wonderful character&#8217; and very well-known Cork restaurateur.<\/strong><\/p>\n<p class=\"Paragraph_paragraph-text__PVKlh \" data-tmdatatrack=\"content-unit\" data-tmdatatrack-type=\"paragraph\">Fin\u00edn O&#8217;Sullivan, who was originally from Schull but living in <a class=\"TextLink_text-link__dBSS0 TextLink_enabled__dJF3l\" href=\"https:\/\/www.corkbeo.ie\/all-about\/midleton\" target=\"_blank\" aria-label=\"MidletonLink opens in a new tab.\" rel=\"follow nofollow noopener\" tabindex=\"0\">Midleton<\/a>, passed away peacefully at his home alongside his family on Sunday 4th January following a short illness. The Cork grandfather founded the <a class=\"TextLink_text-link__dBSS0 TextLink_enabled__dJF3l\" href=\"https:\/\/www.corkbeo.ie\/all-about\/east-cork\" target=\"_blank\" aria-label=\"East CorkLink opens in a new tab.\" rel=\"follow nofollow noopener\" tabindex=\"0\">East Cork<\/a> town&#8217;s much-loved and award-winning bar and restaurant Fin\u00edn&#8217;s with his family, which he ran for 44 years <a class=\"TextLink_text-link__dBSS0 TextLink_enabled__dJF3l\" href=\"https:\/\/www.corkbeo.ie\/culture\/food-drink\/award-winning-cork-restaurateur-retires-23999040\" target=\"_blank\" aria-label=\"before stepping into retirementLink opens in a new tab.\" rel=\"follow nofollow noopener\" tabindex=\"0\">before stepping into retirement<\/a>. Under his guidance, the Main Street gastro pub &#8211; which was later taken over by Kinsale\u2019s Blue Haven Collection &#8211; became one of the most popular <a class=\"TextLink_text-link__dBSS0 TextLink_enabled__dJF3l\" href=\"https:\/\/www.corkbeo.ie\/all-about\/food-and-drink\" target=\"_blank\" aria-label=\"foodLink opens in a new tab.\" rel=\"follow nofollow noopener\" tabindex=\"0\">food<\/a> spots in <a class=\"TextLink_text-link__dBSS0 TextLink_enabled__dJF3l\" href=\"https:\/\/www.corkbeo.ie\/all-about\/east-cork\" target=\"_blank\" aria-label=\"East CorkLink opens in a new tab.\" rel=\"follow nofollow noopener\" tabindex=\"0\">East Cork<\/a> and repeatedly got glowing reviews from critics.<\/p>\n<p class=\"Paragraph_paragraph-text__PVKlh \" data-tmdatatrack=\"content-unit\" data-tmdatatrack-type=\"paragraph\">Fin\u00edn stepped down from the role in 2022, but remained a much-loved member of the <a class=\"TextLink_text-link__dBSS0 TextLink_enabled__dJF3l\" href=\"https:\/\/www.corkbeo.ie\/all-about\/midleton\" target=\"_blank\" aria-label=\"MidletonLink opens in a new tab.\" rel=\"follow nofollow noopener\" tabindex=\"0\">Midleton<\/a> community. He is dearly missed by his wife Patricia, children Kate, Clare, Gregg and Olann, grandchildren Hannah, Eliza, Ois\u00edn, B\u00e9ibhinn and Ronan, son-in-law Pat Fox, daughter-in-law Frieda Cummins, sisters &amp; brother Margaret, Paul &amp; Eileen and his wider family and friends. Fin\u00edn was a brother of the Late John, Peter, Jerry and Joseph.<\/p>\n<p><img decoding=\"async\" src=\"https:\/\/www.europesays.com\/ie\/wp-content\/uploads\/2026\/01\/1_Finins-restaurant-and-bar-jpeg.jpg\" alt=\"Fin\u00edn O'Sullivan (front)\" loading=\"lazy\"  \/>Fin\u00edn O&#8217;Sullivan (front)<\/p>\n<p class=\"Paragraph_paragraph-text__PVKlh \" data-tmdatatrack=\"content-unit\" data-tmdatatrack-type=\"paragraph\">Many have paid tribute to Fin\u00edn since his passing, remembering him as a &#8220;wonderful friend&#8221; and for the lasting impression he left on Midleton. One person wrote: &#8220;My heartfelt sympathy Patricia on your sad loss of Fin\u00edn, and to Kate, Clare, Gregg &amp; Olann on the sad loss of your Dad &amp; Fin\u00edns extended family. I have lovely memories of Fin\u00edns since the day he opened right through the years, the food no matter what we&#8217;d have was always superb. I met him several times in recent months strolling towards Ballyannon Woods\/Balick walk. May Fin\u00edn&#8217;s gentle soul rest in peace. Thinking of you all at this very sad difficult time.&#8221;<\/p>\n<p class=\"Paragraph_paragraph-text__PVKlh \" data-tmdatatrack=\"content-unit\" data-tmdatatrack-type=\"paragraph\">Another said: &#8220;Our deepest sympathies to Patricia and family. Finin gave Midleton town a very high-end restaurant for over 40 years with such style, we thank him so much for that, we had many enjoyable lunches \/ dinners in his restaurant. So sad to see him go. Rip Finin.&#8221;<\/p>\n<p class=\"Paragraph_paragraph-text__PVKlh \" data-tmdatatrack=\"content-unit\" data-tmdatatrack-type=\"paragraph\">A third wrote: &#8220;Patricia, Clare, Kate &amp; the entire O&#8217;Sullivan family&#8230;..I was so very saddened to hear of Fin\u00edn&#8217;s passing. A complete gentleman in everyway &amp; always had time for the chat! He was so colourful, both in style &amp; personality &amp; was the beating heart of business in Midleton town. I will miss him whizzing on his bicycle down the Main Street&#8230;.&amp; his cheery &#8220;hello&#8221; as he went, so happy &amp; carefree. It was an honour to know him. Sending you all love &amp; hugs at this incredibly difficult time. May Fin\u00edn&#8217;s gentle soul rest in peace.&#8221;<\/p>\n<p class=\"Paragraph_paragraph-text__PVKlh \" data-tmdatatrack=\"content-unit\" data-tmdatatrack-type=\"paragraph\">At Fin\u00edn&#8217;s request, a quiet family funeral and cremation for him have already taken place. His family have sincerely thanked the teams at Midleton Main Street Medical Practice, Marymount Hospice, the Irish Cancer Society, friends and all who supported Fin\u00edn during his illness.<\/p>\n<p class=\"Paragraph_paragraph-text__PVKlh \" data-tmdatatrack=\"content-unit\" data-tmdatatrack-type=\"paragraph\">May he rest in peace.<\/p>\n<p class=\"Paragraph_paragraph-text__PVKlh \" data-tmdatatrack=\"content-unit\" data-tmdatatrack-type=\"paragraph\">Sign up <a class=\"TextLink_text-link__dBSS0 TextLink_enabled__dJF3l\" href=\"https:\/\/www.corkbeo.ie\/newsletter-preference-centre\/?view=Solus&amp;mailingListId=df8d6f09-ae48-4c50-92e5-a495d5d24ef0&amp;utm_source=solusarticle\" target=\"\" aria-label=\"\" rel=\"follow nofollow noopener\" tabindex=\"0\">here for our daily newsletter<\/a> and get breaking news and top stories from Cork Beo direct to your inbox<\/p>\n","protected":false},"excerpt":{"rendered":"The grandfather is remembered as being the &#8216;beating heart of business in Midleton&#8217; 19:22, 07 Jan 2026Updated 19:42,&hellip;\n","protected":false},"author":2,"featured_media":273319,"comment_status":"","ping_status":"","sticky":false,"template":"","format":"standard","meta":{"footnotes":""},"categories":[40],"tags":[9,10,2111,20149,18,13,14,35734,6,19,17,11,12,15,16,20774,5,7,8],"class_list":{"0":"post-273318","1":"post","2":"type-post","3":"status-publish","4":"format-standard","5":"has-post-thumbnail","7":"category-ireland","8":"tag-breaking-news","9":"tag-breakingnews","10":"tag-deaths","11":"tag-east-cork","12":"tag-eire","13":"tag-featured-news","14":"tag-featurednews","15":"tag-food-and-drink","16":"tag-headlines","17":"tag-ie","18":"tag-ireland","19":"tag-latest-news","20":"tag-latestnews","21":"tag-main-news","22":"tag-mainnews","23":"tag-midleton","24":"tag-news","25":"tag-top-stories","26":"tag-topstories"},"share_on_mastodon":{"url":"https:\/\/pubeurope.com\/@ie\/115857119255201890","error":""},"_links":{"self":[{"href":"https:\/\/www.europesays.com\/ie\/wp-json\/wp\/v2\/posts\/273318","targetHints":{"allow":["GET"]}}],"collection":[{"href":"https:\/\/www.europesays.com\/ie\/wp-json\/wp\/v2\/posts"}],"about":[{"href":"https:\/\/www.europesays.com\/ie\/wp-json\/wp\/v2\/types\/post"}],"author":[{"embeddable":true,"href":"https:\/\/www.europesays.com\/ie\/wp-json\/wp\/v2\/users\/2"}],"replies":[{"embeddable":true,"href":"https:\/\/www.europesays.com\/ie\/wp-json\/wp\/v2\/comments?post=273318"}],"version-history":[{"count":0,"href":"https:\/\/www.europesays.com\/ie\/wp-json\/wp\/v2\/posts\/273318\/revisions"}],"wp:featuredmedia":[{"embeddable":true,"href":"https:\/\/www.europesays.com\/ie\/wp-json\/wp\/v2\/media\/273319"}],"wp:attachment":[{"href":"https:\/\/www.europesays.com\/ie\/wp-json\/wp\/v2\/media?parent=273318"}],"wp:term":[{"taxonomy":"category","embeddable":true,"href":"https:\/\/www.europesays.com\/ie\/wp-json\/wp\/v2\/categories?post=273318"},{"taxonomy":"post_tag","embeddable":true,"href":"https:\/\/www.europesays.com\/ie\/wp-json\/wp\/v2\/tags?post=273318"}],"curies":[{"name":"wp","href":"https:\/\/api.w.org\/{rel}","templated":true}]}}