{"id":273320,"date":"2026-01-08T02:28:09","date_gmt":"2026-01-08T02:28:09","guid":{"rendered":"https:\/\/www.europesays.com\/ie\/273320\/"},"modified":"2026-01-08T02:28:09","modified_gmt":"2026-01-08T02:28:09","slug":"italian-man-left-paralysed-as-a-teen-after-unprovoked-attack-in-dublin-has-died","status":"publish","type":"post","link":"https:\/\/www.europesays.com\/ie\/273320\/","title":{"rendered":"Italian man left paralysed as a teen after unprovoked attack in Dublin has died"},"content":{"rendered":"<p><img decoding=\"async\" alt=\"Guido Nasi\" src=\"https:\/\/www.europesays.com\/ie\/wp-content\/uploads\/2026\/01\/98f591c1-80e9-4539-8ee9-017f30a22627.jpg\" loading=\"eager\" width=\"100%\" data-testid=\"article-image\"  \/><\/p>\n<p class=\"indo-ebe0ecc6_root indo-ebe0ecc6_caption1 indo-300db776_none indo-91174671_secondary indo-66f0fec7_regular indo-1d70522a_marginbottom0 indo-1d70522a_marginleft0 indo-1d70522a_marginright0 indo-1d70522a_margintop3 indo-b48c4984_left\" style=\"color:var(--color-grey-60)\">Guido Nasi<\/p>\n<p class=\"indo-ebe0ecc6_root indo-ebe0ecc6_paragraph indo-300db776_none indo-91174671_primary indo-1d70522a_marginbottom0 indo-1d70522a_margintop0 indo-b48c4984_inherit\" style=\"color:var(--color-primary-80)\">Guido Nasi, the Italian man who was left paralysed as a teenager after an unprovoked attack in Dublin, died this morning after suffering a cardiac arrest.<\/p>\n<p class=\"indo-ebe0ecc6_root indo-ebe0ecc6_paragraph indo-300db776_none indo-91174671_primary indo-1d70522a_marginbottom5 indo-1d70522a_margintop0 indo-b48c4984_inherit\" style=\"color:var(--color-primary-80)\">He was just 17 when he found himself in the wrong place at the wrong time during his first-ever trip to Ireland back in 1999.<\/p>\n<p class=\"indo-ebe0ecc6_root indo-ebe0ecc6_paragraph indo-300db776_none indo-91174671_primary indo-1d70522a_marginbottom5 indo-1d70522a_margintop0 indo-b48c4984_inherit\" style=\"color:var(--color-primary-80)\">The Turin native, who had never been abroad before, was mindlessly struck over the head with a bottle in Dublin\u2019s Fairview Park and never recovered from his injuries.<\/p>\n<p class=\"indo-ebe0ecc6_root indo-ebe0ecc6_paragraph indo-300db776_none indo-91174671_primary indo-1d70522a_marginbottom5 indo-1d70522a_margintop0 indo-b48c4984_inherit\" style=\"color:var(--color-primary-80)\">However, despite being paralysed from the neck down and requiring round-the-clock care, Mr Nasi maintained a deep affection for Ireland, and even dreamed of moving over here permanently.<\/p>\n<p><img decoding=\"async\" alt=\"Guido Nasi\" src=\"https:\/\/www.europesays.com\/ie\/wp-content\/uploads\/2026\/01\/98f591c1-80e9-4539-8ee9-017f30a22627.jpg\" loading=\"eager\" width=\"100%\" data-testid=\"article-image\"  \/><\/p>\n<p class=\"indo-ebe0ecc6_root indo-ebe0ecc6_caption1 indo-300db776_none indo-91174671_secondary indo-66f0fec7_regular indo-1d70522a_marginbottom0 indo-1d70522a_marginleft0 indo-1d70522a_marginright0 indo-1d70522a_margintop3 indo-b48c4984_left\" style=\"color:var(--color-grey-60)\">Guido Nasi<\/p>\n<p class=\"indo-ebe0ecc6_root indo-ebe0ecc6_caption1 indo-300db776_none indo-91174671_secondary indo-66f0fec7_regular indo-1d70522a_marginbottom0 indo-1d70522a_marginleft0 indo-1d70522a_marginright0 indo-1d70522a_margintop3 indo-b48c4984_left\" style=\"color:var(--color-grey-60)\">Today&#8217;s News in 90 Seconds, Wednesday, January 7 <\/p>\n<p class=\"indo-ebe0ecc6_root indo-ebe0ecc6_paragraph indo-300db776_none indo-91174671_primary indo-1d70522a_marginbottom5 indo-1d70522a_margintop0 indo-b48c4984_inherit\" style=\"color:var(--color-primary-80)\">In 2019, he returned to Ireland on a visit and was given a special reception by then president Michael D Higgins at \u00c1ras an \u00daachtar\u00e1in.<\/p>\n<p class=\"indo-ebe0ecc6_root indo-ebe0ecc6_paragraph indo-300db776_none indo-91174671_primary indo-1d70522a_marginbottom5 indo-1d70522a_margintop0 indo-b48c4984_inherit\" style=\"color:var(--color-primary-80)\">But since then the wheelchair-bound 43-year-old\u2019s health rapidly deteriorated and along with his physical complications, he battled severe depression.<\/p>\n<p class=\"indo-ebe0ecc6_root indo-ebe0ecc6_paragraph indo-300db776_none indo-91174671_primary indo-1d70522a_marginbottom5 indo-1d70522a_margintop0 indo-b48c4984_inherit\" style=\"color:var(--color-primary-80)\">In November last year he was hospitalised after suffering a cardiac arrest and he had remained in hospital up to his death yesterday following a second cardiac arrest. <\/p>\n<p class=\"indo-ebe0ecc6_root indo-ebe0ecc6_paragraph indo-300db776_none indo-91174671_primary indo-1d70522a_marginbottom5 indo-1d70522a_margintop0 indo-b48c4984_inherit\" style=\"color:var(--color-primary-80)\">Bernadette Kelly, a former victim support worker and long-time friend of the Nasi family, said: \u201cI\u2019m so sorry to learn of Guido\u2019s passing. He had a terrible life after he was attacked in Dublin. His injuries were horrific, and he suffered badly with his mental health.<\/p>\n<p class=\"indo-ebe0ecc6_root indo-ebe0ecc6_paragraph indo-300db776_none indo-91174671_primary indo-1d70522a_marginbottom5 indo-1d70522a_margintop0 indo-b48c4984_inherit\" style=\"color:var(--color-primary-80)\">\u201cHe lost his mother a few years ago, and didn\u2019t have any family members left to support him, so he was being looked after in a nursing home in Turin.<\/p>\n<p class=\"indo-ebe0ecc6_root indo-ebe0ecc6_paragraph indo-300db776_none indo-91174671_primary indo-1d70522a_marginbottom5 indo-1d70522a_margintop0 indo-b48c4984_inherit\" style=\"color:var(--color-primary-80)\">\u201cIt\u2019s amazing, though, that he never lost his love for Ireland. He dreamed of moving over here to live and that was what kept him going. And the Irish public were always very supportive to him, always sending him birthday cards and Christmas cards.\u201d<\/p>\n<p class=\"indo-ebe0ecc6_root indo-ebe0ecc6_paragraph indo-300db776_none indo-91174671_primary indo-1d70522a_marginbottom5 indo-1d70522a_margintop0 indo-b48c4984_inherit\" style=\"color:var(--color-primary-80)\">In 2001 James Osbourne, then aged 31, from East Wall in Dublin, was jailed for eight-and-a-half years for the life-changing assault on Mr Nasi. He was released in 2008.<\/p>\n","protected":false},"excerpt":{"rendered":"Guido Nasi Guido Nasi, the Italian man who was left paralysed as a teenager after an unprovoked attack&hellip;\n","protected":false},"author":2,"featured_media":273321,"comment_status":"","ping_status":"","sticky":false,"template":"","format":"standard","meta":{"footnotes":""},"categories":[3],"tags":[9,10,52,18,13,14,6,19,17,371,11,12,15,16,1874,5,7,8],"class_list":{"0":"post-273320","1":"post","2":"type-post","3":"status-publish","4":"format-standard","5":"has-post-thumbnail","7":"category-headlines","8":"tag-breaking-news","9":"tag-breakingnews","10":"tag-dublin","11":"tag-eire","12":"tag-featured-news","13":"tag-featurednews","14":"tag-headlines","15":"tag-ie","16":"tag-ireland","17":"tag-italy","18":"tag-latest-news","19":"tag-latestnews","20":"tag-main-news","21":"tag-mainnews","22":"tag-michael-d-higgins","23":"tag-news","24":"tag-top-stories","25":"tag-topstories"},"share_on_mastodon":{"url":"https:\/\/pubeurope.com\/@ie\/115857123439836357","error":""},"_links":{"self":[{"href":"https:\/\/www.europesays.com\/ie\/wp-json\/wp\/v2\/posts\/273320","targetHints":{"allow":["GET"]}}],"collection":[{"href":"https:\/\/www.europesays.com\/ie\/wp-json\/wp\/v2\/posts"}],"about":[{"href":"https:\/\/www.europesays.com\/ie\/wp-json\/wp\/v2\/types\/post"}],"author":[{"embeddable":true,"href":"https:\/\/www.europesays.com\/ie\/wp-json\/wp\/v2\/users\/2"}],"replies":[{"embeddable":true,"href":"https:\/\/www.europesays.com\/ie\/wp-json\/wp\/v2\/comments?post=273320"}],"version-history":[{"count":0,"href":"https:\/\/www.europesays.com\/ie\/wp-json\/wp\/v2\/posts\/273320\/revisions"}],"wp:featuredmedia":[{"embeddable":true,"href":"https:\/\/www.europesays.com\/ie\/wp-json\/wp\/v2\/media\/273321"}],"wp:attachment":[{"href":"https:\/\/www.europesays.com\/ie\/wp-json\/wp\/v2\/media?parent=273320"}],"wp:term":[{"taxonomy":"category","embeddable":true,"href":"https:\/\/www.europesays.com\/ie\/wp-json\/wp\/v2\/categories?post=273320"},{"taxonomy":"post_tag","embeddable":true,"href":"https:\/\/www.europesays.com\/ie\/wp-json\/wp\/v2\/tags?post=273320"}],"curies":[{"name":"wp","href":"https:\/\/api.w.org\/{rel}","templated":true}]}}