{"id":274738,"date":"2026-01-08T21:00:07","date_gmt":"2026-01-08T21:00:07","guid":{"rendered":"https:\/\/www.europesays.com\/ie\/274738\/"},"modified":"2026-01-08T21:00:07","modified_gmt":"2026-01-08T21:00:07","slug":"st-leos-student-among-finalists-in-poetry-aloud-competition-community","status":"publish","type":"post","link":"https:\/\/www.europesays.com\/ie\/274738\/","title":{"rendered":"St Leo\u2019s student among finalists in \u2018poetry aloud\u2019 competition &#8211; Community"},"content":{"rendered":"<p class=\"\"> SAINT Leo\u2019s College Carlow student Emmanuela Adekunle was a finalist in the 2025 Poetry Aloud competition, which challenged students to recite a prescribed poem from memory.<\/p>\n<p class=\"\">Emmanuela was one of 328 students from schools across Ireland who entered the competition and one of 20 finalists who brought heart and energy to their performances at the National Library of Ireland, recently.<\/p>\n<p class=\"\">For the competition, Emmanuela recited a previously unpublished poem Those Winter Evenings by the late poet Seamus Heaney. The poem is from the recently published collection The Poems of Seamus Heaney.<\/p>\n<p class=\"\">\u201cThe event was a joyful celebration of the beauty to be found in speaking and listening to poetry,\u201d said Dr Audrey Whitty, director of the National Library of Ireland.<\/p>\n<p class=\"\">All the students recited their poems with \u201cheartfelt expression and thoughtful interpretation\u201d, she said.<\/p>\n<p class=\"\">The judging panel included Dr Audrey Whitty, Liz Kelly, director of Poetry Ireland and John Fitzgerald, poet and adjunct professor with the School of English at University College Cork.<\/p>\n<p class=\"\">The overall winner, Luke Power from Ramsgrange Community School in Co Wexford, captivated the judges with his recitation of Among Treetops by Alvy Carragher. Luke received the perpetual Seamus Heaney Poetry Aloud trophy, designed by Meath-based sculptor Fiona Smith-Darragh, and a \u20ac300 cheque. The winner of each age category received a cheque for \u20ac300 and runners-up got a \u20ac100 book token.<\/p>\n<p class=\"\">The teacher from each winning school was presented with a book token for \u20ac300 to bring back to their school libraries. All finalists, including Emmanuela, were presented with a certificate of recognition and a National Library of Ireland gift bag.<\/p>\n<p class=\"\">Congratulating all those took part, Liz Kelly said: &#8220;Comhghairdeas ollmh\u00f3r do na buaiteoir\u00ed agus m\u00edle bu\u00edochas do na h-iomaitheoir\u00ed ar fad a ghlac ph\u00e1irt ann.&#8221; <\/p>\n","protected":false},"excerpt":{"rendered":"SAINT Leo\u2019s College Carlow student Emmanuela Adekunle was a finalist in the 2025 Poetry Aloud competition, which challenged&hellip;\n","protected":false},"author":2,"featured_media":274739,"comment_status":"","ping_status":"","sticky":false,"template":"","format":"standard","meta":{"footnotes":""},"categories":[74],"tags":[18,19,17,82],"class_list":{"0":"post-274738","1":"post","2":"type-post","3":"status-publish","4":"format-standard","5":"has-post-thumbnail","7":"category-technology","8":"tag-eire","9":"tag-ie","10":"tag-ireland","11":"tag-technology"},"share_on_mastodon":{"url":"https:\/\/pubeurope.com\/@ie\/115861495743449592","error":""},"_links":{"self":[{"href":"https:\/\/www.europesays.com\/ie\/wp-json\/wp\/v2\/posts\/274738","targetHints":{"allow":["GET"]}}],"collection":[{"href":"https:\/\/www.europesays.com\/ie\/wp-json\/wp\/v2\/posts"}],"about":[{"href":"https:\/\/www.europesays.com\/ie\/wp-json\/wp\/v2\/types\/post"}],"author":[{"embeddable":true,"href":"https:\/\/www.europesays.com\/ie\/wp-json\/wp\/v2\/users\/2"}],"replies":[{"embeddable":true,"href":"https:\/\/www.europesays.com\/ie\/wp-json\/wp\/v2\/comments?post=274738"}],"version-history":[{"count":0,"href":"https:\/\/www.europesays.com\/ie\/wp-json\/wp\/v2\/posts\/274738\/revisions"}],"wp:featuredmedia":[{"embeddable":true,"href":"https:\/\/www.europesays.com\/ie\/wp-json\/wp\/v2\/media\/274739"}],"wp:attachment":[{"href":"https:\/\/www.europesays.com\/ie\/wp-json\/wp\/v2\/media?parent=274738"}],"wp:term":[{"taxonomy":"category","embeddable":true,"href":"https:\/\/www.europesays.com\/ie\/wp-json\/wp\/v2\/categories?post=274738"},{"taxonomy":"post_tag","embeddable":true,"href":"https:\/\/www.europesays.com\/ie\/wp-json\/wp\/v2\/tags?post=274738"}],"curies":[{"name":"wp","href":"https:\/\/api.w.org\/{rel}","templated":true}]}}