{"id":276243,"date":"2026-01-09T17:09:12","date_gmt":"2026-01-09T17:09:12","guid":{"rendered":"https:\/\/www.europesays.com\/ie\/276243\/"},"modified":"2026-01-09T17:09:12","modified_gmt":"2026-01-09T17:09:12","slug":"10-major-photography-shows-you-cant-miss-in-2026","status":"publish","type":"post","link":"https:\/\/www.europesays.com\/ie\/276243\/","title":{"rendered":"10 major photography shows you can\u2019t miss in 2026"},"content":{"rendered":"<p>One of the best ways to fight off the January blues is to start plotting \u201cshows to see\u201d on your calendar. As photography celebrates its 200th birthday, we\u2019ve cherry-picked 10 of 2026\u2019s hottest photography exhibitions, spanning London, Paris, Beijing and beyond \u2013 for your perusal (and vacationing inspiration).<\/p>\n<p><a href=\"https:\/\/www.pinterest.com\/pin\/create\/button\/?url=https:\/\/www.dazeddigital.com\/art-photography\/article\/69376\/1\/photography-shows-2026-guide-exhibitions-london-denmark-new-york&amp;media=https:\/\/images-prod.dazeddigital.com\/610\/azure\/dazed-prod\/1430\/4\/1434030.jpg&amp;description=Takashi Homma, Thirty-Six Views of Mount Fuji (2023\/24)\" data-pin-do=\"buttonPin\" data-pin-config=\"none\" data-social-share-source=\"Pinit\" target=\"_blank\" rel=\"nofollow noopener\"><img decoding=\"async\" src=\"data:image\/png;base64,iVBORw0KGgoAAAANSUhEUgAAACgAAAAUCAYAAAD\/Rn+7AAADU0lEQVR42s2WXUhTYRjHz0VEVPRFUGmtVEaFUZFhHxBhsotCU5JwBWEf1EWEEVHQx4UfFWYkFa2biPJiXbUta33OXFtuUXMzJ4bK3Nqay7m5NeZq6h\/tPQ+xU20zugjOxR\/+7\/O8539+5znnwMtNTExwJtMb3L\/fiLv3botCSmUjeCaejTOb39AiFothfHxcFIrHY8RksZjBsckJcOIRMfFsHD\/SsbExUYpnI8DR0dGUGjSb0byhEJp5Uqg5CTSzc2CQleJbMEj9\/ywBcGRkJEk9DQqouEVQT1sK444yWI9UonmTjGqauVLEIlHa9x8lAMbj8SSpp0rwKGMVvg8P46vbg0C7na8z8JsMcgHe7jlEa+edRhiLy8n\/TUMfu6EvLElk+U0WtGwrTrdfAGQf5J8iiK4LVzDU28t8JtMSocf8E+l68myaNFXm\/6rXslLK7ay5TOunuRvZWpJuvwAYjUaTpOIWoquuAZ219RTaxKYp9BbjycoN5FvL9qH9TBX5rvoGdJythvXYSTxdtRnWylO\/ZdqrLsGwszzhWQ593z2KlAwCYCQSSZJ6ehZ0W7bD9VBLgN0NCqr3qR7R2rBrL3pu3Sb\/7nDlz2uy6cG0OXk0GTbZXzNp8trsPAQdTj6frlWzN2DcXZGKQQAMh8NJ6rpyHe+PnkCr\/CAFdZyvpfpjuvkifLF9wIt1Wwlo0OHie1RvWrKa93RjzfzliTzPKz3ltB0\/Tevmwp14wGUgHAzSOoUEwFAolFaaBSuhnslPRkJexUJtZ6v5HtUeLswl33n1BgEY5fvhs9sJ3FAiT+QYyyvoAQJuD0KBAFRTJNAuz5\/s3gJgMBhMJwrVFRThM5tY5zUF\/A4X1f2fvQTRLCuBreoim0YmAbqNJryvPEXeeq46kaNdkQ\/1HCncbJKPs9ZSv2VHGfWsZ2hfkhKAfr8\/pdxWKx4wwD69PmVfNSOL+lr2w+gYqHpWDtXt1xQ8AMlWU0e1lqLd\/APRHoP8AJqWrQG9gYxcPMsvSJUvAA4MDKTUJ7MZLaVy8v+qT21tcDx\/OemePr0RTkNrur4A6PP5xCgBsL+\/X4wiQDpuuVxOeL1eMYmYeDY6sOp0z+B0OuHxeEQhxkJMFosJiSO\/UinOI\/8Pc+l7KKArAT8AAAAASUVORK5CYII=\" alt=\"Pin It\"\/><\/a><img loading=\"lazy\" decoding=\"async\" alt=\"Takashi Homma\" class=\"img\" data-aspect-ratio=\"0.76\" data-aspect-ratio-type=\"portrait\" data-delay-load=\"immediate\" data-max-height=\"1439\" data-max-width=\"1098\" data-maxdevicepixelratio=\"3\" data-responsive-widths=\"200,320,355,480,640,786,900,1050,1098\" height=\"1439\"  src=\"https:\/\/www.europesays.com\/ie\/wp-content\/uploads\/2026\/01\/1434030.jpg\"  style=\"--img-max-width:1098px;--img-width:1098px;\" width=\"1098\"\/>Takashi Homma, Thirty-Six Views of Mount Fuji (2023\/24)\u00a9 Takashi Homma. Photocopy by Aaron Stern<\/p>\n<p>Kicking off the year is an expanded iteration of Aaron Stern\u2019s Hard Copy exhibition, co-curated by David Campany at the ICP in New York. Several of the participating artists will get stuck into this month\u2019s installation themselves, embodying the DIY essence of this project, which delves into the magic of Xerox printing. Highlights will include Thomas Ruff\u2019s reappropriated nudes from the 1990s, <a href=\"https:\/\/www.dazeddigital.com\/tag\/stephen-shore\" rel=\"nofollow noopener\" target=\"_blank\">Stephen Shore<\/a>\u2019s portraits of <a href=\"https:\/\/www.dazeddigital.com\/andy-warhol\" rel=\"nofollow noopener\" target=\"_blank\">Andy Warhol<\/a> and a 50-foot-long mural by <a href=\"https:\/\/www.dazeddigital.com\/gray-sorrenti\" rel=\"nofollow noopener\" target=\"_blank\">Gray Sorrenti<\/a>. Stern promises us an experience that is bodily, immersive and old school. And speaking of old school, while you\u2019re at it, don\u2019t miss the chance to experience work by the OG street photographer Eug\u00e8ne Atget in the rooms next door.<\/p>\n<p><a href=\"https:\/\/www.icp.org\/exhibitions\/hard-copy-new-york\" rel=\"nofollow noopener\" target=\"_blank\">Hard Copy New York<\/a> runs at the International Center of Photography, New York, from January 29 until May 4 2026.<\/p>\n<p><a href=\"https:\/\/www.pinterest.com\/pin\/create\/button\/?url=https:\/\/www.dazeddigital.com\/art-photography\/article\/69376\/1\/photography-shows-2026-guide-exhibitions-london-denmark-new-york&amp;media=https:\/\/images-prod.dazeddigital.com\/533\/azure\/dazed-prod\/1430\/4\/1434029.jpg&amp;description=Martin Parr, Benidorm (1997)\" data-pin-do=\"buttonPin\" data-pin-config=\"none\" data-social-share-source=\"Pinit\" target=\"_blank\" rel=\"nofollow noopener\"><img decoding=\"async\" src=\"data:image\/png;base64,iVBORw0KGgoAAAANSUhEUgAAACgAAAAUCAYAAAD\/Rn+7AAADU0lEQVR42s2WXUhTYRjHz0VEVPRFUGmtVEaFUZFhHxBhsotCU5JwBWEf1EWEEVHQx4UfFWYkFa2biPJiXbUta33OXFtuUXMzJ4bK3Nqay7m5NeZq6h\/tPQ+xU20zugjOxR\/+7\/O8539+5znnwMtNTExwJtMb3L\/fiLv3botCSmUjeCaejTOb39AiFothfHxcFIrHY8RksZjBsckJcOIRMfFsHD\/SsbExUYpnI8DR0dGUGjSb0byhEJp5Uqg5CTSzc2CQleJbMEj9\/ywBcGRkJEk9DQqouEVQT1sK444yWI9UonmTjGqauVLEIlHa9x8lAMbj8SSpp0rwKGMVvg8P46vbg0C7na8z8JsMcgHe7jlEa+edRhiLy8n\/TUMfu6EvLElk+U0WtGwrTrdfAGQf5J8iiK4LVzDU28t8JtMSocf8E+l68myaNFXm\/6rXslLK7ay5TOunuRvZWpJuvwAYjUaTpOIWoquuAZ219RTaxKYp9BbjycoN5FvL9qH9TBX5rvoGdJythvXYSTxdtRnWylO\/ZdqrLsGwszzhWQ593z2KlAwCYCQSSZJ6ehZ0W7bD9VBLgN0NCqr3qR7R2rBrL3pu3Sb\/7nDlz2uy6cG0OXk0GTbZXzNp8trsPAQdTj6frlWzN2DcXZGKQQAMh8NJ6rpyHe+PnkCr\/CAFdZyvpfpjuvkifLF9wIt1Wwlo0OHie1RvWrKa93RjzfzliTzPKz3ltB0\/Tevmwp14wGUgHAzSOoUEwFAolFaaBSuhnslPRkJexUJtZ6v5HtUeLswl33n1BgEY5fvhs9sJ3FAiT+QYyyvoAQJuD0KBAFRTJNAuz5\/s3gJgMBhMJwrVFRThM5tY5zUF\/A4X1f2fvQTRLCuBreoim0YmAbqNJryvPEXeeq46kaNdkQ\/1HCncbJKPs9ZSv2VHGfWsZ2hfkhKAfr8\/pdxWKx4wwD69PmVfNSOL+lr2w+gYqHpWDtXt1xQ8AMlWU0e1lqLd\/APRHoP8AJqWrQG9gYxcPMsvSJUvAA4MDKTUJ7MZLaVy8v+qT21tcDx\/OemePr0RTkNrur4A6PP5xCgBsL+\/X4wiQDpuuVxOeL1eMYmYeDY6sOp0z+B0OuHxeEQhxkJMFosJiSO\/UinOI\/8Pc+l7KKArAT8AAAAASUVORK5CYII=\" alt=\"Pin It\"\/><\/a><img loading=\"lazy\" decoding=\"async\" alt=\"Martin Parr, Benidorm (1997)\" class=\"img\" data-aspect-ratio=\"0.67\" data-aspect-ratio-type=\"portrait\" data-delay-load=\"immediate\" data-max-height=\"3000\" data-max-width=\"2000\" data-maxdevicepixelratio=\"3\" data-responsive-widths=\"200,320,355,480,640,786,900,1050,1280,1400,1600,2000\" height=\"3000\"  src=\"https:\/\/www.europesays.com\/ie\/wp-content\/uploads\/2026\/01\/1434029.jpg\"  style=\"--img-max-width:2000px;--img-width:2000px;\" width=\"2000\"\/>Martin Parr, Benidorm (1997)\u00a9 Martin Parr \/ Magnum Photos. Courtesy of Jeu de Paume<\/p>\n<p>The first exhibition of legendary photographer <a href=\"https:\/\/www.dazeddigital.com\/martin-parr\" rel=\"nofollow noopener\" target=\"_blank\">Martin Parr<\/a> after his passing will be Jeu de Paume\u2019s witty take on our fraught relationship with our planet. Consumerism, mass tourism and globalisation have long been key themes in Parr\u2019s work, which features eye-poppingly gaudy colours to convey the excesses of contemporary capitalism. Although globe-trotting in scope, the presentation will serve as a stark reminder of our increasingly \u201cflat world\u201d, where you find the same fast food chains and shopping malls wherever you go. A publication co-produced with Phaidon will accompany the show. It is indeed hard to imagine the landscape of photography without Parr\u2019s sharp eye. What a legacy he leaves us.<\/p>\n<p><a href=\"https:\/\/jeudepaume.org\/evenement\/martin-parr-global-warning\/\" rel=\"nofollow noopener\" target=\"_blank\">Global Warning<\/a> runs at Jeu de Paume, Paris, from January 30 until May 24 2026.<\/p>\n<p><a href=\"https:\/\/www.pinterest.com\/pin\/create\/button\/?url=https:\/\/www.dazeddigital.com\/art-photography\/article\/69376\/1\/photography-shows-2026-guide-exhibitions-london-denmark-new-york&amp;media=https:\/\/images-prod.dazeddigital.com\/533\/azure\/dazed-prod\/1430\/4\/1434034.jpg&amp;description=Sophie Calle, The Blind\u00a0(1986)\" data-pin-do=\"buttonPin\" data-pin-config=\"none\" data-social-share-source=\"Pinit\" target=\"_blank\" rel=\"nofollow noopener\"><img decoding=\"async\" src=\"data:image\/png;base64,iVBORw0KGgoAAAANSUhEUgAAACgAAAAUCAYAAAD\/Rn+7AAADU0lEQVR42s2WXUhTYRjHz0VEVPRFUGmtVEaFUZFhHxBhsotCU5JwBWEf1EWEEVHQx4UfFWYkFa2biPJiXbUta33OXFtuUXMzJ4bK3Nqay7m5NeZq6h\/tPQ+xU20zugjOxR\/+7\/O8539+5znnwMtNTExwJtMb3L\/fiLv3botCSmUjeCaejTOb39AiFothfHxcFIrHY8RksZjBsckJcOIRMfFsHD\/SsbExUYpnI8DR0dGUGjSb0byhEJp5Uqg5CTSzc2CQleJbMEj9\/ywBcGRkJEk9DQqouEVQT1sK444yWI9UonmTjGqauVLEIlHa9x8lAMbj8SSpp0rwKGMVvg8P46vbg0C7na8z8JsMcgHe7jlEa+edRhiLy8n\/TUMfu6EvLElk+U0WtGwrTrdfAGQf5J8iiK4LVzDU28t8JtMSocf8E+l68myaNFXm\/6rXslLK7ay5TOunuRvZWpJuvwAYjUaTpOIWoquuAZ219RTaxKYp9BbjycoN5FvL9qH9TBX5rvoGdJythvXYSTxdtRnWylO\/ZdqrLsGwszzhWQ593z2KlAwCYCQSSZJ6ehZ0W7bD9VBLgN0NCqr3qR7R2rBrL3pu3Sb\/7nDlz2uy6cG0OXk0GTbZXzNp8trsPAQdTj6frlWzN2DcXZGKQQAMh8NJ6rpyHe+PnkCr\/CAFdZyvpfpjuvkifLF9wIt1Wwlo0OHie1RvWrKa93RjzfzliTzPKz3ltB0\/Tevmwp14wGUgHAzSOoUEwFAolFaaBSuhnslPRkJexUJtZ6v5HtUeLswl33n1BgEY5fvhs9sJ3FAiT+QYyyvoAQJuD0KBAFRTJNAuz5\/s3gJgMBhMJwrVFRThM5tY5zUF\/A4X1f2fvQTRLCuBreoim0YmAbqNJryvPEXeeq46kaNdkQ\/1HCncbJKPs9ZSv2VHGfWsZ2hfkhKAfr8\/pdxWKx4wwD69PmVfNSOL+lr2w+gYqHpWDtXt1xQ8AMlWU0e1lqLd\/APRHoP8AJqWrQG9gYxcPMsvSJUvAA4MDKTUJ7MZLaVy8v+qT21tcDx\/OemePr0RTkNrur4A6PP5xCgBsL+\/X4wiQDpuuVxOeL1eMYmYeDY6sOp0z+B0OuHxeEQhxkJMFosJiSO\/UinOI\/8Pc+l7KKArAT8AAAAASUVORK5CYII=\" alt=\"Pin It\"\/><\/a><img loading=\"lazy\" decoding=\"async\" alt=\"scala_AR00510-full_jpg\" class=\"img\" data-aspect-ratio=\"0.67\" data-aspect-ratio-type=\"portrait\" data-delay-load=\"immediate\" data-max-height=\"3000\" data-max-width=\"2000\" data-maxdevicepixelratio=\"3\" data-responsive-widths=\"200,320,355,480,640,786,900,1050,1280,1400,1600,2000\" height=\"3000\"  src=\"https:\/\/www.europesays.com\/ie\/wp-content\/uploads\/2026\/01\/1434034.jpg\"  style=\"--img-max-width:2000px;--img-width:2000px;\" width=\"2000\"\/>Sophie Calle, The Blind\u00a0(1986)\u00a9 Sophie Calle. Photo: The Art Institute of Chicago \/ Art Resource \/ Scala<\/p>\n<p>Louisiana, the spectacular coastal museum in Denmark, will host the provocative French artist <a href=\"https:\/\/www.dazeddigital.com\/tag\/sophiecalle\" rel=\"nofollow noopener\" target=\"_blank\">Sophie Calle<\/a> this spring, and it\u2019s set to be a crowd-pleaser. It will encompass a selection of new works, as well as the newly acquired The Blind, for which Calle asked people who were blind from birth to describe their image of \u201cbeauty\u201d. Not much else has been announced about the show, but we can bank on the classic Calle cocktail of romance, desire and intrigue \u2013 with a splash of suspense.<\/p>\n<p><a href=\"https:\/\/louisiana.dk\/en\/exhibition\/sophie-calle\/\" rel=\"nofollow noopener\" target=\"_blank\">Sophie Calle<\/a> runs at Louisiana, Humblebaek, from March 3 until August 8 2026.<\/p>\n<p>Catherine Opie, To Be Seen<\/p>\n<p>Gallery \/ 17 images<\/p>\n<p><a href=\"https:\/\/www.dazeddigital.com\/catherine-opie\" rel=\"nofollow noopener\" target=\"_blank\">Catherine Opie<\/a>\u2019s first major UK exhibition will gather photographic portraits from her 30-year career, which is dedicated to notions of queer culture, liberation and home. Opie\u2019s contribution to art history shouldn\u2019t be underestimated, for she has made visible those who have often gone unseen, and, in turn, challenged us to question the canon. As the title suggests, the show will focus on ideas of representation, visibility and identity. You\u2019ll be invited to come face to face with Opie\u2019s ennobling, Baroque-like portraits of her friends, whose statements are emphatic: \u201cWe\u2019re here, and we\u2019re queer!\u201d<\/p>\n<p><a href=\"https:\/\/www.npg.org.uk\/whatson\/exhibitions\/2026\/catherine-opie-to-be-seen\" rel=\"nofollow noopener\" target=\"_blank\">To Be Seen<\/a> runs at the National Portrait Gallery, London, from March 5 until May 31 2026.<\/p>\n<p><a href=\"https:\/\/www.pinterest.com\/pin\/create\/button\/?url=https:\/\/www.dazeddigital.com\/art-photography\/article\/69376\/1\/photography-shows-2026-guide-exhibitions-london-denmark-new-york&amp;media=https:\/\/images-prod.dazeddigital.com\/1000\/azure\/dazed-prod\/1430\/4\/1434031.jpeg&amp;description=Daido Moriyama, View from the Laboratory (2008)\" data-pin-do=\"buttonPin\" data-pin-config=\"none\" data-social-share-source=\"Pinit\" target=\"_blank\" rel=\"nofollow noopener\"><img decoding=\"async\" src=\"data:image\/png;base64,iVBORw0KGgoAAAANSUhEUgAAACgAAAAUCAYAAAD\/Rn+7AAADU0lEQVR42s2WXUhTYRjHz0VEVPRFUGmtVEaFUZFhHxBhsotCU5JwBWEf1EWEEVHQx4UfFWYkFa2biPJiXbUta33OXFtuUXMzJ4bK3Nqay7m5NeZq6h\/tPQ+xU20zugjOxR\/+7\/O8539+5znnwMtNTExwJtMb3L\/fiLv3botCSmUjeCaejTOb39AiFothfHxcFIrHY8RksZjBsckJcOIRMfFsHD\/SsbExUYpnI8DR0dGUGjSb0byhEJp5Uqg5CTSzc2CQleJbMEj9\/ywBcGRkJEk9DQqouEVQT1sK444yWI9UonmTjGqauVLEIlHa9x8lAMbj8SSpp0rwKGMVvg8P46vbg0C7na8z8JsMcgHe7jlEa+edRhiLy8n\/TUMfu6EvLElk+U0WtGwrTrdfAGQf5J8iiK4LVzDU28t8JtMSocf8E+l68myaNFXm\/6rXslLK7ay5TOunuRvZWpJuvwAYjUaTpOIWoquuAZ219RTaxKYp9BbjycoN5FvL9qH9TBX5rvoGdJythvXYSTxdtRnWylO\/ZdqrLsGwszzhWQ593z2KlAwCYCQSSZJ6ehZ0W7bD9VBLgN0NCqr3qR7R2rBrL3pu3Sb\/7nDlz2uy6cG0OXk0GTbZXzNp8trsPAQdTj6frlWzN2DcXZGKQQAMh8NJ6rpyHe+PnkCr\/CAFdZyvpfpjuvkifLF9wIt1Wwlo0OHie1RvWrKa93RjzfzliTzPKz3ltB0\/Tevmwp14wGUgHAzSOoUEwFAolFaaBSuhnslPRkJexUJtZ6v5HtUeLswl33n1BgEY5fvhs9sJ3FAiT+QYyyvoAQJuD0KBAFRTJNAuz5\/s3gJgMBhMJwrVFRThM5tY5zUF\/A4X1f2fvQTRLCuBreoim0YmAbqNJryvPEXeeq46kaNdkQ\/1HCncbJKPs9ZSv2VHGfWsZ2hfkhKAfr8\/pdxWKx4wwD69PmVfNSOL+lr2w+gYqHpWDtXt1xQ8AMlWU0e1lqLd\/APRHoP8AJqWrQG9gYxcPMsvSJUvAA4MDKTUJ7MZLaVy8v+qT21tcDx\/OemePr0RTkNrur4A6PP5xCgBsL+\/X4wiQDpuuVxOeL1eMYmYeDY6sOp0z+B0OuHxeEQhxkJMFosJiSO\/UinOI\/8Pc+l7KKArAT8AAAAASUVORK5CYII=\" alt=\"Pin It\"\/><\/a><img loading=\"lazy\" decoding=\"async\" alt=\"View from the laboratory prints-7\" class=\"img\" data-aspect-ratio=\"1.47\" data-aspect-ratio-type=\"landscape\" data-delay-load=\"immediate\" data-max-height=\"2042\" data-max-width=\"3000\" data-maxdevicepixelratio=\"3\" data-responsive-widths=\"200,320,355,480,640,786,900,1050,1280,1400,1600,2000,2400\" height=\"2042\"  src=\"https:\/\/www.europesays.com\/ie\/wp-content\/uploads\/2026\/01\/1434031.jpeg\"  style=\"--img-max-width:3000px;--img-width:2400px;\" width=\"3000\"\/>Daido Moriyama, View from the Laboratory (2008)\u00a9 Daido Moriyama Photo Foundation. Courtesy of Henri Cartier Bresson Foundation<\/p>\n<p>This forthcoming show in Paris will hinge on <a href=\"https:\/\/www.dazeddigital.com\/daido-moriyama\" rel=\"nofollow noopener\" target=\"_blank\">Daido Moriyama<\/a>\u2019s French connection, which began with the photographer\u2019s 2008 pilgrimage to the city of Chalon-sur-Sa\u00f4ne, where Nic\u00e9phore Ni\u00e9pce, the inventor of photography, was born. Moriyama has since maintained a passionate relationship with the earliest surviving photograph, the famous View from the Window at Le Gras, and is said to have a poster of the image above his bed. This show will unravel as a love letter to the medium of photography \u2013 its aura, transformations and echoes across time. Emphasis will be placed on Moriyama\u2019s books and magazine contributions, and his writings on photography will be translated into French for the first time.<\/p>\n<p>Declarations to Photography runs at Henri Cartier-Bresson Foundation, Paris from May 20 until October 4 2026.<\/p>\n<p><a href=\"https:\/\/www.pinterest.com\/pin\/create\/button\/?url=https:\/\/www.dazeddigital.com\/art-photography\/article\/69376\/1\/photography-shows-2026-guide-exhibitions-london-denmark-new-york&amp;media=https:\/\/images-prod.dazeddigital.com\/534\/azure\/dazed-prod\/1430\/4\/1434007.jpeg&amp;description=Camille Vivier, Sophie, 2018\" data-pin-do=\"buttonPin\" data-pin-config=\"none\" data-social-share-source=\"Pinit\" target=\"_blank\" rel=\"nofollow noopener\"><img decoding=\"async\" src=\"data:image\/png;base64,iVBORw0KGgoAAAANSUhEUgAAACgAAAAUCAYAAAD\/Rn+7AAADU0lEQVR42s2WXUhTYRjHz0VEVPRFUGmtVEaFUZFhHxBhsotCU5JwBWEf1EWEEVHQx4UfFWYkFa2biPJiXbUta33OXFtuUXMzJ4bK3Nqay7m5NeZq6h\/tPQ+xU20zugjOxR\/+7\/O8539+5znnwMtNTExwJtMb3L\/fiLv3botCSmUjeCaejTOb39AiFothfHxcFIrHY8RksZjBsckJcOIRMfFsHD\/SsbExUYpnI8DR0dGUGjSb0byhEJp5Uqg5CTSzc2CQleJbMEj9\/ywBcGRkJEk9DQqouEVQT1sK444yWI9UonmTjGqauVLEIlHa9x8lAMbj8SSpp0rwKGMVvg8P46vbg0C7na8z8JsMcgHe7jlEa+edRhiLy8n\/TUMfu6EvLElk+U0WtGwrTrdfAGQf5J8iiK4LVzDU28t8JtMSocf8E+l68myaNFXm\/6rXslLK7ay5TOunuRvZWpJuvwAYjUaTpOIWoquuAZ219RTaxKYp9BbjycoN5FvL9qH9TBX5rvoGdJythvXYSTxdtRnWylO\/ZdqrLsGwszzhWQ593z2KlAwCYCQSSZJ6ehZ0W7bD9VBLgN0NCqr3qR7R2rBrL3pu3Sb\/7nDlz2uy6cG0OXk0GTbZXzNp8trsPAQdTj6frlWzN2DcXZGKQQAMh8NJ6rpyHe+PnkCr\/CAFdZyvpfpjuvkifLF9wIt1Wwlo0OHie1RvWrKa93RjzfzliTzPKz3ltB0\/Tevmwp14wGUgHAzSOoUEwFAolFaaBSuhnslPRkJexUJtZ6v5HtUeLswl33n1BgEY5fvhs9sJ3FAiT+QYyyvoAQJuD0KBAFRTJNAuz5\/s3gJgMBhMJwrVFRThM5tY5zUF\/A4X1f2fvQTRLCuBreoim0YmAbqNJryvPEXeeq46kaNdkQ\/1HCncbJKPs9ZSv2VHGfWsZ2hfkhKAfr8\/pdxWKx4wwD69PmVfNSOL+lr2w+gYqHpWDtXt1xQ8AMlWU0e1lqLd\/APRHoP8AJqWrQG9gYxcPMsvSJUvAA4MDKTUJ7MZLaVy8v+qT21tcDx\/OemePr0RTkNrur4A6PP5xCgBsL+\/X4wiQDpuuVxOeL1eMYmYeDY6sOp0z+B0OuHxeEQhxkJMFosJiSO\/UinOI\/8Pc+l7KKArAT8AAAAASUVORK5CYII=\" alt=\"Pin It\"\/><\/a><img loading=\"lazy\" decoding=\"async\" alt=\"Sophie, 2018\" class=\"img\" data-aspect-ratio=\"0.67\" data-aspect-ratio-type=\"portrait\" data-delay-load=\"immediate\" data-max-height=\"3000\" data-max-width=\"2002\" data-maxdevicepixelratio=\"3\" data-responsive-widths=\"200,320,355,480,640,786,900,1050,1280,1400,1600,2000,2002\" height=\"3000\"  src=\"https:\/\/www.europesays.com\/ie\/wp-content\/uploads\/2026\/01\/1434007.jpeg\"  style=\"--img-max-width:2002px;--img-width:2002px;\" width=\"2002\"\/>Camille Vivier, Sophie, 2018\u00a9 Camille Vivier<\/p>\n<p>Most audiences will be more familiar with <a href=\"https:\/\/www.dazeddigital.com\/user\/camillevivier\" rel=\"nofollow noopener\" target=\"_blank\">Camille Vivier<\/a>\u2019s work on the page than on the wall, but this is certainly set to change with the MEP\u2019s first major showing of her work. The powerhouse of fashion photography has developed a very distinctive visual language, in which elements of romance, fantasy, fetishism, mythology, underground culture and horror collide. Exploring forms and femininity, this dream of a show will showcase work across both commercial and personal work, from nudes, puppets and fashion to self-portraits displayed on TV screens. Your flabber will be gasted.<\/p>\n<p>Camille Vivier runs at Maison Europ\u00e9enne de la Photographie, Paris, from June 10 until September 20 2026.<\/p>\n<p><a href=\"https:\/\/www.pinterest.com\/pin\/create\/button\/?url=https:\/\/www.dazeddigital.com\/art-photography\/article\/69376\/1\/photography-shows-2026-guide-exhibitions-london-denmark-new-york&amp;media=https:\/\/images-prod.dazeddigital.com\/1000\/azure\/dazed-prod\/1430\/4\/1434032.jpg&amp;description=Silvermine Archive %23A-5580-23\" data-pin-do=\"buttonPin\" data-pin-config=\"none\" data-social-share-source=\"Pinit\" target=\"_blank\" rel=\"nofollow noopener\"><img decoding=\"async\" src=\"data:image\/png;base64,iVBORw0KGgoAAAANSUhEUgAAACgAAAAUCAYAAAD\/Rn+7AAADU0lEQVR42s2WXUhTYRjHz0VEVPRFUGmtVEaFUZFhHxBhsotCU5JwBWEf1EWEEVHQx4UfFWYkFa2biPJiXbUta33OXFtuUXMzJ4bK3Nqay7m5NeZq6h\/tPQ+xU20zugjOxR\/+7\/O8539+5znnwMtNTExwJtMb3L\/fiLv3botCSmUjeCaejTOb39AiFothfHxcFIrHY8RksZjBsckJcOIRMfFsHD\/SsbExUYpnI8DR0dGUGjSb0byhEJp5Uqg5CTSzc2CQleJbMEj9\/ywBcGRkJEk9DQqouEVQT1sK444yWI9UonmTjGqauVLEIlHa9x8lAMbj8SSpp0rwKGMVvg8P46vbg0C7na8z8JsMcgHe7jlEa+edRhiLy8n\/TUMfu6EvLElk+U0WtGwrTrdfAGQf5J8iiK4LVzDU28t8JtMSocf8E+l68myaNFXm\/6rXslLK7ay5TOunuRvZWpJuvwAYjUaTpOIWoquuAZ219RTaxKYp9BbjycoN5FvL9qH9TBX5rvoGdJythvXYSTxdtRnWylO\/ZdqrLsGwszzhWQ593z2KlAwCYCQSSZJ6ehZ0W7bD9VBLgN0NCqr3qR7R2rBrL3pu3Sb\/7nDlz2uy6cG0OXk0GTbZXzNp8trsPAQdTj6frlWzN2DcXZGKQQAMh8NJ6rpyHe+PnkCr\/CAFdZyvpfpjuvkifLF9wIt1Wwlo0OHie1RvWrKa93RjzfzliTzPKz3ltB0\/Tevmwp14wGUgHAzSOoUEwFAolFaaBSuhnslPRkJexUJtZ6v5HtUeLswl33n1BgEY5fvhs9sJ3FAiT+QYyyvoAQJuD0KBAFRTJNAuz5\/s3gJgMBhMJwrVFRThM5tY5zUF\/A4X1f2fvQTRLCuBreoim0YmAbqNJryvPEXeeq46kaNdkQ\/1HCncbJKPs9ZSv2VHGfWsZ2hfkhKAfr8\/pdxWKx4wwD69PmVfNSOL+lr2w+gYqHpWDtXt1xQ8AMlWU0e1lqLd\/APRHoP8AJqWrQG9gYxcPMsvSJUvAA4MDKTUJ7MZLaVy8v+qT21tcDx\/OemePr0RTkNrur4A6PP5xCgBsL+\/X4wiQDpuuVxOeL1eMYmYeDY6sOp0z+B0OuHxeEQhxkJMFosJiSO\/UinOI\/8Pc+l7KKArAT8AAAAASUVORK5CYII=\" alt=\"Pin It\"\/><\/a><img loading=\"lazy\" decoding=\"async\" alt=\"Thomas Sauvin - Beijing silvermine - A-5580-23\" class=\"img\" data-aspect-ratio=\"1.43\" data-aspect-ratio-type=\"landscape\" data-delay-load=\"immediate\" data-max-height=\"1750\" data-max-width=\"2500\" data-maxdevicepixelratio=\"3\" data-responsive-widths=\"200,320,355,480,640,786,900,1050,1280,1400,1600,2000,2400\" height=\"1750\"  src=\"https:\/\/www.europesays.com\/ie\/wp-content\/uploads\/2026\/01\/1434032.jpg\"  style=\"--img-max-width:2500px;--img-width:2400px;\" width=\"2500\"\/>Silvermine Archive #A-5580-23\u00a9 Beijing Silvermine \/ Thomas Sauvin. Courtesy of the artist<\/p>\n<p>Thomas Sauvin\u2019s Silvermine project will be coming to Shanghai this summer, and it will be its biggest presentation to date. The one-of-a-kind archive consists of negatives salvaged from a recycling plant on the edge of Beijing, and collectively captures everyday life during China\u2019s rapid transformation from the mid-1980s to 2000s. Holly Roussell\u2019s curation will feature a massive installation of 1000+ images mounted on coloured plexiglass (amazingly, representing just 0.1% of the full archive), a light wall to consult negatives, a reconstruction of Sauvin\u2019s studio and a playful presentation of Until Death Do Us Part, the cult photo book documenting the forgotten custom of Double Happiness cigarettes at Chinese weddings.<\/p>\n<p>Beijing Silvermine: Archive Anthology runs at Fotografiska, Shanghai from June 19 until October 18 2026.<\/p>\n<p><a href=\"https:\/\/www.pinterest.com\/pin\/create\/button\/?url=https:\/\/www.dazeddigital.com\/art-photography\/article\/69376\/1\/photography-shows-2026-guide-exhibitions-london-denmark-new-york&amp;media=https:\/\/images-prod.dazeddigital.com\/1000\/azure\/dazed-prod\/1430\/4\/1434033.jpg&amp;description=John Baldessari, The Studio (1987)\" data-pin-do=\"buttonPin\" data-pin-config=\"none\" data-social-share-source=\"Pinit\" target=\"_blank\" rel=\"nofollow noopener\"><img decoding=\"async\" src=\"data:image\/png;base64,iVBORw0KGgoAAAANSUhEUgAAACgAAAAUCAYAAAD\/Rn+7AAADU0lEQVR42s2WXUhTYRjHz0VEVPRFUGmtVEaFUZFhHxBhsotCU5JwBWEf1EWEEVHQx4UfFWYkFa2biPJiXbUta33OXFtuUXMzJ4bK3Nqay7m5NeZq6h\/tPQ+xU20zugjOxR\/+7\/O8539+5znnwMtNTExwJtMb3L\/fiLv3botCSmUjeCaejTOb39AiFothfHxcFIrHY8RksZjBsckJcOIRMfFsHD\/SsbExUYpnI8DR0dGUGjSb0byhEJp5Uqg5CTSzc2CQleJbMEj9\/ywBcGRkJEk9DQqouEVQT1sK444yWI9UonmTjGqauVLEIlHa9x8lAMbj8SSpp0rwKGMVvg8P46vbg0C7na8z8JsMcgHe7jlEa+edRhiLy8n\/TUMfu6EvLElk+U0WtGwrTrdfAGQf5J8iiK4LVzDU28t8JtMSocf8E+l68myaNFXm\/6rXslLK7ay5TOunuRvZWpJuvwAYjUaTpOIWoquuAZ219RTaxKYp9BbjycoN5FvL9qH9TBX5rvoGdJythvXYSTxdtRnWylO\/ZdqrLsGwszzhWQ593z2KlAwCYCQSSZJ6ehZ0W7bD9VBLgN0NCqr3qR7R2rBrL3pu3Sb\/7nDlz2uy6cG0OXk0GTbZXzNp8trsPAQdTj6frlWzN2DcXZGKQQAMh8NJ6rpyHe+PnkCr\/CAFdZyvpfpjuvkifLF9wIt1Wwlo0OHie1RvWrKa93RjzfzliTzPKz3ltB0\/Tevmwp14wGUgHAzSOoUEwFAolFaaBSuhnslPRkJexUJtZ6v5HtUeLswl33n1BgEY5fvhs9sJ3FAiT+QYyyvoAQJuD0KBAFRTJNAuz5\/s3gJgMBhMJwrVFRThM5tY5zUF\/A4X1f2fvQTRLCuBreoim0YmAbqNJryvPEXeeq46kaNdkQ\/1HCncbJKPs9ZSv2VHGfWsZ2hfkhKAfr8\/pdxWKx4wwD69PmVfNSOL+lr2w+gYqHpWDtXt1xQ8AMlWU0e1lqLd\/APRHoP8AJqWrQG9gYxcPMsvSJUvAA4MDKTUJ7MZLaVy8v+qT21tcDx\/OemePr0RTkNrur4A6PP5xCgBsL+\/X4wiQDpuuVxOeL1eMYmYeDY6sOp0z+B0OuHxeEQhxkJMFosJiSO\/UinOI\/8Pc+l7KKArAT8AAAAASUVORK5CYII=\" alt=\"Pin It\"\/><\/a><img loading=\"lazy\" decoding=\"async\" alt=\"JB-theStudio\" class=\"img\" data-aspect-ratio=\"1.32\" data-aspect-ratio-type=\"landscape\" data-delay-load=\"immediate\" data-max-height=\"2269\" data-max-width=\"3000\" data-maxdevicepixelratio=\"3\" data-responsive-widths=\"200,320,355,480,640,786,900,1050,1280,1400,1600,2000,2400\" height=\"2269\"  src=\"https:\/\/www.europesays.com\/ie\/wp-content\/uploads\/2026\/01\/1434033.jpg\"  style=\"--img-max-width:3000px;--img-width:2400px;\" width=\"3000\"\/>John Baldessari, The Studio (1987)\u00a9 John Baldessari Family Foundation. Courtesy of Estate of John Baldessari and Spr\u00fcth Magers<\/p>\n<p>Five years after his death, the renowned American conceptual artist <a href=\"https:\/\/www.dazeddigital.com\/tag\/john-baldessari\" rel=\"nofollow noopener\" target=\"_blank\">John Baldessari<\/a> will be honoured by his first institutional showing in China. It will introduce his work to new audiences and inspire budding artists with his many lessons on life and art, whether that\u2019s the importance of salvaging from mess or why we should learn from kids. The exhibition will be comprehensive, starting from Baldessari\u2019s earliest experiments with text and image, moving through the 1970s (after he cremated all his paintings and made cookies from the ashes), to his later works which engage with pop culture and new media. There will also be a chance to discover his rarely-seen maquettes, in which Baldessari would cut out and scribble on source material as a way of exploring his creative process.<\/p>\n<p><a href=\"https:\/\/ucca.org.cn\/en\/exhibition\/john-baldessari\/\" rel=\"nofollow noopener\" target=\"_blank\">John Baldessari<\/a> runs at UCCA, Beijing, from September 19 2026 until March 1 2027.<\/p>\n<p><a href=\"https:\/\/www.pinterest.com\/pin\/create\/button\/?url=https:\/\/www.dazeddigital.com\/art-photography\/article\/69376\/1\/photography-shows-2026-guide-exhibitions-london-denmark-new-york&amp;media=https:\/\/images-prod.dazeddigital.com\/1000\/azure\/dazed-prod\/1430\/4\/1434009.jpg&amp;description=Juergen Teller, Young Pink Kate, London, 1998\" data-pin-do=\"buttonPin\" data-pin-config=\"none\" data-social-share-source=\"Pinit\" target=\"_blank\" rel=\"nofollow noopener\"><img decoding=\"async\" src=\"data:image\/png;base64,iVBORw0KGgoAAAANSUhEUgAAACgAAAAUCAYAAAD\/Rn+7AAADU0lEQVR42s2WXUhTYRjHz0VEVPRFUGmtVEaFUZFhHxBhsotCU5JwBWEf1EWEEVHQx4UfFWYkFa2biPJiXbUta33OXFtuUXMzJ4bK3Nqay7m5NeZq6h\/tPQ+xU20zugjOxR\/+7\/O8539+5znnwMtNTExwJtMb3L\/fiLv3botCSmUjeCaejTOb39AiFothfHxcFIrHY8RksZjBsckJcOIRMfFsHD\/SsbExUYpnI8DR0dGUGjSb0byhEJp5Uqg5CTSzc2CQleJbMEj9\/ywBcGRkJEk9DQqouEVQT1sK444yWI9UonmTjGqauVLEIlHa9x8lAMbj8SSpp0rwKGMVvg8P46vbg0C7na8z8JsMcgHe7jlEa+edRhiLy8n\/TUMfu6EvLElk+U0WtGwrTrdfAGQf5J8iiK4LVzDU28t8JtMSocf8E+l68myaNFXm\/6rXslLK7ay5TOunuRvZWpJuvwAYjUaTpOIWoquuAZ219RTaxKYp9BbjycoN5FvL9qH9TBX5rvoGdJythvXYSTxdtRnWylO\/ZdqrLsGwszzhWQ593z2KlAwCYCQSSZJ6ehZ0W7bD9VBLgN0NCqr3qR7R2rBrL3pu3Sb\/7nDlz2uy6cG0OXk0GTbZXzNp8trsPAQdTj6frlWzN2DcXZGKQQAMh8NJ6rpyHe+PnkCr\/CAFdZyvpfpjuvkifLF9wIt1Wwlo0OHie1RvWrKa93RjzfzliTzPKz3ltB0\/Tevmwp14wGUgHAzSOoUEwFAolFaaBSuhnslPRkJexUJtZ6v5HtUeLswl33n1BgEY5fvhs9sJ3FAiT+QYyyvoAQJuD0KBAFRTJNAuz5\/s3gJgMBhMJwrVFRThM5tY5zUF\/A4X1f2fvQTRLCuBreoim0YmAbqNJryvPEXeeq46kaNdkQ\/1HCncbJKPs9ZSv2VHGfWsZ2hfkhKAfr8\/pdxWKx4wwD69PmVfNSOL+lr2w+gYqHpWDtXt1xQ8AMlWU0e1lqLd\/APRHoP8AJqWrQG9gYxcPMsvSJUvAA4MDKTUJ7MZLaVy8v+qT21tcDx\/OemePr0RTkNrur4A6PP5xCgBsL+\/X4wiQDpuuVxOeL1eMYmYeDY6sOp0z+B0OuHxeEQhxkJMFosJiSO\/UinOI\/8Pc+l7KKArAT8AAAAASUVORK5CYII=\" alt=\"Pin It\"\/><\/a><img loading=\"lazy\" decoding=\"async\" alt=\"The 90s\" class=\"img\" data-aspect-ratio=\"1.50\" data-aspect-ratio-type=\"landscape\" data-delay-load=\"immediate\" data-max-height=\"1999\" data-max-width=\"3000\" data-maxdevicepixelratio=\"3\" data-responsive-widths=\"200,320,355,480,640,786,900,1050,1280,1400,1600,2000,2400\" height=\"1999\"  src=\"https:\/\/www.europesays.com\/ie\/wp-content\/uploads\/2026\/01\/1434009.jpg\"  style=\"--img-max-width:3000px;--img-width:2400px;\" width=\"3000\"\/>Juergen Teller, Young Pink Kate, London, 1998\u00a9 Juergen Teller, All rights Reserved<\/p>\n<p>Another sure-fire hit from Tate will come at their other Thames-side gallery this autumn. Curated by none other than <a href=\"https:\/\/www.dazeddigital.com\/edward-enninful\" rel=\"nofollow noopener\" target=\"_blank\">Edward Enninful<\/a>, it will travel not too far back to the heady days of 90s Britain, a decade\u00a0of excitement, possibility and chaos.\u00a0It saw the rise of multiculturalism, new media and, of course, <a href=\"https:\/\/www.dazeddigital.com\/kate-moss\" rel=\"nofollow noopener\" target=\"_blank\">Kate Moss<\/a>, the \u201ccocky kid from Croydon\u201d, whose ascent into the high fashion world coincided with the phenomenon of \u201cCool Britannia\u201d, as she walked runways for British names such as <a href=\"https:\/\/www.dazeddigital.com\/vivienne-westwood\" rel=\"nofollow noopener\" target=\"_blank\">Vivienne Westwood<\/a> and <a href=\"https:\/\/www.dazeddigital.com\/alexander-mcqueen\" rel=\"nofollow noopener\" target=\"_blank\">Alexander McQueen<\/a>. Excitingly, the collections of these designers will be exhibited alongside work by <a href=\"https:\/\/www.dazeddigital.com\/juergen-teller\" rel=\"nofollow noopener\" target=\"_blank\">Juergen Teller<\/a> and <a href=\"https:\/\/www.dazeddigital.com\/corinne-day\" rel=\"nofollow noopener\" target=\"_blank\">Corrine Day<\/a>, <a href=\"https:\/\/www.dazeddigital.com\/damien-hirst\" rel=\"nofollow noopener\" target=\"_blank\">Damien Hirst<\/a> and <a href=\"https:\/\/www.dazeddigital.com\/gillian-wearing\" rel=\"nofollow noopener\" target=\"_blank\">Gillian Wearing<\/a>. Brace yourself for a big fat dose of nostalgia.<\/p>\n<p><a href=\"https:\/\/www.tate.org.uk\/whats-on\/tate-britain\/the-90s\" rel=\"nofollow noopener\" target=\"_blank\">The 90s<\/a> runs at Tate Britain, London, from October 1 2026 until February 14 2027.<\/p>\n<p><a href=\"https:\/\/www.pinterest.com\/pin\/create\/button\/?url=https:\/\/www.dazeddigital.com\/art-photography\/article\/69376\/1\/photography-shows-2026-guide-exhibitions-london-denmark-new-york&amp;media=https:\/\/images-prod.dazeddigital.com\/1000\/azure\/dazed-prod\/1430\/4\/1434035.JPG&amp;description=Marcel Imsand, Untitled\" data-pin-do=\"buttonPin\" data-pin-config=\"none\" data-social-share-source=\"Pinit\" target=\"_blank\" rel=\"nofollow noopener\"><img decoding=\"async\" src=\"data:image\/png;base64,iVBORw0KGgoAAAANSUhEUgAAACgAAAAUCAYAAAD\/Rn+7AAADU0lEQVR42s2WXUhTYRjHz0VEVPRFUGmtVEaFUZFhHxBhsotCU5JwBWEf1EWEEVHQx4UfFWYkFa2biPJiXbUta33OXFtuUXMzJ4bK3Nqay7m5NeZq6h\/tPQ+xU20zugjOxR\/+7\/O8539+5znnwMtNTExwJtMb3L\/fiLv3botCSmUjeCaejTOb39AiFothfHxcFIrHY8RksZjBsckJcOIRMfFsHD\/SsbExUYpnI8DR0dGUGjSb0byhEJp5Uqg5CTSzc2CQleJbMEj9\/ywBcGRkJEk9DQqouEVQT1sK444yWI9UonmTjGqauVLEIlHa9x8lAMbj8SSpp0rwKGMVvg8P46vbg0C7na8z8JsMcgHe7jlEa+edRhiLy8n\/TUMfu6EvLElk+U0WtGwrTrdfAGQf5J8iiK4LVzDU28t8JtMSocf8E+l68myaNFXm\/6rXslLK7ay5TOunuRvZWpJuvwAYjUaTpOIWoquuAZ219RTaxKYp9BbjycoN5FvL9qH9TBX5rvoGdJythvXYSTxdtRnWylO\/ZdqrLsGwszzhWQ593z2KlAwCYCQSSZJ6ehZ0W7bD9VBLgN0NCqr3qR7R2rBrL3pu3Sb\/7nDlz2uy6cG0OXk0GTbZXzNp8trsPAQdTj6frlWzN2DcXZGKQQAMh8NJ6rpyHe+PnkCr\/CAFdZyvpfpjuvkifLF9wIt1Wwlo0OHie1RvWrKa93RjzfzliTzPKz3ltB0\/Tevmwp14wGUgHAzSOoUEwFAolFaaBSuhnslPRkJexUJtZ6v5HtUeLswl33n1BgEY5fvhs9sJ3FAiT+QYyyvoAQJuD0KBAFRTJNAuz5\/s3gJgMBhMJwrVFRThM5tY5zUF\/A4X1f2fvQTRLCuBreoim0YmAbqNJryvPEXeeq46kaNdkQ\/1HCncbJKPs9ZSv2VHGfWsZ2hfkhKAfr8\/pdxWKx4wwD69PmVfNSOL+lr2w+gYqHpWDtXt1xQ8AMlWU0e1lqLd\/APRHoP8AJqWrQG9gYxcPMsvSJUvAA4MDKTUJ7MZLaVy8v+qT21tcDx\/OemePr0RTkNrur4A6PP5xCgBsL+\/X4wiQDpuuVxOeL1eMYmYeDY6sOp0z+B0OuHxeEQhxkJMFosJiSO\/UinOI\/8Pc+l7KKArAT8AAAAASUVORK5CYII=\" alt=\"Pin It\"\/><\/a><img loading=\"lazy\" decoding=\"async\" alt=\"Marcel Imsand\" class=\"img\" data-aspect-ratio=\"1.50\" data-aspect-ratio-type=\"landscape\" data-delay-load=\"immediate\" data-max-height=\"1064\" data-max-width=\"1600\" data-maxdevicepixelratio=\"3\" data-responsive-widths=\"200,320,355,480,640,786,900,1050,1280,1400,1600\" height=\"1064\"  src=\"https:\/\/www.europesays.com\/ie\/wp-content\/uploads\/2026\/01\/1434035.JPG\"  style=\"--img-max-width:1600px;--img-width:1600px;\" width=\"1600\"\/>Marcel Imsand, Untitled\u00a9 Marcel Imsand. Courtesy of Photo \u00c9lys\u00e9e<\/p>\n<p>This winter, the Swiss museum Photo \u00c9lys\u00e9e will transform into a zoo of sorts, telling a 200-year story of animals in photography. Featuring dogs, cats, cows, horses, zebras, birds, lions, monkeys and many, many more in a mix of imagery that ranges from the amateur to iconic, the scientific to artistic, it\u2019s bound to offer a much-needed alternative to the tiny screens we so often consume animals through today. Expect more awe than aww.<\/p>\n<p>Animal Model runs at Photo \u00c9lys\u00e9e, Lausanne from December 4 2026 until April 4 2027.<\/p>\n","protected":false},"excerpt":{"rendered":"One of the best ways to fight off the January blues is to start plotting \u201cshows to see\u201d&hellip;\n","protected":false},"author":2,"featured_media":276244,"comment_status":"","ping_status":"","sticky":false,"template":"","format":"standard","meta":{"footnotes":""},"categories":[267],"tags":[595,365,362,363,364,601,600,602,603,604,605,606,366,18,117,596,597,598,599,19,17,337],"class_list":{"0":"post-276243","1":"post","2":"type-post","3":"status-publish","4":"format-standard","5":"has-post-thumbnail","7":"category-arts-and-design","8":"tag-art","9":"tag-arts","10":"tag-arts-and-design","11":"tag-artsanddesign","12":"tag-artsdesign","13":"tag-dazed","14":"tag-dazed-confused","15":"tag-dazed-confused-magazine","16":"tag-dazed-and-confused","17":"tag-dazed-and-confused-magazine","18":"tag-dazedconfused","19":"tag-dazeddigital","20":"tag-design","21":"tag-eire","22":"tag-entertainment","23":"tag-fashion","24":"tag-film","25":"tag-ideas","26":"tag-ideas-sharing-network","27":"tag-ie","28":"tag-ireland","29":"tag-music"},"share_on_mastodon":{"url":"","error":""},"_links":{"self":[{"href":"https:\/\/www.europesays.com\/ie\/wp-json\/wp\/v2\/posts\/276243","targetHints":{"allow":["GET"]}}],"collection":[{"href":"https:\/\/www.europesays.com\/ie\/wp-json\/wp\/v2\/posts"}],"about":[{"href":"https:\/\/www.europesays.com\/ie\/wp-json\/wp\/v2\/types\/post"}],"author":[{"embeddable":true,"href":"https:\/\/www.europesays.com\/ie\/wp-json\/wp\/v2\/users\/2"}],"replies":[{"embeddable":true,"href":"https:\/\/www.europesays.com\/ie\/wp-json\/wp\/v2\/comments?post=276243"}],"version-history":[{"count":0,"href":"https:\/\/www.europesays.com\/ie\/wp-json\/wp\/v2\/posts\/276243\/revisions"}],"wp:featuredmedia":[{"embeddable":true,"href":"https:\/\/www.europesays.com\/ie\/wp-json\/wp\/v2\/media\/276244"}],"wp:attachment":[{"href":"https:\/\/www.europesays.com\/ie\/wp-json\/wp\/v2\/media?parent=276243"}],"wp:term":[{"taxonomy":"category","embeddable":true,"href":"https:\/\/www.europesays.com\/ie\/wp-json\/wp\/v2\/categories?post=276243"},{"taxonomy":"post_tag","embeddable":true,"href":"https:\/\/www.europesays.com\/ie\/wp-json\/wp\/v2\/tags?post=276243"}],"curies":[{"name":"wp","href":"https:\/\/api.w.org\/{rel}","templated":true}]}}