{"id":276404,"date":"2026-01-09T19:18:07","date_gmt":"2026-01-09T19:18:07","guid":{"rendered":"https:\/\/www.europesays.com\/ie\/276404\/"},"modified":"2026-01-09T19:18:07","modified_gmt":"2026-01-09T19:18:07","slug":"cork-airport-loses-rome-and-polish-routes-as-ryanair-shifts-capacity","status":"publish","type":"post","link":"https:\/\/www.europesays.com\/ie\/276404\/","title":{"rendered":"Cork Airport loses Rome and Polish routes as Ryanair shifts capacity"},"content":{"rendered":"<p>Ryanair will remove three popular routes from Cork Airport in 2026 after relocating one of its four aircraft to another airport.<\/p>\n<p>The budget airline will stop flying from Cork to the Polish cities of Gda\u0144sk and Pozna\u0144, as well as to Rome, Cork Airport has confirmed. Flights to Pozna\u0144 will end on March 26, with services to Gda\u0144sk and Rome ceasing on March 28.<\/p>\n<p class=\"\">Last July, Ryanair announced plans to move one aircraft from Cork to Shannon, citing lower fees at the mid-west airport. As a result, Cork Airport now has three Ryanair aircraft based there, while Shannon has four.<\/p>\n<p class=\"\">At the time, the airline also unveiled three new Shannon routes for its winter schedule \u2014 Madrid, Madeira, and Lapland \u2014 saying the additions would boost passenger numbers by about 20%.<\/p>\n<p class=\"\">In a statement to the  Irish Examiner, a Ryanair spokesperson said the decision to cut the Cork routes was due to \u201clower-cost options elsewhere across the network.\u201d<\/p>\n<p class=\"\">Cork Airport is operated by the Dublin Airport Authority (DAA), while the Shannon Airport Group operates Shannon Airport.<\/p>\n<p class=\"\">Ryanair has repeatedly called on the DAA to reduce airport charges. Ryanair chief commercial officer Jason McGuinness previously told the  Irish Examiner: &#8220;We allocate capacity wherever costs are best and where we can get the best long-term deals.\u00a0<\/p>\n<p class=\"\">&#8220;If the DAA want to come up with something better in terms of its cost base for Cork, we\u2019re very happy to talk to them.\u201d<\/p>\n<p class=\"\">In a statement, Cork Airport communications manager Barry Holland said: &#8220;In a fast\u2011moving aviation industry, airlines regularly adjust their schedules to meet demand to optimise their aircraft fleet.\u00a0<\/p>\n<p class=\"\">&#8220;Cork Airport continues to perform strongly, with record passenger numbers and sustained growth. Looking ahead to 2026, we\u2019ve already announced three new routes for this summer, including Nice, Santiago de Compostela, and Antalya, building on the new services added in 2025.\u00a0<\/p>\n<p class=\"\">&#8220;As part of Ryanair\u2019s wider schedule changes, Gda\u0144sk, Pozna\u0144 and Rome won\u2019t feature in Cork Airport\u2019s summer 2026 programme. However, we remain confident in the continued expansion of our route network and the strong demand from passengers across the south of Ireland.&#8221;<\/p>\n<p class=\"\">Cork Airport recorded its busiest year on record in 2025, handling 3.46m passengers over the 12 months \u2014 a 13% increase and its third consecutive year of double-digit growth.<\/p>\n<p class=\"\">Passenger numbers at Shannon have also surged, with 2025 expected to be another record year following the addition of a fourth Ryanair aircraft. Shannon handled 2.1m passengers in 2024.<\/p>\n","protected":false},"excerpt":{"rendered":"Ryanair will remove three popular routes from Cork Airport in 2026 after relocating one of its four aircraft&hellip;\n","protected":false},"author":2,"featured_media":276405,"comment_status":"","ping_status":"","sticky":false,"template":"","format":"standard","meta":{"footnotes":""},"categories":[73],"tags":[2736,781,4488,79,36563,18,19,17],"class_list":{"0":"post-276404","1":"post","2":"type-post","3":"status-publish","4":"format-standard","5":"has-post-thumbnail","7":"category-business","8":"tag-cork-business","9":"tag-cork-news","10":"tag-irish-examiner-instagram","11":"tag-business","12":"tag-cork-airport","13":"tag-eire","14":"tag-ie","15":"tag-ireland"},"share_on_mastodon":{"url":"https:\/\/pubeurope.com\/@ie\/115866757009293105","error":""},"_links":{"self":[{"href":"https:\/\/www.europesays.com\/ie\/wp-json\/wp\/v2\/posts\/276404","targetHints":{"allow":["GET"]}}],"collection":[{"href":"https:\/\/www.europesays.com\/ie\/wp-json\/wp\/v2\/posts"}],"about":[{"href":"https:\/\/www.europesays.com\/ie\/wp-json\/wp\/v2\/types\/post"}],"author":[{"embeddable":true,"href":"https:\/\/www.europesays.com\/ie\/wp-json\/wp\/v2\/users\/2"}],"replies":[{"embeddable":true,"href":"https:\/\/www.europesays.com\/ie\/wp-json\/wp\/v2\/comments?post=276404"}],"version-history":[{"count":0,"href":"https:\/\/www.europesays.com\/ie\/wp-json\/wp\/v2\/posts\/276404\/revisions"}],"wp:featuredmedia":[{"embeddable":true,"href":"https:\/\/www.europesays.com\/ie\/wp-json\/wp\/v2\/media\/276405"}],"wp:attachment":[{"href":"https:\/\/www.europesays.com\/ie\/wp-json\/wp\/v2\/media?parent=276404"}],"wp:term":[{"taxonomy":"category","embeddable":true,"href":"https:\/\/www.europesays.com\/ie\/wp-json\/wp\/v2\/categories?post=276404"},{"taxonomy":"post_tag","embeddable":true,"href":"https:\/\/www.europesays.com\/ie\/wp-json\/wp\/v2\/tags?post=276404"}],"curies":[{"name":"wp","href":"https:\/\/api.w.org\/{rel}","templated":true}]}}