{"id":276795,"date":"2026-01-10T00:05:15","date_gmt":"2026-01-10T00:05:15","guid":{"rendered":"https:\/\/www.europesays.com\/ie\/276795\/"},"modified":"2026-01-10T00:05:15","modified_gmt":"2026-01-10T00:05:15","slug":"late-late-show-trad-special-to-feature-peggy-seeger-and-ricky-tomlinson","status":"publish","type":"post","link":"https:\/\/www.europesays.com\/ie\/276795\/","title":{"rendered":"Late Late Show trad special to feature Peggy Seeger and Ricky Tomlinson"},"content":{"rendered":"<p><img decoding=\"async\" alt=\"'Late Late Show' host Patrick Kielty. Photo: Andres Poveda\" src=\"https:\/\/www.europesays.com\/ie\/wp-content\/uploads\/2026\/01\/982d4a63-125d-4058-91c0-c51c714c32e6.jpg\" loading=\"eager\" width=\"100%\" data-testid=\"article-image\"  \/><\/p>\n<p class=\"indo-ebe0ecc6_root indo-ebe0ecc6_caption1 indo-300db776_none indo-91174671_secondary indo-66f0fec7_regular indo-1d70522a_marginbottom0 indo-1d70522a_marginleft0 indo-1d70522a_marginright0 indo-1d70522a_margintop3 indo-b48c4984_left\" style=\"color:var(--color-grey-60)\">&#8216;Late Late Show&#8217; host Patrick Kielty. Photo: Andres Poveda<\/p>\n<p class=\"indo-ebe0ecc6_root indo-ebe0ecc6_paragraph indo-300db776_none indo-91174671_primary indo-1d70522a_marginbottom0 indo-1d70522a_margintop0 indo-b48c4984_inherit\" style=\"color:var(--color-primary-80)\">Folk singer Peggy Seeger and actor Ricky Tomlinson will be among the guests on The Late Late Show Irish traditional music special.<\/p>\n<p class=\"indo-ebe0ecc6_root indo-ebe0ecc6_paragraph indo-300db776_none indo-91174671_primary indo-1d70522a_marginbottom5 indo-1d70522a_margintop0 indo-b48c4984_inherit\" style=\"color:var(--color-primary-80)\">Viewers have been promised the \u201cseisi\u00fan of all seis\u00eduns\u201d, with the show set to feature a number of the greatest trad musicians from Ireland and around the world, including many of those who performed at Trad Fest 2025.<\/p>\n<p class=\"indo-ebe0ecc6_root indo-ebe0ecc6_paragraph indo-300db776_none indo-91174671_primary indo-1d70522a_marginbottom5 indo-1d70522a_margintop0 indo-b48c4984_inherit\" style=\"color:var(--color-primary-80)\">Seeger, aged 90, still performs and releases music. She will join Patrick Kielty to look back on seven decades in the music industry, and will also pay tribute to her late husband Ewan MacColl with a performance of The First Time Ever I Saw Your Face, a song he wrote for her.<\/p>\n<p class=\"indo-ebe0ecc6_root indo-ebe0ecc6_paragraph indo-300db776_none indo-91174671_primary indo-1d70522a_marginbottom5 indo-1d70522a_margintop0 indo-b48c4984_inherit\" style=\"color:var(--color-primary-80)\">There will also be a special group performance of another classic Ewan MacColl tune in Dirty Old Town.<\/p>\n<p class=\"indo-ebe0ecc6_root indo-ebe0ecc6_paragraph indo-300db776_none indo-91174671_primary indo-1d70522a_marginbottom5 indo-1d70522a_margintop0 indo-b48c4984_inherit\" style=\"color:var(--color-primary-80)\">Tomlinson, known for his role in the British comedy The Royle Family, will discuss his passion for singing and playing the banjo, his connection to Ireland and the joy he finds in performing. In the spirit of the trad special, he will also be playing a tune of his own.<\/p>\n<p class=\"indo-ebe0ecc6_root indo-ebe0ecc6_paragraph indo-300db776_none indo-91174671_primary indo-1d70522a_marginbottom5 indo-1d70522a_margintop0 indo-b48c4984_inherit\" style=\"color:var(--color-primary-80)\">Lisa Canny, a founding member of all-female trad supergroup Biird, will tell Kielty about an \u201cincredible year\u201d for the band. The group launched their debut Irish tour, performed at All Together Now, the Fleadh and the 3Arena, and also toured with Ed Sheeran.<\/p>\n<p class=\"indo-ebe0ecc6_root indo-ebe0ecc6_paragraph indo-300db776_none indo-91174671_primary indo-1d70522a_marginbottom5 indo-1d70522a_margintop0 indo-b48c4984_inherit\" style=\"color:var(--color-primary-80)\">Canny will also look ahead to 2026, with more milestones ahead for both her and the band.<\/p>\n<p class=\"indo-ebe0ecc6_root indo-ebe0ecc6_paragraph indo-300db776_none indo-91174671_primary indo-1d70522a_marginbottom5 indo-1d70522a_margintop0 indo-b48c4984_inherit\" style=\"color:var(--color-primary-80)\">In between musical performances, Kielty will speak with a number of other musicians including Kevin Conneff of The Chieftains, D\u00f3nal Lunny, Fiachna \u00d3 Braon\u00e1in and Zo\u00eb Conway.<\/p>\n<p class=\"indo-ebe0ecc6_root indo-ebe0ecc6_paragraph indo-300db776_none indo-91174671_primary indo-1d70522a_marginbottom5 indo-1d70522a_margintop0 indo-b48c4984_inherit\" style=\"color:var(--color-primary-80)\">The Late Late Show trad special will also serve as a preview of the upcoming Trad Fest, running across Dublin from January 21 to 25.<\/p>\n<p class=\"indo-ebe0ecc6_root indo-ebe0ecc6_paragraph indo-300db776_none indo-91174671_primary indo-1d70522a_marginbottom5 indo-1d70522a_margintop0 indo-b48c4984_inherit\" style=\"color:var(--color-primary-80)\">In a first for the show, one musician will be inducted into the Late Late Show trad music hall of fame.<\/p>\n","protected":false},"excerpt":{"rendered":"&#8216;Late Late Show&#8217; host Patrick Kielty. Photo: Andres Poveda Folk singer Peggy Seeger and actor Ricky Tomlinson will&hellip;\n","protected":false},"author":2,"featured_media":276796,"comment_status":"","ping_status":"","sticky":false,"template":"","format":"standard","meta":{"footnotes":""},"categories":[75],"tags":[8335,18,117,19,17,3409,1181,30168],"class_list":{"0":"post-276795","1":"post","2":"type-post","3":"status-publish","4":"format-standard","5":"has-post-thumbnail","7":"category-entertainment","8":"tag-darragh-nolan","9":"tag-eire","10":"tag-entertainment","11":"tag-ie","12":"tag-ireland","13":"tag-patrick-kielty","14":"tag-rte","15":"tag-the-late-late-show"},"share_on_mastodon":{"url":"https:\/\/pubeurope.com\/@ie\/115867885558543499","error":""},"_links":{"self":[{"href":"https:\/\/www.europesays.com\/ie\/wp-json\/wp\/v2\/posts\/276795","targetHints":{"allow":["GET"]}}],"collection":[{"href":"https:\/\/www.europesays.com\/ie\/wp-json\/wp\/v2\/posts"}],"about":[{"href":"https:\/\/www.europesays.com\/ie\/wp-json\/wp\/v2\/types\/post"}],"author":[{"embeddable":true,"href":"https:\/\/www.europesays.com\/ie\/wp-json\/wp\/v2\/users\/2"}],"replies":[{"embeddable":true,"href":"https:\/\/www.europesays.com\/ie\/wp-json\/wp\/v2\/comments?post=276795"}],"version-history":[{"count":0,"href":"https:\/\/www.europesays.com\/ie\/wp-json\/wp\/v2\/posts\/276795\/revisions"}],"wp:featuredmedia":[{"embeddable":true,"href":"https:\/\/www.europesays.com\/ie\/wp-json\/wp\/v2\/media\/276796"}],"wp:attachment":[{"href":"https:\/\/www.europesays.com\/ie\/wp-json\/wp\/v2\/media?parent=276795"}],"wp:term":[{"taxonomy":"category","embeddable":true,"href":"https:\/\/www.europesays.com\/ie\/wp-json\/wp\/v2\/categories?post=276795"},{"taxonomy":"post_tag","embeddable":true,"href":"https:\/\/www.europesays.com\/ie\/wp-json\/wp\/v2\/tags?post=276795"}],"curies":[{"name":"wp","href":"https:\/\/api.w.org\/{rel}","templated":true}]}}