{"id":278413,"date":"2026-01-10T22:56:22","date_gmt":"2026-01-10T22:56:22","guid":{"rendered":"https:\/\/www.europesays.com\/ie\/278413\/"},"modified":"2026-01-10T22:56:22","modified_gmt":"2026-01-10T22:56:22","slug":"its-a-slap-in-the-face-blanchardstown-centre-parking-charges-row-rumbles-on","status":"publish","type":"post","link":"https:\/\/www.europesays.com\/ie\/278413\/","title":{"rendered":"&#8216;It&#8217;s a slap in the face&#8217; &#8211; Blanchardstown Centre parking charges row rumbles on"},"content":{"rendered":"<p>Plans to introduce paid parking at the shopping centre in 2027 have sparked outrage in the local community, resulting in objections being made to An Coimi\u00fas\u00edn Plean\u00e1la<img decoding=\"async\" src=\"https:\/\/www.europesays.com\/ie\/wp-content\/uploads\/2026\/01\/0_BlanchardstownCentre_BlueMall_CGI_.jpg\" alt=\"The planned Blue Mall development at Blanchardstown Centre\" loading=\"eager\"  \/><\/p>\n<p aria-label=\"The planned Blue Mall development at Blanchardstown Centre\" class=\"ImageCaption_caption-title__ccyQU\" data-testid=\"caption-title\">The planned Blue Mall development at Blanchardstown Centre(Image: Blanchardstown Centre)<\/p>\n<p class=\"Paragraph_paragraph-text__PVKlh \" data-tmdatatrack=\"content-unit\" data-tmdatatrack-type=\"paragraph\">Locals have said Blanchardstown Centre&#8217;s plans to introduce paid parking next year are a &#8220;slap in the face&#8221; to the community.<\/p>\n<p class=\"Paragraph_paragraph-text__PVKlh \" data-tmdatatrack=\"content-unit\" data-tmdatatrack-type=\"paragraph\">The west Dublin shopping centre received the greenlight from<a class=\"TextLink_text-link__dBSS0 TextLink_enabled__dJF3l\" href=\"https:\/\/www.dublinlive.ie\/all-about\/fingal-county-council\" target=\"_self\" aria-label=\"\" rel=\"follow nofollow noopener\" tabindex=\"0\"> Fingal County Council<\/a> late last year for a <a class=\"TextLink_text-link__dBSS0 TextLink_enabled__dJF3l\" href=\"https:\/\/www.dublinlive.ie\/news\/dublin-news\/local-outrage-blanchardstown-centre-seeks-32776225\" target=\"_self\" aria-label=\"\" rel=\"follow nofollow noopener\" tabindex=\"0\">range of projects, including the implementation of barrier controlled parking<\/a> which will result in paid parking. According to the shopping centre, they are seeking to invest &#8220;up to \u20ac60m&#8221; in the plans, which will also include the development of the new Blue Mall with new food and beverage facilities.<\/p>\n<p class=\"Paragraph_paragraph-text__PVKlh \" data-tmdatatrack=\"content-unit\" data-tmdatatrack-type=\"paragraph\">The shopping centre said that further details on the price of paid parking, due to start in 2027, will be &#8220;shared in due course&#8221;. It is intended that works will begin this year.<\/p>\n<p class=\"Paragraph_paragraph-text__PVKlh \" data-tmdatatrack=\"content-unit\" data-tmdatatrack-type=\"paragraph\">The plans sparked significant opposition from the local community which resulted in protests leading up to <a class=\"TextLink_text-link__dBSS0 TextLink_enabled__dJF3l\" href=\"https:\/\/www.dublinlive.ie\/all-about\/christmas\" target=\"\" aria-label=\"\" rel=\"follow nofollow noopener\" tabindex=\"0\">Christmas<\/a>. Almost 10,000 people have also signed an online petition against it.<\/p>\n<p class=\"Paragraph_paragraph-text__PVKlh \" data-tmdatatrack=\"content-unit\" data-tmdatatrack-type=\"paragraph\">Following the greenlight from Fingal County Council, three separate appeals have been launched opposing the scheme to An Coimi\u00fas\u00edn Plean\u00e1la. The public can make observations on the plans to An Coimi\u00fas\u00edn Plean\u00e1la until Friday, January 16th.<\/p>\n<p class=\"Paragraph_paragraph-text__PVKlh \" data-tmdatatrack=\"content-unit\" data-tmdatatrack-type=\"paragraph\">Blanchardstown local Luke Daly, who created the online petition and has appealed An Coimi\u00fas\u00edn Plean\u00e1la, fears the plans will &#8220;drastically increase traffic congestion and reduce air-quality&#8221; as well as &#8220;erode accessibility for elderly, disabled users, retail workers, young people wishing to use the library and chapel users&#8221;.<\/p>\n<p class=\"Paragraph_paragraph-text__PVKlh \" data-tmdatatrack=\"content-unit\" data-tmdatatrack-type=\"paragraph\">Speaking to Dublin Live today, Mr Daly said it was &#8220;great&#8221; to see significant protest activity against the planned charges leading up to Christmas.<\/p>\n<p class=\"Paragraph_paragraph-text__PVKlh \" data-tmdatatrack=\"content-unit\" data-tmdatatrack-type=\"paragraph\">&#8220;A lot of people chose not to go to the shopping centre as a result of it even during the busiest weekend of the year because they knew this was going on and they wanted to lend their support to the community.<\/p>\n<p class=\"Paragraph_paragraph-text__PVKlh \" data-tmdatatrack=\"content-unit\" data-tmdatatrack-type=\"paragraph\">&#8220;All the people I&#8217;ve talked to in the community, we&#8217;re all a bit shocked by (the plans) to be honest.&#8221;<\/p>\n<p class=\"Paragraph_paragraph-text__PVKlh \" data-tmdatatrack=\"content-unit\" data-tmdatatrack-type=\"paragraph\">Mr Daly added: &#8220;We put in one of the first planning objections against it and our point is this is going to impact people. We can&#8217;t allow the people who it&#8217;s going to affect the most to fall through the cracks. There has to be leeway, there has to be genuine consultation about it.&#8221;<\/p>\n<p class=\"Paragraph_paragraph-text__PVKlh \" data-tmdatatrack=\"content-unit\" data-tmdatatrack-type=\"paragraph\">While staff will have a dedicated parking area and a &#8220;90-day grace period&#8221; when the scheme starts in 2027, the shopping centre confirmed they will still be charged for parking &#8220;at a reduced rate&#8221;. Mr Daly said: &#8220;It&#8217;s a slap in the face particularly to the working class communities who have kept that shopping centre going for 30 years.&#8221;<\/p>\n<p class=\"Paragraph_paragraph-text__PVKlh \" data-tmdatatrack=\"content-unit\" data-tmdatatrack-type=\"paragraph\">Mr Daly also disagreed with comparisons to Liffey Valley Shopping Centre, who also controversially introduced paid parking three years ago.<\/p>\n<p class=\"Paragraph_paragraph-text__PVKlh \" data-tmdatatrack=\"content-unit\" data-tmdatatrack-type=\"paragraph\">&#8220;We hear a lot &#8216;ah it happened in Liffey Valley and elsewhere&#8217;,&#8221; he said. &#8220;That&#8217;s a fair enough statement. However, Liffey Valley is a very different shopping centre to Blanchardstown.<\/p>\n<p class=\"Paragraph_paragraph-text__PVKlh \" data-tmdatatrack=\"content-unit\" data-tmdatatrack-type=\"paragraph\">&#8220;They&#8217;re designated completely separately. We have our shopping centre as our main town centre beside all of our public amenities. Our library and council offices are there.<\/p>\n<p class=\"Paragraph_paragraph-text__PVKlh \" data-tmdatatrack=\"content-unit\" data-tmdatatrack-type=\"paragraph\">&#8220;The usage of that facility is completely different from Liffey Valley. We need to keep it free from barriers.&#8221;<\/p>\n<p class=\"Paragraph_paragraph-text__PVKlh \" data-tmdatatrack=\"content-unit\" data-tmdatatrack-type=\"paragraph\">A spokesperson for Blanchardstown Centre told <a class=\"TextLink_text-link__dBSS0 TextLink_enabled__dJF3l\" href=\"https:\/\/www.dublinlive.ie\/all-about\/dublin\" target=\"\" aria-label=\"\" rel=\"follow nofollow noopener\" tabindex=\"0\">Dublin<\/a> Live: &#8220;Blanchardstown Centre has committed to significantly upgrading our customer experience, with up to \u20ac60m in investment at the Centre, including the development of the new 45,000 sq. ft Blue Mall which will provide additional food and beverage options for visitors.<\/p>\n<p class=\"Paragraph_paragraph-text__PVKlh \" data-tmdatatrack=\"content-unit\" data-tmdatatrack-type=\"paragraph\">&#8220;The investment also includes an upgrade of car parking, wayfinding and transport facilities at Blanchardstown Centre to improve mobility and access and reduce traffic congestion. It is intended that works to deliver these projects will begin this year, followed by the introduction of paid parking in 2027.<\/p>\n<p class=\"Paragraph_paragraph-text__PVKlh \" data-tmdatatrack=\"content-unit\" data-tmdatatrack-type=\"paragraph\">&#8220;We are carefully considering the impact on vulnerable customers, charity groups, and regular visitors, as well as loyalty programmes and discounts to encourage repeat visits. Further details on pricing will be shared in due course.<\/p>\n<p class=\"Paragraph_paragraph-text__PVKlh \" data-tmdatatrack=\"content-unit\" data-tmdatatrack-type=\"paragraph\">&#8220;There will be an increased number of accessible spaces, Parent &amp; Child and Age Friendly car park spaces. These will be conveniently located to ensure easier access to the Centre for these visitors.<\/p>\n<p class=\"Paragraph_paragraph-text__PVKlh \" data-tmdatatrack=\"content-unit\" data-tmdatatrack-type=\"paragraph\">&#8220;Our planning has given significant consideration to Blanchardstown Centre staff. With the implementation of paid parking, a dedicated staff parking area will be provided at the Centre for all Blanchardstown Centre staff, offered at a reduced rate. Furthermore, staff will benefit from a minimum 90-day grace period of free parking once paid parking commences in 2027.&#8221;<\/p>\n<p class=\"Paragraph_paragraph-text__PVKlh \" data-tmdatatrack=\"content-unit\" data-tmdatatrack-type=\"paragraph\"><strong class=\"Strong_strong__e2x35\">Join our Dublin Live breaking news service on WhatsApp. Click<\/strong> <a class=\"TextLink_text-link__dBSS0 TextLink_enabled__dJF3l\" href=\"https:\/\/chat.whatsapp.com\/DJTiyHweTeJHu5aLKRIiPc\" target=\"_blank\" aria-label=\"[object Object] Link opens in a new tab.\" rel=\"nofollow noopener\" tabindex=\"0\"><strong class=\"Strong_strong__e2x35\">this link<\/strong> <\/a><strong class=\"Strong_strong__e2x35\">to receive your daily dose of Dublin Live content.<\/strong><\/p>\n<p class=\"Paragraph_paragraph-text__PVKlh \" data-tmdatatrack=\"content-unit\" data-tmdatatrack-type=\"paragraph\"><strong class=\"Strong_strong__e2x35\">We also treat our community members to special offers, promotions, and adverts from us and our partners. If you don\u2019t like our community, you can check out any time you like. If you\u2019re curious, you can read our <a class=\"TextLink_text-link__dBSS0 TextLink_enabled__dJF3l\" href=\"https:\/\/www.reachplc.com\/site-services\/privacy-policy\" target=\"_blank\" aria-label=\"Privacy NoticeLink opens in a new tab.\" rel=\"nofollow noopener\" tabindex=\"0\">Privacy Notice<\/a>.<\/strong><\/p>\n<p class=\"Paragraph_paragraph-text__PVKlh \" data-tmdatatrack=\"content-unit\" data-tmdatatrack-type=\"paragraph\"><strong class=\"Strong_strong__e2x35\">For all the latest news from Dublin and surrounding areas <a class=\"TextLink_text-link__dBSS0 TextLink_enabled__dJF3l\" href=\"https:\/\/www.dublinlive.ie\/\" target=\"_blank\" aria-label=\"visit our homepageLink opens in a new tab.\" rel=\"follow nofollow noopener\" tabindex=\"0\">visit our homepage<\/a>.<\/strong><\/p>\n","protected":false},"excerpt":{"rendered":"Plans to introduce paid parking at the shopping centre in 2027 have sparked outrage in the local community,&hellip;\n","protected":false},"author":2,"featured_media":278414,"comment_status":"","ping_status":"","sticky":false,"template":"","format":"standard","meta":{"footnotes":""},"categories":[73],"tags":[105249,79,18,10410,19,17],"class_list":{"0":"post-278413","1":"post","2":"type-post","3":"status-publish","4":"format-standard","5":"has-post-thumbnail","7":"category-business","8":"tag-blanchardstown-centre","9":"tag-business","10":"tag-eire","11":"tag-fingal-county-council","12":"tag-ie","13":"tag-ireland"},"share_on_mastodon":{"url":"https:\/\/pubeurope.com\/@ie\/115873276459711129","error":""},"_links":{"self":[{"href":"https:\/\/www.europesays.com\/ie\/wp-json\/wp\/v2\/posts\/278413","targetHints":{"allow":["GET"]}}],"collection":[{"href":"https:\/\/www.europesays.com\/ie\/wp-json\/wp\/v2\/posts"}],"about":[{"href":"https:\/\/www.europesays.com\/ie\/wp-json\/wp\/v2\/types\/post"}],"author":[{"embeddable":true,"href":"https:\/\/www.europesays.com\/ie\/wp-json\/wp\/v2\/users\/2"}],"replies":[{"embeddable":true,"href":"https:\/\/www.europesays.com\/ie\/wp-json\/wp\/v2\/comments?post=278413"}],"version-history":[{"count":0,"href":"https:\/\/www.europesays.com\/ie\/wp-json\/wp\/v2\/posts\/278413\/revisions"}],"wp:featuredmedia":[{"embeddable":true,"href":"https:\/\/www.europesays.com\/ie\/wp-json\/wp\/v2\/media\/278414"}],"wp:attachment":[{"href":"https:\/\/www.europesays.com\/ie\/wp-json\/wp\/v2\/media?parent=278413"}],"wp:term":[{"taxonomy":"category","embeddable":true,"href":"https:\/\/www.europesays.com\/ie\/wp-json\/wp\/v2\/categories?post=278413"},{"taxonomy":"post_tag","embeddable":true,"href":"https:\/\/www.europesays.com\/ie\/wp-json\/wp\/v2\/tags?post=278413"}],"curies":[{"name":"wp","href":"https:\/\/api.w.org\/{rel}","templated":true}]}}