{"id":278655,"date":"2026-01-11T02:34:08","date_gmt":"2026-01-11T02:34:08","guid":{"rendered":"https:\/\/www.europesays.com\/ie\/278655\/"},"modified":"2026-01-11T02:34:08","modified_gmt":"2026-01-11T02:34:08","slug":"concern-grows-for-missing-man-who-has-not-been-seen-in-days","status":"publish","type":"post","link":"https:\/\/www.europesays.com\/ie\/278655\/","title":{"rendered":"Concern grows for missing man who has not been seen in days"},"content":{"rendered":"<p>Garda\u00ed and Marcin&#8217;s family are concerned for his well-being<img decoding=\"async\" src=\"https:\/\/www.europesays.com\/ie\/wp-content\/uploads\/2026\/01\/613045943_122182986914387604_7100864612725864143_n.jpg\" loading=\"eager\"  \/><\/p>\n<p aria-label=\"Marcin Suchowiecki. \" class=\"ImageCaption_caption-title__ccyQU\" data-testid=\"caption-title\">Marcin Suchowiecki. (Image: An Garda S\u00edoch\u00e1na)<\/p>\n<p class=\"Paragraph_paragraph-text__PVKlh \" data-tmdatatrack=\"content-unit\" data-tmdatatrack-type=\"paragraph\">Concern is growing for 28 year-old man who has been reported missing by his family.<\/p>\n<p class=\"Paragraph_paragraph-text__PVKlh \" data-tmdatatrack=\"content-unit\" data-tmdatatrack-type=\"paragraph\">Marcin Suchowiecki was reported missing from his home in Gracedieu, Waterford, since Saturday January 10, 2026.<\/p>\n<p class=\"Paragraph_paragraph-text__PVKlh \" data-tmdatatrack=\"content-unit\" data-tmdatatrack-type=\"paragraph\">Marcin is described as being approximately 6 foot in height and of a medium build. He has brown hair and blue eyes.<\/p>\n<p class=\"Paragraph_paragraph-text__PVKlh \" data-tmdatatrack=\"content-unit\" data-tmdatatrack-type=\"paragraph\">Marcin was last seen at his home at approximately 4:00pm on Tuesday, January 6 2026.<\/p>\n<p class=\"Paragraph_paragraph-text__PVKlh \" data-tmdatatrack=\"content-unit\" data-tmdatatrack-type=\"paragraph\">Garda\u00ed and his family are concerned for his well-being.<\/p>\n<p class=\"Paragraph_paragraph-text__PVKlh \" data-tmdatatrack=\"content-unit\" data-tmdatatrack-type=\"paragraph\">Anyone with information on Marcin\u2019s whereabouts is asked to contact Waterford Garda Station on 051 305 200, the Garda Confidential Line on 1800 666 111, or any Garda station.<\/p>\n<p class=\"Paragraph_paragraph-text__PVKlh \" data-tmdatatrack=\"content-unit\" data-tmdatatrack-type=\"paragraph\"><strong class=\"Strong_strong__e2x35\">Subscribe to our newsletter for the latest news from the Irish Mirror direct to your inbox: <\/strong><strong class=\"Strong_strong__e2x35\"><a class=\"TextLink_text-link__dBSS0 TextLink_enabled__dJF3l\" href=\"https:\/\/www.irishmirror.ie\/newsletter-preference-centre\/?view=Solus&amp;mailingListId=39e53cb8-b266-4e33-8d00-e9f7a38f420c&amp;utm_source=solusarticle\" target=\"_blank\" aria-label=\"Sign up hereLink opens in a new tab.\" rel=\"follow nofollow noopener\" tabindex=\"0\">Sign up here<\/a>.<\/strong><\/p>\n","protected":false},"excerpt":{"rendered":"Garda\u00ed and Marcin&#8217;s family are concerned for his well-being Marcin Suchowiecki. (Image: An Garda S\u00edoch\u00e1na) Concern is growing&hellip;\n","protected":false},"author":2,"featured_media":278656,"comment_status":"","ping_status":"","sticky":false,"template":"","format":"standard","meta":{"footnotes":""},"categories":[40],"tags":[9,10,18,13,14,6,19,17,11,12,15,16,30504,5,7,8],"class_list":{"0":"post-278655","1":"post","2":"type-post","3":"status-publish","4":"format-standard","5":"has-post-thumbnail","7":"category-ireland","8":"tag-breaking-news","9":"tag-breakingnews","10":"tag-eire","11":"tag-featured-news","12":"tag-featurednews","13":"tag-headlines","14":"tag-ie","15":"tag-ireland","16":"tag-latest-news","17":"tag-latestnews","18":"tag-main-news","19":"tag-mainnews","20":"tag-missing-persons","21":"tag-news","22":"tag-top-stories","23":"tag-topstories"},"share_on_mastodon":{"url":"https:\/\/pubeurope.com\/@ie\/115874133723402445","error":""},"_links":{"self":[{"href":"https:\/\/www.europesays.com\/ie\/wp-json\/wp\/v2\/posts\/278655","targetHints":{"allow":["GET"]}}],"collection":[{"href":"https:\/\/www.europesays.com\/ie\/wp-json\/wp\/v2\/posts"}],"about":[{"href":"https:\/\/www.europesays.com\/ie\/wp-json\/wp\/v2\/types\/post"}],"author":[{"embeddable":true,"href":"https:\/\/www.europesays.com\/ie\/wp-json\/wp\/v2\/users\/2"}],"replies":[{"embeddable":true,"href":"https:\/\/www.europesays.com\/ie\/wp-json\/wp\/v2\/comments?post=278655"}],"version-history":[{"count":0,"href":"https:\/\/www.europesays.com\/ie\/wp-json\/wp\/v2\/posts\/278655\/revisions"}],"wp:featuredmedia":[{"embeddable":true,"href":"https:\/\/www.europesays.com\/ie\/wp-json\/wp\/v2\/media\/278656"}],"wp:attachment":[{"href":"https:\/\/www.europesays.com\/ie\/wp-json\/wp\/v2\/media?parent=278655"}],"wp:term":[{"taxonomy":"category","embeddable":true,"href":"https:\/\/www.europesays.com\/ie\/wp-json\/wp\/v2\/categories?post=278655"},{"taxonomy":"post_tag","embeddable":true,"href":"https:\/\/www.europesays.com\/ie\/wp-json\/wp\/v2\/tags?post=278655"}],"curies":[{"name":"wp","href":"https:\/\/api.w.org\/{rel}","templated":true}]}}