{"id":282432,"date":"2026-01-13T18:45:15","date_gmt":"2026-01-13T18:45:15","guid":{"rendered":"https:\/\/www.europesays.com\/ie\/282432\/"},"modified":"2026-01-13T18:45:15","modified_gmt":"2026-01-13T18:45:15","slug":"labour-oversees-biggest-hiring-slump-since-the-pandemic-as-tax-and-regulation-stalls-growth","status":"publish","type":"post","link":"https:\/\/www.europesays.com\/ie\/282432\/","title":{"rendered":"Labour oversees biggest hiring slump since the pandemic as tax and regulation stalls growth"},"content":{"rendered":"<p>The UK is experiencing the lowest level of recruitment intention since the pandemic period of 2020, fresh employment figures show.<\/p>\n<p>Just 23 per cent of UK businesses plan to increase their workforce in the next three months, according to new data from the British Chambers of Commerce (BCC).<\/p>\n<p>It also represents a decline from the 25 per cent of firms that expected to grow staffing levels at the same point last year.<\/p>\n<p>The proportion of businesses planning to hire has not been this low since lockdown restrictions forced widespread closures across the retail and hospitality sectors.<\/p>\n<p>The BCC said the figures show employers are becoming increasingly cautious about taking on new staff.<\/p>\n<p>Rising costs are cited as a key factor behind the reluctance to expand payrolls.<\/p>\n<p>The organisation\u2019s quarterly business survey points to recent tax increases as a major contributor to the slowdown in recruitment.<\/p>\n<p>Business leaders have linked the trend directly to measures introduced by Chancellor Rachel Reeves.<\/p>\n<p>Jane Gratton, deputy director of public policy at the BCC, said employers are facing what she described as unsustainable cost pressures.<\/p>\n<p>She said: &#8220;As more firms struggle under the weight of rising cost pressures, we are beginning to see an adverse impact on the jobs market.<\/p>\n<p>&#8220;Fewer businesses are taking on new staff while others are having to let staff go.<\/p>\n<p><img loading=\"lazy\" decoding=\"async\" id=\"1ad4b\" data-rm-shortcode-id=\"c62781554ea9ce86fe4c623ca333eb92\" data-rm-shortcode-name=\"rebelmouse-image\" class=\"rm-shortcode rm-lazyloadable-image \" lazy-loadable=\"true\" src=\"data:image\/svg+xml,%3Csvg%20xmlns='http:\/\/www.w3.org\/2000\/svg'%20viewBox='0%200%201600%20900'%3E%3C\/svg%3E\" data-runner-src=\"https:\/\/www.europesays.com\/ie\/wp-content\/uploads\/2026\/01\/keir-starmer.jpg\" width=\"1600\" height=\"900\" alt=\"Keir Starmer\"\/><\/p>\n<p>Labour oversee the lowest level of recruitment intention since the pandemic period of 2020<\/p>\n<p> | <\/p>\n<p>GETTY<\/p>\n<p>&#8220;High taxes and rising wage bills present huge barriers to investment and growth.&#8221;<\/p>\n<p>The survey shows that 14 per cent of businesses are actively cutting staff numbers, matching the highest proportion recorded since 2020.<\/p>\n<p>Around two thirds of firms reported that they expect to keep staffing levels unchanged over the next quarter.<\/p>\n<p>The BCC said this reflects widespread caution across the private sector, with employers dealing with the impact of higher employer National Insurance contributions (NIC).<\/p>\n<p>The increase has come alongside successive rises in the minimum wage, which has led to business groups warning that the combined effect puts pressure on margins, particularly for labour-intensive sectors.<\/p>\n<p>The data suggests the slowdown in hiring is occurring against a weakening backdrop in the wider labour market.<\/p>\n<p><img loading=\"lazy\" decoding=\"async\" id=\"e44c9\" data-rm-shortcode-id=\"2fc7c8903dd1e5573fea091525668c48\" data-rm-shortcode-name=\"rebelmouse-image\" class=\"rm-shortcode rm-lazyloadable-image \" lazy-loadable=\"true\" src=\"data:image\/svg+xml,%3Csvg%20xmlns='http:\/\/www.w3.org\/2000\/svg'%20viewBox='0%200%203360%202357'%3E%3C\/svg%3E\" data-runner-src=\"https:\/\/www.europesays.com\/ie\/wp-content\/uploads\/2026\/01\/job-seekers-enter-job-centre.jpg\" width=\"3360\" height=\"2357\" alt=\"Job seekers enter job centre\"\/><\/p>\n<p>Investment in the workforce is also scaling back, which includes developing skills<\/p>\n<p> | Getty Images<\/p>\n<p>Office for National Statistics (ONS) figures show the unemployment rate has risen to 5.1 per cent &#8211; the highest level in four years.<\/p>\n<p>Economists at Soci\u00e9t\u00e9 G\u00e9n\u00e9rale have warned that unemployment could rise further, with the bank forecasting that the rate could reach 5.6 per cent by the end of the year.<\/p>\n<p>Payroll data indicates that overall employment has fallen since Labour entered Government, who have overseen a total of 187,000 jobs lost during their tenure.<\/p>\n<p>The retail and hospitality sectors have experienced the largest reductions in employment.<\/p>\n<p>The BCC survey also highlights concerns beyond headline job numbers, with over 20 per cent of firms said they are reducing investment in their workforce.<\/p>\n<p>This includes cuts to training and skills development budgets.<\/p>\n<p><img loading=\"lazy\" decoding=\"async\" id=\"94134\" data-rm-shortcode-id=\"a4cbc3475bf833f09316ef3e865ef5c2\" data-rm-shortcode-name=\"rebelmouse-image\" class=\"rm-shortcode rm-lazyloadable-image \" lazy-loadable=\"true\" src=\"data:image\/svg+xml,%3Csvg%20xmlns='http:\/\/www.w3.org\/2000\/svg'%20viewBox='0%200%201191%20928'%3E%3C\/svg%3E\" data-runner-src=\"https:\/\/www.europesays.com\/ie\/wp-content\/uploads\/2026\/01\/unemployment-rate-inherited-by-the-chancellor-and-its-constant-rise-since.jpg\" width=\"1191\" height=\"928\" alt=\"Unemployment rate inherited by the Chancellor, and its constant rise since\"\/><\/p>\n<p>The chart above demonstrates the unemployment rate under Rachel Reeves is now at 5.0 per cent<\/p>\n<p> | Brexit Facts4EU and CIBUK<\/p>\n<p>Businesses told the BCC they are trimming spending on staff development to offset higher costs elsewhere.<\/p>\n<p>The organisation said reduced training investment could have longer-term implications for productivity.<\/p>\n<p>A Government spokesperson said: &#8220;We are delivering stability, cutting borrowing and debt and getting inflation down.<\/p>\n<p>&#8220;That&#8217;s helped deliver six interest rate cuts since the election, the fastest pace of cuts in 17 years.&#8221;<\/p>\n<p>The Treasury said lower interest rates are benefiting firms with loans and supporting confidence to invest.<\/p>\n","protected":false},"excerpt":{"rendered":"The UK is experiencing the lowest level of recruitment intention since the pandemic period of 2020, fresh employment&hellip;\n","protected":false},"author":2,"featured_media":282433,"comment_status":"","ping_status":"","sticky":false,"template":"","format":"standard","meta":{"footnotes":""},"categories":[174],"tags":[79,179,18,19,17,9171,825,5,790,63657,4520,20565],"class_list":{"0":"post-282432","1":"post","2":"type-post","3":"status-publish","4":"format-standard","5":"has-post-thumbnail","7":"category-economy","8":"tag-business","9":"tag-economy","10":"tag-eire","11":"tag-ie","12":"tag-ireland","13":"tag-labour-party","14":"tag-money","15":"tag-news","16":"tag-politics","17":"tag-sgg","18":"tag-tax","19":"tag-uk-politics"},"share_on_mastodon":{"url":"https:\/\/pubeurope.com\/@ie\/115889276507873097","error":""},"_links":{"self":[{"href":"https:\/\/www.europesays.com\/ie\/wp-json\/wp\/v2\/posts\/282432","targetHints":{"allow":["GET"]}}],"collection":[{"href":"https:\/\/www.europesays.com\/ie\/wp-json\/wp\/v2\/posts"}],"about":[{"href":"https:\/\/www.europesays.com\/ie\/wp-json\/wp\/v2\/types\/post"}],"author":[{"embeddable":true,"href":"https:\/\/www.europesays.com\/ie\/wp-json\/wp\/v2\/users\/2"}],"replies":[{"embeddable":true,"href":"https:\/\/www.europesays.com\/ie\/wp-json\/wp\/v2\/comments?post=282432"}],"version-history":[{"count":0,"href":"https:\/\/www.europesays.com\/ie\/wp-json\/wp\/v2\/posts\/282432\/revisions"}],"wp:featuredmedia":[{"embeddable":true,"href":"https:\/\/www.europesays.com\/ie\/wp-json\/wp\/v2\/media\/282433"}],"wp:attachment":[{"href":"https:\/\/www.europesays.com\/ie\/wp-json\/wp\/v2\/media?parent=282432"}],"wp:term":[{"taxonomy":"category","embeddable":true,"href":"https:\/\/www.europesays.com\/ie\/wp-json\/wp\/v2\/categories?post=282432"},{"taxonomy":"post_tag","embeddable":true,"href":"https:\/\/www.europesays.com\/ie\/wp-json\/wp\/v2\/tags?post=282432"}],"curies":[{"name":"wp","href":"https:\/\/api.w.org\/{rel}","templated":true}]}}