{"id":283981,"date":"2026-01-14T14:05:07","date_gmt":"2026-01-14T14:05:07","guid":{"rendered":"https:\/\/www.europesays.com\/ie\/283981\/"},"modified":"2026-01-14T14:05:07","modified_gmt":"2026-01-14T14:05:07","slug":"funeral-arrangements-announced-for-sean-o-se-renowned-cork-teacher-and-singer","status":"publish","type":"post","link":"https:\/\/www.europesays.com\/ie\/283981\/","title":{"rendered":"Funeral arrangements announced for Se\u00e1n \u00d3 S\u00e9, renowned Cork teacher and singer"},"content":{"rendered":"<p class=\"\">Funeral arrangements have been announced for Se\u00e1n \u00d3 S\u00e9, Cork institution and one of the country\u2019s best-loved traditional Irish singers, who passed away on Tuesday, three days short of his 90th birthday.<\/p>\n<p class=\"\">Mr \u00d3 S\u00e9, affectionately as \u201cde Pucker\u201d thanks to the song \u2018An Poc Ar Buile\u2019, which he made famous in a 1962 hit single, finished his teaching career as principal of St Mary\u2019s on the Hill in Knocknaheeny.<\/p>\n<p class=\"\">In a tribute to his friend, Taoiseach Miche\u00e1l Martin said Mr \u00d3 S\u00e9 had been a kind and caring teacher \u201cwho always put his students first\u201d, and his version of \u2018De Banks\u2019 would forever be associated by generations of Corkonians with triumphant GAA homecomings.<\/p>\n<p class=\"\">Born in 1936 on Cork\u2019s South Terrace, Mr \u00d3 S\u00e9 spent his formative years in Ballylickey in West Cork, growing up in an all-Irish-speaking home.<\/p>\n<p class=\"\">A gifted tenor, he first came to prominence as a singer in the 1960s with Se\u00e1n \u00d3 Riada\u2019s group Ceolt\u00f3ir\u00ed Chualann, touring internationally with Comhaltas Ceolt\u00f3ir\u00ed \u00c9ireann, and he became synonymous with his interpretation of An Poc ar Buile.<\/p>\n<p class=\"\">The Lord Mayor of Cork, councillor Fergal Dennehy, said Mr \u00d3 S\u00e9\u2019s warmth, humour and devotion to tradition had helped to shape the cultural life of Cork and Ireland for generations.<\/p>\n<p class=\"\">\u201cWhile his voice may have fallen silent, his legacy will live on,\u201d he said.<\/p>\n<p class=\"\">Reposing at O\u2019Connor\u2019s funeral home, Wilton from 5pm to 6pm on Thursday, January 15. Requiem Mass in the Church of Our Lady of Lourdes, Ballinlough, at noon on Friday, with funeral afterwards to the Abbey Cemetery, Bantry, arriving at approximately 3pm.<\/p>\n<p class=\"\">Predeceased last year by his wife Eileen, Mr \u00d3 S\u00e9 is survived by their children \u00c1ine, Con and \u00cdde, sister Maureen, daughter-in-law Caitr\u00edona, grandchildren M\u00e9abh, Se\u00e1n and Ciara, extended family, and a wide circle of friends.<\/p>\n","protected":false},"excerpt":{"rendered":"Funeral arrangements have been announced for Se\u00e1n \u00d3 S\u00e9, Cork institution and one of the country\u2019s best-loved traditional&hellip;\n","protected":false},"author":2,"featured_media":283982,"comment_status":"","ping_status":"","sticky":false,"template":"","format":"standard","meta":{"footnotes":""},"categories":[75],"tags":[781,18,117,19,17],"class_list":{"0":"post-283981","1":"post","2":"type-post","3":"status-publish","4":"format-standard","5":"has-post-thumbnail","7":"category-entertainment","8":"tag-cork-news","9":"tag-eire","10":"tag-entertainment","11":"tag-ie","12":"tag-ireland"},"share_on_mastodon":{"url":"https:\/\/pubeurope.com\/@ie\/115893837873411145","error":""},"_links":{"self":[{"href":"https:\/\/www.europesays.com\/ie\/wp-json\/wp\/v2\/posts\/283981","targetHints":{"allow":["GET"]}}],"collection":[{"href":"https:\/\/www.europesays.com\/ie\/wp-json\/wp\/v2\/posts"}],"about":[{"href":"https:\/\/www.europesays.com\/ie\/wp-json\/wp\/v2\/types\/post"}],"author":[{"embeddable":true,"href":"https:\/\/www.europesays.com\/ie\/wp-json\/wp\/v2\/users\/2"}],"replies":[{"embeddable":true,"href":"https:\/\/www.europesays.com\/ie\/wp-json\/wp\/v2\/comments?post=283981"}],"version-history":[{"count":0,"href":"https:\/\/www.europesays.com\/ie\/wp-json\/wp\/v2\/posts\/283981\/revisions"}],"wp:featuredmedia":[{"embeddable":true,"href":"https:\/\/www.europesays.com\/ie\/wp-json\/wp\/v2\/media\/283982"}],"wp:attachment":[{"href":"https:\/\/www.europesays.com\/ie\/wp-json\/wp\/v2\/media?parent=283981"}],"wp:term":[{"taxonomy":"category","embeddable":true,"href":"https:\/\/www.europesays.com\/ie\/wp-json\/wp\/v2\/categories?post=283981"},{"taxonomy":"post_tag","embeddable":true,"href":"https:\/\/www.europesays.com\/ie\/wp-json\/wp\/v2\/tags?post=283981"}],"curies":[{"name":"wp","href":"https:\/\/api.w.org\/{rel}","templated":true}]}}