{"id":285084,"date":"2026-01-15T04:02:11","date_gmt":"2026-01-15T04:02:11","guid":{"rendered":"https:\/\/www.europesays.com\/ie\/285084\/"},"modified":"2026-01-15T04:02:11","modified_gmt":"2026-01-15T04:02:11","slug":"special-stamp-marks-100-years-of-irish-broadcasting","status":"publish","type":"post","link":"https:\/\/www.europesays.com\/ie\/285084\/","title":{"rendered":"Special stamp marks 100 years of Irish broadcasting"},"content":{"rendered":"<p>The first stamp of An Post&#8217;s 2026 Stamp Programme, marking 100 years of broadcasting has been unveiled at the GPO.<\/p>\n<p>An Post said the stamp which features an antenna surrounded by transmission signals &#8220;radiating across the nation&#8221;, celebrates a &#8220;historic milestone in Irish cultural life&#8221; and the evolution of broadcasting over the last century.<\/p>\n<p>The first radio station in the Irish Free State, 2RN, went on air on New Year\u2019s Day 1926. Television followed on New Year\u2019s Eve 1961 when Teilif\u00eds \u00c9ireann (later called RT\u00c9 Television) began broadcasting.<\/p>\n<p>An Post said that from its inception to its current role as the national public service media, RT\u00c9 has remained at the heart of the story of broadcasting in Ireland.<\/p>\n<p>&#8220;Today, RT\u00c9\u2019s video, audio, and digital services, alongside the RT\u00c9 Concert Orchestra, inform, engage and entertain a diverse global Irish community.<\/p>\n<p>&#8220;This centenary milestone is the story of the evolution of a nation as much as it is the story of public broadcasting on our island.&#8221;<\/p>\n<p>Minister for Culture, Communications and Sport, Patrick O\u2019Donovan, said: &#8220;When 2RN began broadcasting, this nation was only in its infancy in the first years of independence, and with limited resources, the State prioritised finding and sharing a new voice for the nation.<\/p>\n<p>&#8220;This established, here in Ireland, a medium which to this day remains one of the most accessible and engaging forms of communication and self-expression &#8211; which is as popular today as ever with the majority of people here in Ireland still listening to radio on a daily basis.&#8221;<\/p>\n<p>Tomorrow, RT\u00c9 will broadcast live from the GPO to mark the anniversary.<\/p>\n<p>Originally located in Little Denmark Street, 2RN moved into the GPO in 1928 and operated from there until 1976.<\/p>\n<p>The broadcast will feature RT\u00c9 2FM Breakfast with Carl, Roz and Aisling, Radio 1&#8217;s Today with David McCullagh, lyric fm\u2019s The Full Score, Raidi\u00f3 na Gaeltachta\u2019s T\u00fas \u00c1ite and Radio 1\u2019s Arena.<\/p>\n<p>RT\u00c9&#8217;s Director-General, Kevin Bakhurst said: &#8220;The recognition by An Post of 100 years of public broadcasting in Ireland and the special role public media continues to play in Ireland is so important, particularly at a time when we face much uncertainty and many challenges in the world.<\/p>\n<p>&#8220;Our organisations have a significant shared history with the first public radio broadcast by the fledgling new Irish state\u2019s on New Year\u2019s Day 1926 being overseen by the Department of Posts and Telegraphs, so the launch of a commemorative stamp by An Post is a great companion to our special RT\u00c9 radio broadcasts from the GPO tomorrow and our programme of broadcasts and events throughout this milestone year.&#8221;<\/p>\n","protected":false},"excerpt":{"rendered":"The first stamp of An Post&#8217;s 2026 Stamp Programme, marking 100 years of broadcasting has been unveiled at&hellip;\n","protected":false},"author":2,"featured_media":285085,"comment_status":"","ping_status":"","sticky":false,"template":"","format":"standard","meta":{"footnotes":""},"categories":[75],"tags":[18,117,19,17],"class_list":{"0":"post-285084","1":"post","2":"type-post","3":"status-publish","4":"format-standard","5":"has-post-thumbnail","7":"category-entertainment","8":"tag-eire","9":"tag-entertainment","10":"tag-ie","11":"tag-ireland"},"share_on_mastodon":{"url":"https:\/\/pubeurope.com\/@ie\/115897128980294365","error":""},"_links":{"self":[{"href":"https:\/\/www.europesays.com\/ie\/wp-json\/wp\/v2\/posts\/285084","targetHints":{"allow":["GET"]}}],"collection":[{"href":"https:\/\/www.europesays.com\/ie\/wp-json\/wp\/v2\/posts"}],"about":[{"href":"https:\/\/www.europesays.com\/ie\/wp-json\/wp\/v2\/types\/post"}],"author":[{"embeddable":true,"href":"https:\/\/www.europesays.com\/ie\/wp-json\/wp\/v2\/users\/2"}],"replies":[{"embeddable":true,"href":"https:\/\/www.europesays.com\/ie\/wp-json\/wp\/v2\/comments?post=285084"}],"version-history":[{"count":0,"href":"https:\/\/www.europesays.com\/ie\/wp-json\/wp\/v2\/posts\/285084\/revisions"}],"wp:featuredmedia":[{"embeddable":true,"href":"https:\/\/www.europesays.com\/ie\/wp-json\/wp\/v2\/media\/285085"}],"wp:attachment":[{"href":"https:\/\/www.europesays.com\/ie\/wp-json\/wp\/v2\/media?parent=285084"}],"wp:term":[{"taxonomy":"category","embeddable":true,"href":"https:\/\/www.europesays.com\/ie\/wp-json\/wp\/v2\/categories?post=285084"},{"taxonomy":"post_tag","embeddable":true,"href":"https:\/\/www.europesays.com\/ie\/wp-json\/wp\/v2\/tags?post=285084"}],"curies":[{"name":"wp","href":"https:\/\/api.w.org\/{rel}","templated":true}]}}