{"id":287947,"date":"2026-01-16T18:31:06","date_gmt":"2026-01-16T18:31:06","guid":{"rendered":"https:\/\/www.europesays.com\/ie\/287947\/"},"modified":"2026-01-16T18:31:06","modified_gmt":"2026-01-16T18:31:06","slug":"galway-city-council-on-the-brink-of-deal-for-palas-connacht-tribune","status":"publish","type":"post","link":"https:\/\/www.europesays.com\/ie\/287947\/","title":{"rendered":"Galway City Council on the brink of deal for P\u00e1l\u00e1s &#8211; Connacht Tribune"},"content":{"rendered":"\n<p>Galway City Council is nearing a deal to secure the future operation of P\u00e1l\u00e1s Cinema, the Galway City Tribune understands.<\/p>\n<p>Councillors are due to be presented with a proposal for the jinxed arthouse cinema in February \u2014 a year after the doors closed when its former operators, Element Pictures, pulled out citing mounting losses.<\/p>\n<p>Following an \u2018expression of interest\u2019 process, 10 formal submissions were received by the Council and it\u2019s believed that a preferred candidate to take over the lease for the building has now been identified.<\/p>\n<p>It is also understood that the new operator will run P\u00e1l\u00e1s as a cinema, with final negotiations over the terms still ongoing.<\/p>\n<p>Element, who also run the Light House Cinema in Dublin, withdrew from their lease last February, announcing they could no longer sustain ongoing losses which they said amounted to around \u20ac250,000 per annum \u2014 despite only paying a \u2018peppercorn\u2019 rent.<\/p>\n<p>A City Council-commissioned independent review last year determined that the cinema needed 32,000 more admissions a year just to break even.<\/p>\n<p>Since its closure, the building has been used sporadically for events including the Film Fleadh and Comedy Festival.<\/p>\n<p>Cllr N\u00edall McNelis (Lab) said details of the future plans for the P\u00e1l\u00e1s were yet to be unveiled to councillors but \u201cwe have been told that negotiations are ongoing.<\/p>\n<p>\u201cMy understanding is that there is no agreement signed yet,\u201d he said.<\/p>\n<p>The cinema must retain an arthouse element, said Cllr McNelis, and play an important role in supporting the film industry in the West of Ireland.<\/p>\n<p>\u201cBut not another penny of Council money should be spent on it,\u201d he said.<\/p>\n<p>Galway\u2019s arthouse project has been plagued by issues for almost two decades, since Galway City Council paid out \u20ac1.9 million for its site on Merchant\u2019s Road.<\/p>\n<p>Solas, the original project promoters, a charity chaired by Lelia Doolan, received over \u20ac7 million from public sector bodies. The project ran around \u20ac3 million overbudget and was delivered nearly nine years late in 2018.<\/p>\n<p>The Charities Regulator issued a damning verdict on the project in 2018, criticising accounting practices, oversight, corporate governance and the lack of skills and competence of Solas-Galway Picture Palace Teoranta to manage such a big project.<\/p>\n<p>Similar concerns were echoed by the Comptroller and Auditor General (C&amp;AG), and the Public Accounts Committee (PAC), where TDs labelled the cinema a \u201cwaste of public money\u201d.<\/p>\n","protected":false},"excerpt":{"rendered":"Galway City Council is nearing a deal to secure the future operation of P\u00e1l\u00e1s Cinema, the Galway City&hellip;\n","protected":false},"author":2,"featured_media":287948,"comment_status":"","ping_status":"","sticky":false,"template":"","format":"standard","meta":{"footnotes":""},"categories":[75],"tags":[18,117,43528,19,17,5],"class_list":{"0":"post-287947","1":"post","2":"type-post","3":"status-publish","4":"format-standard","5":"has-post-thumbnail","7":"category-entertainment","8":"tag-eire","9":"tag-entertainment","10":"tag-galway-city-tribune","11":"tag-ie","12":"tag-ireland","13":"tag-news"},"share_on_mastodon":{"url":"https:\/\/pubeurope.com\/@ie\/115906208499612916","error":""},"_links":{"self":[{"href":"https:\/\/www.europesays.com\/ie\/wp-json\/wp\/v2\/posts\/287947","targetHints":{"allow":["GET"]}}],"collection":[{"href":"https:\/\/www.europesays.com\/ie\/wp-json\/wp\/v2\/posts"}],"about":[{"href":"https:\/\/www.europesays.com\/ie\/wp-json\/wp\/v2\/types\/post"}],"author":[{"embeddable":true,"href":"https:\/\/www.europesays.com\/ie\/wp-json\/wp\/v2\/users\/2"}],"replies":[{"embeddable":true,"href":"https:\/\/www.europesays.com\/ie\/wp-json\/wp\/v2\/comments?post=287947"}],"version-history":[{"count":0,"href":"https:\/\/www.europesays.com\/ie\/wp-json\/wp\/v2\/posts\/287947\/revisions"}],"wp:featuredmedia":[{"embeddable":true,"href":"https:\/\/www.europesays.com\/ie\/wp-json\/wp\/v2\/media\/287948"}],"wp:attachment":[{"href":"https:\/\/www.europesays.com\/ie\/wp-json\/wp\/v2\/media?parent=287947"}],"wp:term":[{"taxonomy":"category","embeddable":true,"href":"https:\/\/www.europesays.com\/ie\/wp-json\/wp\/v2\/categories?post=287947"},{"taxonomy":"post_tag","embeddable":true,"href":"https:\/\/www.europesays.com\/ie\/wp-json\/wp\/v2\/tags?post=287947"}],"curies":[{"name":"wp","href":"https:\/\/api.w.org\/{rel}","templated":true}]}}