{"id":299816,"date":"2026-01-23T17:21:09","date_gmt":"2026-01-23T17:21:09","guid":{"rendered":"https:\/\/www.europesays.com\/ie\/299816\/"},"modified":"2026-01-23T17:21:09","modified_gmt":"2026-01-23T17:21:09","slug":"the-bar-the-bogus-cocaine-deal-and-spains-battle-with-its-deep-state-the-irish-times","status":"publish","type":"post","link":"https:\/\/www.europesays.com\/ie\/299816\/","title":{"rendered":"The bar, the bogus cocaine deal and Spain\u2019s battle with its \u2018deep state\u2019 \u2013 The Irish Times"},"content":{"rendered":"<p class=\"c-paragraph paywall \">Nueva Visi\u00f3n is a small bar in central <a href=\"https:\/\/www.irishtimes.com\/tags\/spain\/\" target=\"_blank\" rel=\"noreferrer nofollow noopener\" title=\"https:\/\/www.irishtimes.com\/tags\/spain\/\">Madrid<\/a>, with \u201cRamones Fan Club\u201d spray-painted on its outside shutters. <\/p>\n<p class=\"c-paragraph paywall \">It is just one of dozens of establishments in the Malasa\u00f1a district of the city. <\/p>\n<p class=\"c-paragraph paywall \">But what sets Nueva Visi\u00f3n apart is that it was at the centre of an apparent deep-state plot involving upstart left-wing politicians, senior police officers and outlandish claims about a hoard of cocaine.<\/p>\n<p class=\"c-paragraph paywall \">Ten years on, this plot, along with others casting elements of the Spanish security forces in a sinister light, have finally reached the courts.<\/p>\n<p class=\"c-paragraph paywall \">In early 2016, the new left-wing party <a href=\"https:\/\/www.irishtimes.com\/world\/europe\/2024\/01\/19\/bittersweet-birthday-for-spains-podemos\/\" target=\"_blank\" rel=\"noreferrer nofollow noopener\" title=\"https:\/\/www.irishtimes.com\/world\/europe\/2024\/01\/19\/bittersweet-birthday-for-spains-podemos\/\">Podemos<\/a> had just won 69 parliamentary seats in the general election, making it the third-biggest force and breaking the duopoly of conservatives and Socialists which had lasted for four decades.<\/p>\n<p class=\"c-paragraph paywall \">In January of that year, the police\u2019s terrorism and organised crime unit opened an investigation into Miguel Urb\u00e1n, one of the co-founders of the party, leader of its anti-capitalist wing and an MEP, on suspicion of selling a large quantity of cocaine in a flat above the Nueva Visi\u00f3n bar one evening.<\/p>\n<p class=\"c-paragraph paywall \">According to one witness cited in the police report, Urb\u00e1n celebrated the deal afterwards by throwing \u201ca bag of cocaine on to the bar and inviting anybody who wanted some [to consume it].\u201d<\/p>\n<p class=\"c-paragraph paywall \">The same witness is quoted as saying: \u201cUrb\u00e1n said he had done Spain a favour, that he had sold 40 kilos of cocaine from Venezuela and that it was to pay off party expenses.\u201d<\/p>\n<p class=\"c-paragraph paywall \">However, the allegations turned out to be completely false. Urb\u00e1n says he has never been to the bar in question, which has since closed, or to Venezuela and was on a European Parliament trip when the supposed deal happened.<\/p>\n<p class=\"c-paragraph paywall \">\u201cThey spent a year putting together this farce, according to which they claimed I was the boss of an international drug-trafficking ring between Venezuela and Spain,\u201d Urb\u00e1n told The Irish Times. \u201cThey might at least have tried to frame me with something a bit more realistic.\u201d<\/p>\n<p><img decoding=\"async\" data-chromatic=\"ignore\" alt=\"Former MEP Miguel Urb&#xE1;n. Photograph: Lito Lizana\/SOPA Images\/LightRocket via Getty Images\" class=\"c-image\" loading=\"lazy\" src=\"https:\/\/www.europesays.com\/ie\/wp-content\/uploads\/2026\/01\/3GGID2LR2VBMVGMW2LZ33TROBU.jpg\"   width=\"800\" height=\"533\"\/>Former MEP Miguel Urb\u00e1n. Photograph: Lito Lizana\/SOPA Images\/LightRocket via Getty Images <\/p>\n<p class=\"c-paragraph paywall \">The drug probe was closed six months later due to lack of evidence. However, those behind it could, finally, be facing the consequences.<\/p>\n<p class=\"c-paragraph paywall \">This week, Urb\u00e1n appeared as a witness before a national court judge who is investigating allegations that the police fabricated the case against him. Several former senior police officers also faced questioning.<\/p>\n<p class=\"c-paragraph paywall \">Urb\u00e1n believes the drug investigation was an attempt to discredit Podemos, whose meteoric success had sent shock waves through Spain\u2019s government and other institutions. <\/p>\n<p class=\"c-paragraph paywall \">\u201cWhen you start to question or touch the foundations of the privileged who are in power, those in power defend themselves,\u201d he said. \u201cAnd they defend themselves extrajudicially, illegally, and outside the bounds of democracy.\u201d<\/p>\n<p class=\"c-paragraph b-it-article-body__interstitial-link\">[\u00a0<a aria-label=\"Open related story\" class=\"c-link\" href=\"https:\/\/www.irishtimes.com\/world\/europe\/2024\/01\/19\/bittersweet-birthday-for-spains-podemos\/\" rel=\"noreferrer nofollow noopener\" target=\"_blank\">Bittersweet birthday for Spain\u2019s PodemosOpens in new window<\/a>\u00a0]<\/p>\n<p class=\"c-paragraph paywall \">This may sound like paranoia. But the bogus cocaine case was just one of several police probes into the leadership of Podemos at the time, all of which turned out to be baseless. <\/p>\n<p class=\"c-paragraph paywall \">\u201cWhat we suffered in those years no political organisation in this country has suffered,\u201d said Urb\u00e1n, who has not been an MEP since 2024 and is no longer in Podemos, whose support has dropped substantially.<\/p>\n<p class=\"c-paragraph paywall \">The same month that the probe into Urb\u00e1n began, the police also opened an investigation into the then leader of Podemos, Pablo Iglesias, for allegedly receiving payments worth \u20ac2 million from the Iranian government, a claim that also turned out to be false. <\/p>\n<p class=\"c-paragraph paywall \">In addition, the police investigated Iglesias for allegedly receiving a payment of $272,000 from Venezuela\u2019s then president, Nicol\u00e1s Maduro, to a bank account in a tax haven in the Grenadine islands. Officers travelled to New York to interview a former member of the Venezuelan government as a potential witness, but again the accusations proved to be false.<\/p>\n<p class=\"c-paragraph paywall \">In each case, some media were also involved, publishing the false allegations as fact.<\/p>\n<p class=\"c-paragraph paywall \">Jos\u00e9 Luis Olivera, head of the terrorism and organised crime unit at the time, and who is due to testify as part of the probe, has denied any wrongdoing. Last year, he told a congressional committee investigating the alleged smear campaign: \u201cYou will never see me put false evidence before a judge or a court, knowing that it was false.\u201d<\/p>\n<p class=\"c-paragraph paywall \">However, the probe into these activities has already suggested a link with the People\u2019s Party (PP) government of then prime minister Mariano Rajoy. <\/p>\n<p><img decoding=\"async\" data-chromatic=\"ignore\" alt=\"Former Spanish prime minister Mariano Rajoy. Photograph: Thomas Coex\/AFP\/Getty Images\" class=\"c-image\" loading=\"lazy\" src=\"https:\/\/www.europesays.com\/ie\/wp-content\/uploads\/2026\/01\/NII4RHPU43FRSROE6JGGGTIPPA.jpg\"   width=\"800\" height=\"533\"\/>Former Spanish prime minister Mariano Rajoy. Photograph: Thomas Coex\/AFP\/Getty Images <\/p>\n<p class=\"c-paragraph paywall \">Text messages which have come to light show Francisco Mart\u00ednez, the then secretary of state for security, urging a senior officer to trawl through the past of Podemos\u2019s 69 congressional representatives, saying: \u201cOne of them has to be dodgy\u201d. <\/p>\n<p class=\"c-paragraph paywall \">Mart\u00ednez and his boss, the former interior minister Jorge Fern\u00e1ndez D\u00edaz, are due to go on trial in April for a separate case in which they and several former police officers, including Olivera, are accused of attempting to steal evidence that implicated the PP in systemic corruption.<\/p>\n<p class=\"c-paragraph paywall \">Meanwhile, a parliamentary committee is investigating claims that Rajoy\u2019s government attempted to undermine the Catalan independence movement by seeking or fabricating damaging material about separatist leaders.<\/p>\n<p class=\"c-paragraph paywall \">Ignacio Escolar, editor of <a href=\"https:\/\/www.eldiario.es\/\" target=\"_blank\" rel=\"noreferrer nofollow noopener\" title=\"https:\/\/www.eldiario.es\/\">elDiario.es<\/a>, a left-leaning news site which has reported extensively on Spain\u2019s deep-state apparatus, described all these activities, as being part of \u201ca corrupt and efficient network\u201d.<\/p>\n<p class=\"c-paragraph paywall \">\u201cIt was something that should be unacceptable in a normal democracy,\u201d he said.<\/p>\n","protected":false},"excerpt":{"rendered":"Nueva Visi\u00f3n is a small bar in central Madrid, with \u201cRamones Fan Club\u201d spray-painted on its outside shutters.&hellip;\n","protected":false},"author":2,"featured_media":299817,"comment_status":"","ping_status":"","sticky":false,"template":"","format":"standard","meta":{"footnotes":""},"categories":[41],"tags":[9,10,13,14,6,11,12,15,16,5,383,7,8,65,66,67],"class_list":{"0":"post-299816","1":"post","2":"type-post","3":"status-publish","4":"format-standard","5":"has-post-thumbnail","7":"category-world","8":"tag-breaking-news","9":"tag-breakingnews","10":"tag-featured-news","11":"tag-featurednews","12":"tag-headlines","13":"tag-latest-news","14":"tag-latestnews","15":"tag-main-news","16":"tag-mainnews","17":"tag-news","18":"tag-spain","19":"tag-top-stories","20":"tag-topstories","21":"tag-world","22":"tag-world-news","23":"tag-worldnews"},"share_on_mastodon":{"url":"https:\/\/pubeurope.com\/@ie\/115945569323251028","error":""},"_links":{"self":[{"href":"https:\/\/www.europesays.com\/ie\/wp-json\/wp\/v2\/posts\/299816","targetHints":{"allow":["GET"]}}],"collection":[{"href":"https:\/\/www.europesays.com\/ie\/wp-json\/wp\/v2\/posts"}],"about":[{"href":"https:\/\/www.europesays.com\/ie\/wp-json\/wp\/v2\/types\/post"}],"author":[{"embeddable":true,"href":"https:\/\/www.europesays.com\/ie\/wp-json\/wp\/v2\/users\/2"}],"replies":[{"embeddable":true,"href":"https:\/\/www.europesays.com\/ie\/wp-json\/wp\/v2\/comments?post=299816"}],"version-history":[{"count":0,"href":"https:\/\/www.europesays.com\/ie\/wp-json\/wp\/v2\/posts\/299816\/revisions"}],"wp:featuredmedia":[{"embeddable":true,"href":"https:\/\/www.europesays.com\/ie\/wp-json\/wp\/v2\/media\/299817"}],"wp:attachment":[{"href":"https:\/\/www.europesays.com\/ie\/wp-json\/wp\/v2\/media?parent=299816"}],"wp:term":[{"taxonomy":"category","embeddable":true,"href":"https:\/\/www.europesays.com\/ie\/wp-json\/wp\/v2\/categories?post=299816"},{"taxonomy":"post_tag","embeddable":true,"href":"https:\/\/www.europesays.com\/ie\/wp-json\/wp\/v2\/tags?post=299816"}],"curies":[{"name":"wp","href":"https:\/\/api.w.org\/{rel}","templated":true}]}}