{"id":31128,"date":"2025-08-29T16:47:08","date_gmt":"2025-08-29T16:47:08","guid":{"rendered":"https:\/\/www.europesays.com\/ie\/31128\/"},"modified":"2025-08-29T16:47:08","modified_gmt":"2025-08-29T16:47:08","slug":"third-arrest-expected-in-year-long-investigation-into-boys-disappearance-the-irish-times","status":"publish","type":"post","link":"https:\/\/www.europesays.com\/ie\/31128\/","title":{"rendered":"third arrest expected in year-long investigation into boy\u2019s disappearance \u2013 The Irish Times"},"content":{"rendered":"<p class=\"c-paragraph paywall \">Detectives investigating the disappearance and assumed murder of Co Louth boy <a href=\"https:\/\/www.irishtimes.com\/tags\/kyran-durnin\" target=\"_self\" rel=\"nofollow noopener\" title=\"https:\/\/www.irishtimes.com\/tags\/kyran-durnin\">Kyran Durnin<\/a> are planning a third arrest in the case. The Irish Times understands evidence is being gathered in the current phase of the year-long inquiry to lay the ground for the arrest.<\/p>\n<p class=\"c-paragraph paywall \">The person facing arrest is not suspected of direct involvement in the boy\u2019s killing. However, garda\u00ed strongly suspect they made significant efforts to frustrate the inquiry, to the point of committing a criminal offence. <\/p>\n<p class=\"c-paragraph paywall \">Murder detectives also suspect the person has crucial information about what happened to Kyran and about his life in the period before he vanished. <\/p>\n<p class=\"c-paragraph paywall \">Marking exactly one year since Kyran, and his mother Dayla Durnin, were reported missing, garda\u00ed have issued an appeal for people with information to come forward. <\/p>\n<p class=\"c-paragraph paywall \">\u201cDespite extensive and ongoing enquiries carried out by Garda\u00ed to date, An Garda S\u00edoch\u00e1na have been unable to locate Kyran or determine what has happened to Kyran,\u201d the Garda said.<\/p>\n<p class=\"c-paragraph paywall \">To date over 570 investigative tasks have been undertaken, two suspects arrested and three properties, in Drogheda and Dundalk, subjected to intrusive searches. More that 29,500 hours of CCTV footage has been gathered for review, in a process that was ongoing.<\/p>\n<p class=\"c-paragraph b-it-article-body__interstitial-link\">[\u00a0<a aria-label=\"Open related story\" class=\"c-link\" href=\"https:\/\/www.irishtimes.com\/crime-law\/2025\/08\/29\/gardai-issue-new-appeal-for-information-a-year-after-kyran-durnin-reported-missing\/\" rel=\"noreferrer nofollow noopener\" target=\"_blank\">Kyran Durnin investigation: New appeal issued for information on missing schoolboyOpens in new window<\/a>\u00a0]<\/p>\n<p class=\"c-paragraph paywall \">The last confirmed sighting of Kyran in public was at the start of the summer in 2022, when he was six years old, at his national school in Dundalk. However, staff there had been told he was planning to go to school in the North the following year, meaning when he did not return in September it did not arouse suspicion.<\/p>\n<p class=\"c-paragraph paywall \">Garda\u00ed have been unable to find any evidence Kyran was alive after the period of early summer 2022. No new images of him were shared on social media and there is no evidence of birthday or Christmas presents having been bought for him. <\/p>\n<p class=\"c-paragraph paywall \">Garda\u00ed believe Kyran was killed in about June 2022 and that his remains were disposed of to conceal what had happened. However, more than two years elapsed before the alarm was raised.<\/p>\n<p class=\"c-paragraph paywall \">Tusla, the child and family agency, had made several efforts last year to see the boy to check on his welfare. On August 29th last year, having been unable to locate the boy, Tusla flagged their concerns for his welfare with garda\u00ed. A member of Kyran\u2019s extended family went to the garda\u00ed the following day and made a missing person\u2019s report, claiming Kyran and his mother had just vanished a day earlier.<\/p>\n<p class=\"c-paragraph paywall \">Garda\u00ed immediately began a missing persons inquiry, and eventually located Dayla Durnin. However, when no evidence could be found Kyran was alive, the case was upgraded to a murder inquiry in mid October. <\/p>\n<p class=\"c-paragraph paywall \">Last December a man and a woman were arrested for questioning on suspicion of Kyran\u2019s murder but were released without charge. The arrested man, Anthony Maguire (36), from Drogheda, was friendly with members of Kyran\u2019s family, and would have had access to the boy. However, he strongly denied any involvement in Kyran\u2019s death. Days after being questioned and released he took his own life.<\/p>\n","protected":false},"excerpt":{"rendered":"Detectives investigating the disappearance and assumed murder of Co Louth boy Kyran Durnin are planning a third arrest&hellip;\n","protected":false},"author":2,"featured_media":31129,"comment_status":"","ping_status":"","sticky":false,"template":"","format":"standard","meta":{"footnotes":""},"categories":[40],"tags":[956,9,10,18,13,14,6,19,17,24600,11,12,23664,15,16,5,7,8],"class_list":{"0":"post-31128","1":"post","2":"type-post","3":"status-publish","4":"format-standard","5":"has-post-thumbnail","7":"category-ireland","8":"tag-an-garda-siochana","9":"tag-breaking-news","10":"tag-breakingnews","11":"tag-eire","12":"tag-featured-news","13":"tag-featurednews","14":"tag-headlines","15":"tag-ie","16":"tag-ireland","17":"tag-kyran-durnin","18":"tag-latest-news","19":"tag-latestnews","20":"tag-louth","21":"tag-main-news","22":"tag-mainnews","23":"tag-news","24":"tag-top-stories","25":"tag-topstories"},"share_on_mastodon":{"url":"","error":""},"_links":{"self":[{"href":"https:\/\/www.europesays.com\/ie\/wp-json\/wp\/v2\/posts\/31128","targetHints":{"allow":["GET"]}}],"collection":[{"href":"https:\/\/www.europesays.com\/ie\/wp-json\/wp\/v2\/posts"}],"about":[{"href":"https:\/\/www.europesays.com\/ie\/wp-json\/wp\/v2\/types\/post"}],"author":[{"embeddable":true,"href":"https:\/\/www.europesays.com\/ie\/wp-json\/wp\/v2\/users\/2"}],"replies":[{"embeddable":true,"href":"https:\/\/www.europesays.com\/ie\/wp-json\/wp\/v2\/comments?post=31128"}],"version-history":[{"count":0,"href":"https:\/\/www.europesays.com\/ie\/wp-json\/wp\/v2\/posts\/31128\/revisions"}],"wp:featuredmedia":[{"embeddable":true,"href":"https:\/\/www.europesays.com\/ie\/wp-json\/wp\/v2\/media\/31129"}],"wp:attachment":[{"href":"https:\/\/www.europesays.com\/ie\/wp-json\/wp\/v2\/media?parent=31128"}],"wp:term":[{"taxonomy":"category","embeddable":true,"href":"https:\/\/www.europesays.com\/ie\/wp-json\/wp\/v2\/categories?post=31128"},{"taxonomy":"post_tag","embeddable":true,"href":"https:\/\/www.europesays.com\/ie\/wp-json\/wp\/v2\/tags?post=31128"}],"curies":[{"name":"wp","href":"https:\/\/api.w.org\/{rel}","templated":true}]}}